{"id":107033,"date":"2025-05-08T17:43:43","date_gmt":"2025-05-08T15:43:43","guid":{"rendered":"https:\/\/www.coflaspalmas.es\/?p=107033"},"modified":"2025-11-12T10:11:28","modified_gmt":"2025-11-12T09:11:28","slug":"los-farmaceuticos-se-reivindican-como-parte-de-la-solucion-del-sistema-nacional-de-salud-copia","status":"publish","type":"post","link":"https:\/\/www.coflaspalmas.es\/fr\/los-farmaceuticos-se-reivindican-como-parte-de-la-solucion-del-sistema-nacional-de-salud-copia\/","title":{"rendered":"Les pharmaciens se positionnent comme faisant partie de la solution du Syst\u00e8me National de Sant\u00e9"},"content":{"rendered":"<p><span style=\"font-family: helvetica, arial, sans-serif;\">Le r\u00f4le que jouent les pharmaciens dans diff\u00e9rents domaines, du bureau de pharmacie \u00e0 la distribution, en passant par la sant\u00e9 publique, les h\u00f4pitaux et la recherche, a \u00e9t\u00e9 d\u00e9fendu lors des X Journ\u00e9es Pharmaceutiques Canaries qui, organis\u00e9es par le Conseil des Coll\u00e8ges Pharmaceutiques des Canaries (COFCAN), se d\u00e9roulent \u00e0 partir d'aujourd'hui et jusqu'\u00e0 samedi prochain, \u00e0 Lanzarote, avec la participation de pr\u00e8s de 200 pharmaciens de toutes les communaut\u00e9s autonomes et sous le slogan \u201c Pour une pharmacie globale avec une plus grande capacit\u00e9 d'assistance \u201d.<\/span><\/p>\n<p><span style=\"font-family: helvetica, arial, sans-serif;\">La pr\u00e9sidente du COFCAN, Loreto G\u00f3mez, a soulign\u00e9 que \u201c les pharmaciens peuvent \u00eatre la r\u00e9ponse \u00e0 de nombreux probl\u00e8mes du syst\u00e8me de sant\u00e9 national et aussi faire partie de la solution \u201d, tandis que le vice-pr\u00e9sident, Manuel \u00c1ngel Galv\u00e1n, a mis en avant la capacit\u00e9 du collectif \u00e0 \u201c faire un pas en avant face \u00e0 l'adversit\u00e9 \u201d.<\/span><\/p>\n<p><span style=\"font-family: helvetica, arial, sans-serif;\"><img loading=\"lazy\" decoding=\"async\" class=\"wp-image-107053 alignleft\" src=\"https:\/\/www.coflaspalmas.es\/wp-content\/uploads\/2025\/05\/Q6A6120-300x200.jpg\" alt=\"\" width=\"451\" height=\"300\" \/>\u201c La pharmacie de soins \u201d, a d\u00e9clar\u00e9 Loreto G\u00f3mez, \u201c est une ressource essentielle pour les soins de sant\u00e9 espagnols, comme elle l'est d\u00e9j\u00e0 pour les syst\u00e8mes de sant\u00e9 de nombreux pays du monde \u201d, et elle a soulign\u00e9 le potentiel du r\u00e9seau pharmaceutique pour r\u00e9pondre aux besoins soci\u00e9taux et sanitaires.<\/span><br \/>\n<span style=\"font-family: helvetica, arial, sans-serif;\">Pour sa part, le directeur g\u00e9n\u00e9ral de la Sant\u00e9 publique du Service de sant\u00e9 des Canaries, Jos\u00e9 D\u00edaz Flores, qui a ouvert et cl\u00f4tur\u00e9 ces journ\u00e9es, a soulign\u00e9 le r\u00f4le de plus en plus important que les pharmaciens jouent dans la transformation du syst\u00e8me de sant\u00e9 vers un mod\u00e8le plus humain et de meilleure qualit\u00e9 de soins.<\/span><\/p>\n<p><span style=\"font-family: helvetica, arial, sans-serif;\">\u201c Les pharmaciens, en tant que professionnels accessibles et bien form\u00e9s, jouent un r\u00f4le essentiel dans la promotion de saines habitudes au sein de la population \u201d, et \u00e0 cet \u00e9gard, il a soulign\u00e9 plusieurs projets sur lesquels travaille le D\u00e9partement de la Sant\u00e9 en collaboration avec les ordres professionnels des Canaries, en particulier ceux li\u00e9s \u00e0 la vaccination.<\/span><\/p>\n<p><strong><span style=\"font-family: helvetica, arial, sans-serif;\">Interlocuteurs privil\u00e9gi\u00e9s<\/span><\/strong><\/p>\n<p><span style=\"font-family: helvetica, arial, sans-serif;\">\u201c Les plus de 3500 pharmaciens inscrits au registre professionnel des Canaries ne connaissent pas seulement les traitements de nos patients, mais aussi leurs peurs et leurs doutes. Par cons\u00e9quent, ce sont des interlocuteurs privil\u00e9gi\u00e9s pour favoriser la confiance dans les vaccins et leur importance dans la protection de la sant\u00e9 individuelle et collective \u201d, a-t-il soulign\u00e9. <\/span><\/p>\n<p><span style=\"font-family: helvetica, arial, sans-serif;\">Le pr\u00e9sident du Conseil g\u00e9n\u00e9ral des Ordres des pharmaciens, Jes\u00fas Aguilar, a soulign\u00e9 le travail conjoint des Ordres officiels des pharmaciens de Las Palmas et de Santa Cruz de Tenerife avec l'Administration pour promouvoir la mise en \u0153uvre de la prescription \u00e9lectronique interop\u00e9rable, le projet de communication entre les pharmacies et les centres de sant\u00e9 ou les programmes de lutte contre le tabagisme.<\/span><\/p>\n<p><span style=\"font-family: helvetica, arial, sans-serif;\"><img loading=\"lazy\" decoding=\"async\" class=\"wp-image-107054 alignright\" src=\"https:\/\/www.coflaspalmas.es\/wp-content\/uploads\/2025\/05\/Q6A6216-Mejorado-NR-300x200.jpg\" alt=\"\" width=\"452\" height=\"301\" \/>Ces r\u00e9alisations, a-t-il soulign\u00e9, acqui\u00e8rent \u00ab encore plus de valeur \u00bb si l'on tient compte de l'environnement dans lequel elles se d\u00e9roulent, avec des \u00ab particularit\u00e9s uniques \u00bb telles que l'insularit\u00e9, la dispersion g\u00e9ographique et la diversit\u00e9 de la population.<\/span><\/p>\n<p><span style=\"font-family: helvetica, arial, sans-serif;\">\u00ab Continuons \u00e0 b\u00e2tir, depuis les Canaries, une Pharmacie plus globale, plus assistancielle et plus humaine, qui accompagne, \u00e9coute et transforme la sant\u00e9 de notre soci\u00e9t\u00e9 \u00bb, a soulign\u00e9 le pr\u00e9sident du Conseil g\u00e9n\u00e9ral.<\/span><\/p>\n<p><span style=\"font-family: helvetica, arial, sans-serif;\">Lors de son intervention, Manuel \u00c1ngel Galv\u00e1n a compar\u00e9 les professionnels de la pharmacie \u00e0 Lanzarote \u2013 \u00eele o\u00f9 se tiennent les journ\u00e9es \u2013, soulignant qu'ils sont \u201c un rare exemple qui se grandit dans l'adversit\u00e9 \u201d, citant en exemples ce qui s'est pass\u00e9 \u00e0 La Palma avec le volcan, la DANA \u00e0 Valence ou la pand\u00e9mie de Covid-19 au niveau national.<\/span><\/p>\n<p><span style=\"font-family: helvetica, arial, sans-serif;\">Il a ajout\u00e9 que \u201c sans le mod\u00e8le pharmaceutique actuel, cela ne serait pas possible \u201d, et a soulign\u00e9 que, gr\u00e2ce \u00e0 cela, \u201c les citoyens des diff\u00e9rentes \u00eeles ou villages des Canaries ont acc\u00e8s au m\u00eame service de conseil sanitaire, de m\u00e9dicaments et, souvent aussi, de r\u00e9confort \u201d.<\/span><\/p>\n<p><img loading=\"lazy\" decoding=\"async\" class=\"alignnone size-medium wp-image-107057\" src=\"https:\/\/www.coflaspalmas.es\/wp-content\/uploads\/2025\/05\/Q6A5835-Mejorado-NR-300x200.jpg\" alt=\"\" width=\"300\" height=\"200\" \/> \u00a0<img loading=\"lazy\" decoding=\"async\" class=\"alignnone size-medium wp-image-107056\" src=\"https:\/\/www.coflaspalmas.es\/wp-content\/uploads\/2025\/05\/Q6A5778-Mejorado-NR-300x200.jpg\" alt=\"\" width=\"300\" height=\"200\" \/>\u00a0 <img loading=\"lazy\" decoding=\"async\" class=\"alignnone size-medium wp-image-107055\" src=\"https:\/\/www.coflaspalmas.es\/wp-content\/uploads\/2025\/05\/Q6A6237-Mejorado-NR-300x200.jpg\" alt=\"\" width=\"300\" height=\"200\" \/><\/p>","protected":false},"excerpt":{"rendered":"<p>El papel que los farmac\u00e9uticos tienen en diferentes espacios, desde la oficina de farmacia a la distribuci\u00f3n, pasando por Salud P\u00fablica, hospitales e investigaci\u00f3n, ha sido reivindicado en las X Jornadas Farmac\u00e9uticas Canarias que, organizadas por el Consejo de Colegios Farmac\u00e9uticos de Canarias (COFCAN), se celebran desde hoy y hasta el pr\u00f3ximo s\u00e1bado, en Lanzarote, [&hellip;]<\/p>\n","protected":false},"author":2427,"featured_media":26046333,"comment_status":"closed","ping_status":"closed","sticky":false,"template":"","format":"standard","meta":{"_et_pb_use_builder":"","_et_pb_old_content":"","_et_gb_content_width":"","footnotes":""},"categories":[247,11],"tags":[],"class_list":["post-107033","post","type-post","status-publish","format-standard","has-post-thumbnail","hentry","category-boletin-2025","category-noticias"],"yoast_head":"<!-- This site is optimized with the Yoast SEO plugin v24.7 - https:\/\/yoast.com\/wordpress\/plugins\/seo\/ -->\n<title>Los farmac\u00e9uticos se reivindican como parte de la soluci\u00f3n del Sistema Nacional de Salud - COFLP<\/title>\n<meta name=\"robots\" content=\"index, follow, max-snippet:-1, max-image-preview:large, max-video-preview:-1\" \/>\n<link rel=\"canonical\" href=\"https:\/\/www.coflaspalmas.es\/fr\/los-farmaceuticos-se-reivindican-como-parte-de-la-solucion-del-sistema-nacional-de-salud-copia\/\" \/>\n<meta property=\"og:locale\" content=\"fr_FR\" \/>\n<meta property=\"og:type\" content=\"article\" \/>\n<meta property=\"og:title\" content=\"Los farmac\u00e9uticos se reivindican como parte de la soluci\u00f3n del Sistema Nacional de Salud - COFLP\" \/>\n<meta property=\"og:description\" content=\"El papel que los farmac\u00e9uticos tienen en diferentes espacios, desde la oficina de farmacia a la distribuci\u00f3n, pasando por Salud P\u00fablica, hospitales e investigaci\u00f3n, ha sido reivindicado en las X Jornadas Farmac\u00e9uticas Canarias que, organizadas por el Consejo de Colegios Farmac\u00e9uticos de Canarias (COFCAN), se celebran desde hoy y hasta el pr\u00f3ximo s\u00e1bado, en Lanzarote, [&hellip;]\" \/>\n<meta property=\"og:url\" content=\"https:\/\/www.coflaspalmas.es\/fr\/los-farmaceuticos-se-reivindican-como-parte-de-la-solucion-del-sistema-nacional-de-salud-copia\/\" \/>\n<meta property=\"og:site_name\" content=\"COFLP\" \/>\n<meta property=\"article:published_time\" content=\"2025-05-08T15:43:43+00:00\" \/>\n<meta property=\"article:modified_time\" content=\"2025-11-12T09:11:28+00:00\" \/>\n<meta property=\"og:image\" content=\"https:\/\/www.coflaspalmas.es\/wp-content\/uploads\/2025\/05\/Q6A6493-Mejorado-NR-500x500-1.jpg?wsr\" \/>\n\t<meta property=\"og:image:width\" content=\"500\" \/>\n\t<meta property=\"og:image:height\" content=\"500\" \/>\n\t<meta property=\"og:image:type\" content=\"image\/jpeg\" \/>\n<meta name=\"author\" content=\"soporte\" \/>\n<meta name=\"twitter:card\" content=\"summary_large_image\" \/>\n<meta name=\"twitter:label1\" content=\"\u00c9crit par\" \/>\n\t<meta name=\"twitter:data1\" content=\"soporte\" \/>\n\t<meta name=\"twitter:label2\" content=\"Dur\u00e9e de lecture estim\u00e9e\" \/>\n\t<meta name=\"twitter:data2\" content=\"4 minutes\" \/>\n<script type=\"application\/ld+json\" class=\"yoast-schema-graph\">{\"@context\":\"https:\/\/schema.org\",\"@graph\":[{\"@type\":\"WebPage\",\"@id\":\"https:\/\/www.coflaspalmas.es\/los-farmaceuticos-se-reivindican-como-parte-de-la-solucion-del-sistema-nacional-de-salud-copia\/\",\"url\":\"https:\/\/www.coflaspalmas.es\/los-farmaceuticos-se-reivindican-como-parte-de-la-solucion-del-sistema-nacional-de-salud-copia\/\",\"name\":\"Los farmac\u00e9uticos se reivindican como parte de la soluci\u00f3n del Sistema Nacional de Salud - COFLP\",\"isPartOf\":{\"@id\":\"https:\/\/www.coflaspalmas.es\/#website\"},\"primaryImageOfPage\":{\"@id\":\"https:\/\/www.coflaspalmas.es\/los-farmaceuticos-se-reivindican-como-parte-de-la-solucion-del-sistema-nacional-de-salud-copia\/#primaryimage\"},\"image\":{\"@id\":\"https:\/\/www.coflaspalmas.es\/los-farmaceuticos-se-reivindican-como-parte-de-la-solucion-del-sistema-nacional-de-salud-copia\/#primaryimage\"},\"thumbnailUrl\":\"https:\/\/www.coflaspalmas.es\/wp-content\/uploads\/2025\/05\/Q6A6493-Mejorado-NR-500x500-1.jpg?wsr\",\"datePublished\":\"2025-05-08T15:43:43+00:00\",\"dateModified\":\"2025-11-12T09:11:28+00:00\",\"author\":{\"@id\":\"https:\/\/www.coflaspalmas.es\/#\/schema\/person\/ccf588cbe6c4345ebe4086a038142b96\"},\"breadcrumb\":{\"@id\":\"https:\/\/www.coflaspalmas.es\/los-farmaceuticos-se-reivindican-como-parte-de-la-solucion-del-sistema-nacional-de-salud-copia\/#breadcrumb\"},\"inLanguage\":\"fr-FR\",\"potentialAction\":[{\"@type\":\"ReadAction\",\"target\":[\"https:\/\/www.coflaspalmas.es\/los-farmaceuticos-se-reivindican-como-parte-de-la-solucion-del-sistema-nacional-de-salud-copia\/\"]}]},{\"@type\":\"ImageObject\",\"inLanguage\":\"fr-FR\",\"@id\":\"https:\/\/www.coflaspalmas.es\/los-farmaceuticos-se-reivindican-como-parte-de-la-solucion-del-sistema-nacional-de-salud-copia\/#primaryimage\",\"url\":\"https:\/\/www.coflaspalmas.es\/wp-content\/uploads\/2025\/05\/Q6A6493-Mejorado-NR-500x500-1.jpg?wsr\",\"contentUrl\":\"https:\/\/www.coflaspalmas.es\/wp-content\/uploads\/2025\/05\/Q6A6493-Mejorado-NR-500x500-1.jpg?wsr\",\"width\":500,\"height\":500},{\"@type\":\"BreadcrumbList\",\"@id\":\"https:\/\/www.coflaspalmas.es\/los-farmaceuticos-se-reivindican-como-parte-de-la-solucion-del-sistema-nacional-de-salud-copia\/#breadcrumb\",\"itemListElement\":[{\"@type\":\"ListItem\",\"position\":1,\"name\":\"Portada\",\"item\":\"https:\/\/www.coflaspalmas.es\/\"},{\"@type\":\"ListItem\",\"position\":2,\"name\":\"Los farmac\u00e9uticos se reivindican como parte de la soluci\u00f3n del Sistema Nacional de Salud\"}]},{\"@type\":\"WebSite\",\"@id\":\"https:\/\/www.coflaspalmas.es\/#website\",\"url\":\"https:\/\/www.coflaspalmas.es\/\",\"name\":\"COF Las Palmas\",\"description\":\"Colegio de Farmac\u00e9uticos Las Palmas.\",\"potentialAction\":[{\"@type\":\"SearchAction\",\"target\":{\"@type\":\"EntryPoint\",\"urlTemplate\":\"https:\/\/www.coflaspalmas.es\/?s={search_term_string}\"},\"query-input\":{\"@type\":\"PropertyValueSpecification\",\"valueRequired\":true,\"valueName\":\"search_term_string\"}}],\"inLanguage\":\"fr-FR\"},{\"@type\":\"Person\",\"@id\":\"https:\/\/www.coflaspalmas.es\/#\/schema\/person\/ccf588cbe6c4345ebe4086a038142b96\",\"name\":\"soporte\",\"image\":{\"@type\":\"ImageObject\",\"inLanguage\":\"fr-FR\",\"@id\":\"https:\/\/www.coflaspalmas.es\/#\/schema\/person\/image\/\",\"url\":\"https:\/\/secure.gravatar.com\/avatar\/d654455f4c3e474456c4922a586b96e354b5a500cfe1f1f2f60ef083808bf21b?s=96&d=mm&r=g\",\"contentUrl\":\"https:\/\/secure.gravatar.com\/avatar\/d654455f4c3e474456c4922a586b96e354b5a500cfe1f1f2f60ef083808bf21b?s=96&d=mm&r=g\",\"caption\":\"soporte\"},\"url\":\"https:\/\/www.coflaspalmas.es\/fr\/author\/soporte\/\"}]}<\/script>\n<!-- \/ Yoast SEO plugin. -->","yoast_head_json":{"title":"Los farmac\u00e9uticos se reivindican como parte de la soluci\u00f3n del Sistema Nacional de Salud - COFLP","robots":{"index":"index","follow":"follow","max-snippet":"max-snippet:-1","max-image-preview":"max-image-preview:large","max-video-preview":"max-video-preview:-1"},"canonical":"https:\/\/www.coflaspalmas.es\/fr\/los-farmaceuticos-se-reivindican-como-parte-de-la-solucion-del-sistema-nacional-de-salud-copia\/","og_locale":"fr_FR","og_type":"article","og_title":"Los farmac\u00e9uticos se reivindican como parte de la soluci\u00f3n del Sistema Nacional de Salud - COFLP","og_description":"El papel que los farmac\u00e9uticos tienen en diferentes espacios, desde la oficina de farmacia a la distribuci\u00f3n, pasando por Salud P\u00fablica, hospitales e investigaci\u00f3n, ha sido reivindicado en las X Jornadas Farmac\u00e9uticas Canarias que, organizadas por el Consejo de Colegios Farmac\u00e9uticos de Canarias (COFCAN), se celebran desde hoy y hasta el pr\u00f3ximo s\u00e1bado, en Lanzarote, [&hellip;]","og_url":"https:\/\/www.coflaspalmas.es\/fr\/los-farmaceuticos-se-reivindican-como-parte-de-la-solucion-del-sistema-nacional-de-salud-copia\/","og_site_name":"COFLP","article_published_time":"2025-05-08T15:43:43+00:00","article_modified_time":"2025-11-12T09:11:28+00:00","og_image":[{"width":500,"height":500,"url":"https:\/\/www.coflaspalmas.es\/wp-content\/uploads\/2025\/05\/Q6A6493-Mejorado-NR-500x500-1.jpg?wsr","type":"image\/jpeg"}],"author":"soporte","twitter_card":"summary_large_image","twitter_misc":{"\u00c9crit par":"soporte","Dur\u00e9e de lecture estim\u00e9e":"4 minutes"},"schema":{"@context":"https:\/\/schema.org","@graph":[{"@type":"WebPage","@id":"https:\/\/www.coflaspalmas.es\/los-farmaceuticos-se-reivindican-como-parte-de-la-solucion-del-sistema-nacional-de-salud-copia\/","url":"https:\/\/www.coflaspalmas.es\/los-farmaceuticos-se-reivindican-como-parte-de-la-solucion-del-sistema-nacional-de-salud-copia\/","name":"Los farmac\u00e9uticos se reivindican como parte de la soluci\u00f3n del Sistema Nacional de Salud - COFLP","isPartOf":{"@id":"https:\/\/www.coflaspalmas.es\/#website"},"primaryImageOfPage":{"@id":"https:\/\/www.coflaspalmas.es\/los-farmaceuticos-se-reivindican-como-parte-de-la-solucion-del-sistema-nacional-de-salud-copia\/#primaryimage"},"image":{"@id":"https:\/\/www.coflaspalmas.es\/los-farmaceuticos-se-reivindican-como-parte-de-la-solucion-del-sistema-nacional-de-salud-copia\/#primaryimage"},"thumbnailUrl":"https:\/\/www.coflaspalmas.es\/wp-content\/uploads\/2025\/05\/Q6A6493-Mejorado-NR-500x500-1.jpg?wsr","datePublished":"2025-05-08T15:43:43+00:00","dateModified":"2025-11-12T09:11:28+00:00","author":{"@id":"https:\/\/www.coflaspalmas.es\/#\/schema\/person\/ccf588cbe6c4345ebe4086a038142b96"},"breadcrumb":{"@id":"https:\/\/www.coflaspalmas.es\/los-farmaceuticos-se-reivindican-como-parte-de-la-solucion-del-sistema-nacional-de-salud-copia\/#breadcrumb"},"inLanguage":"fr-FR","potentialAction":[{"@type":"ReadAction","target":["https:\/\/www.coflaspalmas.es\/los-farmaceuticos-se-reivindican-como-parte-de-la-solucion-del-sistema-nacional-de-salud-copia\/"]}]},{"@type":"ImageObject","inLanguage":"fr-FR","@id":"https:\/\/www.coflaspalmas.es\/los-farmaceuticos-se-reivindican-como-parte-de-la-solucion-del-sistema-nacional-de-salud-copia\/#primaryimage","url":"https:\/\/www.coflaspalmas.es\/wp-content\/uploads\/2025\/05\/Q6A6493-Mejorado-NR-500x500-1.jpg?wsr","contentUrl":"https:\/\/www.coflaspalmas.es\/wp-content\/uploads\/2025\/05\/Q6A6493-Mejorado-NR-500x500-1.jpg?wsr","width":500,"height":500},{"@type":"BreadcrumbList","@id":"https:\/\/www.coflaspalmas.es\/los-farmaceuticos-se-reivindican-como-parte-de-la-solucion-del-sistema-nacional-de-salud-copia\/#breadcrumb","itemListElement":[{"@type":"ListItem","position":1,"name":"Portada","item":"https:\/\/www.coflaspalmas.es\/"},{"@type":"ListItem","position":2,"name":"Los farmac\u00e9uticos se reivindican como parte de la soluci\u00f3n del Sistema Nacional de Salud"}]},{"@type":"WebSite","@id":"https:\/\/www.coflaspalmas.es\/#website","url":"https:\/\/www.coflaspalmas.es\/","name":"COF Las Palmas","description":"Colegio de Farmac\u00e9uticos Las Palmas.","potentialAction":[{"@type":"SearchAction","target":{"@type":"EntryPoint","urlTemplate":"https:\/\/www.coflaspalmas.es\/?s={search_term_string}"},"query-input":{"@type":"PropertyValueSpecification","valueRequired":true,"valueName":"search_term_string"}}],"inLanguage":"fr-FR"},{"@type":"Person","@id":"https:\/\/www.coflaspalmas.es\/#\/schema\/person\/ccf588cbe6c4345ebe4086a038142b96","name":"soutien","image":{"@type":"ImageObject","inLanguage":"fr-FR","@id":"https:\/\/www.coflaspalmas.es\/#\/schema\/person\/image\/","url":"https:\/\/secure.gravatar.com\/avatar\/d654455f4c3e474456c4922a586b96e354b5a500cfe1f1f2f60ef083808bf21b?s=96&d=mm&r=g","contentUrl":"https:\/\/secure.gravatar.com\/avatar\/d654455f4c3e474456c4922a586b96e354b5a500cfe1f1f2f60ef083808bf21b?s=96&d=mm&r=g","caption":"soporte"},"url":"https:\/\/www.coflaspalmas.es\/fr\/author\/soporte\/"}]}},"_links":{"self":[{"href":"https:\/\/www.coflaspalmas.es\/fr\/wp-json\/wp\/v2\/posts\/107033","targetHints":{"allow":["GET"]}}],"collection":[{"href":"https:\/\/www.coflaspalmas.es\/fr\/wp-json\/wp\/v2\/posts"}],"about":[{"href":"https:\/\/www.coflaspalmas.es\/fr\/wp-json\/wp\/v2\/types\/post"}],"author":[{"embeddable":true,"href":"https:\/\/www.coflaspalmas.es\/fr\/wp-json\/wp\/v2\/users\/2427"}],"replies":[{"embeddable":true,"href":"https:\/\/www.coflaspalmas.es\/fr\/wp-json\/wp\/v2\/comments?post=107033"}],"version-history":[{"count":1,"href":"https:\/\/www.coflaspalmas.es\/fr\/wp-json\/wp\/v2\/posts\/107033\/revisions"}],"predecessor-version":[{"id":26046082,"href":"https:\/\/www.coflaspalmas.es\/fr\/wp-json\/wp\/v2\/posts\/107033\/revisions\/26046082"}],"wp:featuredmedia":[{"embeddable":true,"href":"https:\/\/www.coflaspalmas.es\/fr\/wp-json\/wp\/v2\/media\/26046333"}],"wp:attachment":[{"href":"https:\/\/www.coflaspalmas.es\/fr\/wp-json\/wp\/v2\/media?parent=107033"}],"wp:term":[{"taxonomy":"category","embeddable":true,"href":"https:\/\/www.coflaspalmas.es\/fr\/wp-json\/wp\/v2\/categories?post=107033"},{"taxonomy":"post_tag","embeddable":true,"href":"https:\/\/www.coflaspalmas.es\/fr\/wp-json\/wp\/v2\/tags?post=107033"}],"curies":[{"name":"wp","href":"https:\/\/api.w.org\/{rel}","templated":true}]}}