{"id":107061,"date":"2025-05-09T18:02:17","date_gmt":"2025-05-09T16:02:17","guid":{"rendered":"https:\/\/www.coflaspalmas.es\/?p=107061"},"modified":"2025-11-12T10:11:28","modified_gmt":"2025-11-12T09:11:28","slug":"canarias-necesita-una-entidad-institucional-para-afrontar-el-futuro-de-la-salud-publica","status":"publish","type":"post","link":"https:\/\/www.coflaspalmas.es\/fr\/canarias-necesita-una-entidad-institucional-para-afrontar-el-futuro-de-la-salud-publica\/","title":{"rendered":"Les Canaries ont besoin d'une entit\u00e9 institutionnelle pour faire face \u00e0 l'avenir de la sant\u00e9 publique."},"content":{"rendered":"<p><span style=\"font-family: helvetica, arial, sans-serif;\">Manuel Herrera, coordinateur de l'Unit\u00e9 de Soutien de la Direction G\u00e9n\u00e9rale de la Sant\u00e9 Publique du Service Canarien de la Sant\u00e9 et membre de la Sant\u00e9 Publique du COFLP, a soulign\u00e9 que les Canaries \u201c doivent envisager d\u00e8s maintenant la cr\u00e9ation d'une nouvelle institution publique qui veille sur les d\u00e9fis \u00e9mergents de la sant\u00e9 publique \u201d. M. Herrera a fait ces d\u00e9clarations lors de la table ronde \u201c Pharmaciens et Sant\u00e9 Publique : Formation et fonctions essentielles \u201d, arguant qu'\u00ab dans une soci\u00e9t\u00e9 en mutation, la Sant\u00e9 Publique doit anticiper la maladie et \u00e9viter la maladie avant de la traiter \u00bb.<\/span><\/p>\n<p><span style=\"font-family: helvetica, arial, sans-serif;\">\u201c En Canarias, ajouta, il existe une population sup\u00e9rieure \u00e0 deux millions d'habitants, mais le tourisme porte la population \u00e0 pr\u00e8s de trois millions et demi, par cons\u00e9quent, le traitement des d\u00e9chets, leur g\u00e9n\u00e9ration, l'alimentation, etc. imposent d'\u00eatre pr\u00e9voyants et d'\u00e9tablir les contr\u00f4les n\u00e9cessaires pour \u00e9viter les maladies et les parasites \u201d.<\/span><\/p>\n<p><span style=\"font-family: helvetica, arial, sans-serif;\">L'importance de la profession pharmaceutique dans ce domaine est plus visible en constatant que 20 % des professionnels exer\u00e7ant dans ce domaine appartiennent \u00e0 cette cat\u00e9gorie.<\/span><\/p>\n<p><strong><span style=\"font-family: helvetica, arial, sans-serif;\"><img loading=\"lazy\" decoding=\"async\" class=\"wp-image-107063 alignleft\" src=\"https:\/\/www.coflaspalmas.es\/wp-content\/uploads\/2025\/05\/Q6A6621-Mejorado-NR-300x200.jpg\" alt=\"\" width=\"455\" height=\"303\" \/>Recherche oncologique<\/span><\/strong><br \/>\n<span style=\"font-family: helvetica, arial, sans-serif;\">La table ronde sur les pharmaciens en recherche oncologique a soulign\u00e9 le r\u00f4le essentiel du pharmacien dans l'approche globale du traitement du cancer, mettant en avant son travail dans la dispensation, le suivi et l'optimisation th\u00e9rapeutique. L'importance d'une gestion efficace de la pharmacoth\u00e9rapie oncologique et de l'approche multidisciplinaire a \u00e9t\u00e9 soulign\u00e9e, permettant d'am\u00e9liorer l'adh\u00e9sion th\u00e9rapeutique et de minimiser les effets ind\u00e9sirables.<\/span><\/p>\n<p><span style=\"font-family: helvetica, arial, sans-serif;\">En outre, le r\u00f4le de la pharmacie communautaire en tant que lien entre le r\u00e9seau de pharmaciens et les conseils officiels a \u00e9t\u00e9 soulign\u00e9, favorisant la proximit\u00e9 avec le patient et une plus grande implication dans les soins. Les progr\u00e8s en mati\u00e8re de th\u00e9rapies personnalis\u00e9es ont \u00e9galement \u00e9t\u00e9 analys\u00e9s, o\u00f9 la pharmacog\u00e9nomique et les nouveaux mod\u00e8les de gestion des m\u00e9dicaments anticanc\u00e9reux renforcent la vision globale du pharmacien.<\/span><\/p>\n<p><span style=\"font-family: helvetica, arial, sans-serif;\">En definitiva, la mesa reafirm\u00f3 el compromiso del farmac\u00e9utico con la calidad asistencial y la innovaci\u00f3n terap\u00e9utica, destacando la importancia de la pr\u00e1ctica colaborativa en la que los farmac\u00e9uticos, desde sus distintos \u00e1mbitos de ejercicio, deben trabajar juntos para maximizar el impacto en la atenci\u00f3n y gesti\u00f3n de los tratamientos oncol\u00f3gicos.<\/span><\/p>\n<p><strong><span style=\"font-family: helvetica, arial, sans-serif;\">IA appliqu\u00e9e \u00e0 la sant\u00e9<img loading=\"lazy\" decoding=\"async\" class=\"wp-image-107064 alignright\" src=\"https:\/\/www.coflaspalmas.es\/wp-content\/uploads\/2025\/05\/Q6A6237-Mejorado-NR-1-300x200.jpg\" alt=\"\" width=\"432\" height=\"288\" \/><\/span><\/strong><br \/>\n<span style=\"font-family: helvetica, arial, sans-serif;\">Julio Lorca G\u00f3mez, expert en IA appliqu\u00e9e \u00e0 la sant\u00e9, a discut\u00e9 de son utilisation pour am\u00e9liorer la qualit\u00e9 et a soulign\u00e9 l'importance d'int\u00e9grer l'IA dans le secteur de la sant\u00e9 de mani\u00e8re \u00e9thique et efficace.<\/span><\/p>\n<p><span style=\"font-family: helvetica, arial, sans-serif;\">Il a abord\u00e9 des aspects cl\u00e9s tels que l'utilit\u00e9 clinique de l'IA, son application dans le suivi th\u00e9rapeutique, son int\u00e9gration dans les programmes de gestion, l'optimisation des processus dans les soins pharmaceutiques, ainsi que la n\u00e9cessit\u00e9 de r\u00e9glementation et de formation pour assurer sa mise en \u0153uvre responsable.<\/span><\/p>\n<p><span style=\"font-family: helvetica, arial, sans-serif;\">Parmi les conclusions les plus pertinentes, il a soulign\u00e9 que \u201c l'IA ne remplace pas les professionnels de la sant\u00e9, mais agit comme un outil qui renforce leurs capacit\u00e9s, permettant une gestion plus efficace du traitement pharmacologique et une meilleure prise en charge du patient \u201d. Il a \u00e9galement soulign\u00e9 l'importance de la pratique collaborative entre les professionnels des domaines de la technologie et de la sant\u00e9 pour d\u00e9velopper des solutions qui contribuent r\u00e9ellement \u00e0 am\u00e9liorer la qualit\u00e9 des soins.<\/span><\/p>\n<p><strong><span style=\"font-family: helvetica, arial, sans-serif;\"><img loading=\"lazy\" decoding=\"async\" class=\"wp-image-107065 alignleft\" src=\"https:\/\/www.coflaspalmas.es\/wp-content\/uploads\/2025\/05\/Q6A6759-Mejorado-NR-300x200.jpg\" alt=\"\" width=\"527\" height=\"351\" \/>Exp\u00e9riences d'assistance<\/span><\/strong><br \/>\n<span style=\"font-family: helvetica, arial, sans-serif;\">La premi\u00e8re des tables rondes, qui s'est tenue hier et a \u00e9t\u00e9 mod\u00e9r\u00e9e par le pr\u00e9sident du Conseil g\u00e9n\u00e9ral des associations officielles de pharmaciens, Jes\u00fas Aguilar, a port\u00e9 sur les opportunit\u00e9s r\u00e9elles de la capacit\u00e9 d'assistance de la pharmacie.<\/span><\/p>\n<p><span style=\"font-family: helvetica, arial, sans-serif;\">Il en a \u00e9t\u00e9 d\u00e9duit que le travail de la pharmacie clinique s'articule autour de trois grands domaines : la promotion de la sant\u00e9 et la pr\u00e9vention des maladies, l'accessibilit\u00e9 et la coordination des soins, ainsi que le suivi et la prise en charge de la pharmacoth\u00e9rapie.<\/span><\/p>\n<p><span style=\"font-family: helvetica, arial, sans-serif;\">S'inscrivent ici les services de d\u00e9pistage et de d\u00e9tection pr\u00e9coce des maladies, la d\u00e9livrance collaborative de m\u00e9dicaments hospitaliers, les pharmacies sentinelles ou la dispensation nominative.<\/span><\/p>\n<p><span style=\"font-family: helvetica, arial, sans-serif;\">La n\u00e9cessit\u00e9 de communiquer entre les diff\u00e9rents domaines des soins, les centres de sant\u00e9, les pharmacies, la distribution pharmaceutique, se d\u00e9marque par-dessus tout et doit pouvoir se faire avec simplicit\u00e9 et s\u00e9curit\u00e9 afin d'offrir qualit\u00e9 et durabilit\u00e9.<\/span><\/p>\n<p><span style=\"font-family: helvetica, arial, sans-serif;\">Les repr\u00e9sentants des communaut\u00e9s autonomes de Catalogne, Navarre, Asturies et Castille-et-Le\u00f3n, qui composa la table ronde, ont d\u00e9taill\u00e9 les services pharmaceutiques professionnels d'assistance (SPFA) qu'ils d\u00e9veloppent en collaboration avec leur administration sanitaire et en concertant les priorit\u00e9s entre les diff\u00e9rents agents de sant\u00e9, axant leur activit\u00e9 sur les besoins r\u00e9els des patients, en tirant parti du r\u00e9seau de professionnels qu'offre la pharmacie communautaire pour am\u00e9liorer la port\u00e9e et l'acc\u00e8s du syst\u00e8me de sant\u00e9 par la population, ainsi que les taux et couvertures de succ\u00e8s des diff\u00e9rents programmes.<\/span><\/p>\n<p><span style=\"font-family: helvetica, arial, sans-serif;\">Ainsi, ont-ils soulign\u00e9 tous ensemble, on contribue \u00e0 r\u00e9duire la demande et la pression sur le syst\u00e8me de sant\u00e9 en rapprochant celui-ci des patients.<\/span><\/p>\n<p><img loading=\"lazy\" decoding=\"async\" class=\"alignnone size-medium wp-image-107067\" src=\"https:\/\/www.coflaspalmas.es\/wp-content\/uploads\/2025\/05\/Q6A6265-Mejorado-NR-300x200.jpg\" alt=\"\" width=\"300\" height=\"200\" \/>\u00a0<img loading=\"lazy\" decoding=\"async\" class=\"alignnone size-medium wp-image-107069\" src=\"https:\/\/www.coflaspalmas.es\/wp-content\/uploads\/2025\/05\/Q6A6178-Mejorado-NR-300x200.jpg\" alt=\"\" width=\"300\" height=\"200\" \/>\u00a0<img loading=\"lazy\" decoding=\"async\" class=\"alignnone size-medium wp-image-107068\" src=\"https:\/\/www.coflaspalmas.es\/wp-content\/uploads\/2025\/05\/Q6A6636-Mejorado-NR-300x200.jpg\" alt=\"\" width=\"300\" height=\"200\" \/><\/p>","protected":false},"excerpt":{"rendered":"<p>Manuel Herrera, coordinador de la Unidad de Apoyo de la Direcci\u00f3n General de Salud P\u00fablica del Servicio Canario de la Salud y vocal de Salud P\u00fablica del COFLP, se\u00f1al\u00f3 que Canarias \u201cdebe plantearse ya la creaci\u00f3n de una nueva instituci\u00f3n de car\u00e1cter p\u00fablico que vele por los retos emergentes de la salud p\u00fablica\u201d. Herrera hizo [&hellip;]<\/p>\n","protected":false},"author":2427,"featured_media":26046332,"comment_status":"closed","ping_status":"closed","sticky":false,"template":"","format":"standard","meta":{"_et_pb_use_builder":"","_et_pb_old_content":"","_et_gb_content_width":"","footnotes":""},"categories":[247,11,1],"tags":[],"class_list":["post-107061","post","type-post","status-publish","format-standard","has-post-thumbnail","hentry","category-boletin-2025","category-noticias","category-sin-categoria"],"yoast_head":"<!-- This site is optimized with the Yoast SEO plugin v24.7 - https:\/\/yoast.com\/wordpress\/plugins\/seo\/ -->\n<title>Canarias necesita una entidad institucional para afrontar el futuro de la salud p\u00fablica - COFLP<\/title>\n<meta name=\"robots\" content=\"index, follow, max-snippet:-1, max-image-preview:large, max-video-preview:-1\" \/>\n<link rel=\"canonical\" href=\"https:\/\/www.coflaspalmas.es\/fr\/canarias-necesita-una-entidad-institucional-para-afrontar-el-futuro-de-la-salud-publica\/\" \/>\n<meta property=\"og:locale\" content=\"fr_FR\" \/>\n<meta property=\"og:type\" content=\"article\" \/>\n<meta property=\"og:title\" content=\"Canarias necesita una entidad institucional para afrontar el futuro de la salud p\u00fablica - COFLP\" \/>\n<meta property=\"og:description\" content=\"Manuel Herrera, coordinador de la Unidad de Apoyo de la Direcci\u00f3n General de Salud P\u00fablica del Servicio Canario de la Salud y vocal de Salud P\u00fablica del COFLP, se\u00f1al\u00f3 que Canarias \u201cdebe plantearse ya la creaci\u00f3n de una nueva instituci\u00f3n de car\u00e1cter p\u00fablico que vele por los retos emergentes de la salud p\u00fablica\u201d. Herrera hizo [&hellip;]\" \/>\n<meta property=\"og:url\" content=\"https:\/\/www.coflaspalmas.es\/fr\/canarias-necesita-una-entidad-institucional-para-afrontar-el-futuro-de-la-salud-publica\/\" \/>\n<meta property=\"og:site_name\" content=\"COFLP\" \/>\n<meta property=\"article:published_time\" content=\"2025-05-09T16:02:17+00:00\" \/>\n<meta property=\"article:modified_time\" content=\"2025-11-12T09:11:28+00:00\" \/>\n<meta property=\"og:image\" content=\"https:\/\/www.coflaspalmas.es\/wp-content\/uploads\/2025\/05\/Q6A6357-Mejorado-NR-500x500-1.jpg?wsr\" \/>\n\t<meta property=\"og:image:width\" content=\"500\" \/>\n\t<meta property=\"og:image:height\" content=\"500\" \/>\n\t<meta property=\"og:image:type\" content=\"image\/jpeg\" \/>\n<meta name=\"author\" content=\"soporte\" \/>\n<meta name=\"twitter:card\" content=\"summary_large_image\" \/>\n<meta name=\"twitter:label1\" content=\"\u00c9crit par\" \/>\n\t<meta name=\"twitter:data1\" content=\"soporte\" \/>\n\t<meta name=\"twitter:label2\" content=\"Dur\u00e9e de lecture estim\u00e9e\" \/>\n\t<meta name=\"twitter:data2\" content=\"5 minutes\" \/>\n<script type=\"application\/ld+json\" class=\"yoast-schema-graph\">{\"@context\":\"https:\/\/schema.org\",\"@graph\":[{\"@type\":\"WebPage\",\"@id\":\"https:\/\/www.coflaspalmas.es\/canarias-necesita-una-entidad-institucional-para-afrontar-el-futuro-de-la-salud-publica\/\",\"url\":\"https:\/\/www.coflaspalmas.es\/canarias-necesita-una-entidad-institucional-para-afrontar-el-futuro-de-la-salud-publica\/\",\"name\":\"Canarias necesita una entidad institucional para afrontar el futuro de la salud p\u00fablica - COFLP\",\"isPartOf\":{\"@id\":\"https:\/\/www.coflaspalmas.es\/#website\"},\"primaryImageOfPage\":{\"@id\":\"https:\/\/www.coflaspalmas.es\/canarias-necesita-una-entidad-institucional-para-afrontar-el-futuro-de-la-salud-publica\/#primaryimage\"},\"image\":{\"@id\":\"https:\/\/www.coflaspalmas.es\/canarias-necesita-una-entidad-institucional-para-afrontar-el-futuro-de-la-salud-publica\/#primaryimage\"},\"thumbnailUrl\":\"https:\/\/www.coflaspalmas.es\/wp-content\/uploads\/2025\/05\/Q6A6357-Mejorado-NR-500x500-1.jpg?wsr\",\"datePublished\":\"2025-05-09T16:02:17+00:00\",\"dateModified\":\"2025-11-12T09:11:28+00:00\",\"author\":{\"@id\":\"https:\/\/www.coflaspalmas.es\/#\/schema\/person\/ccf588cbe6c4345ebe4086a038142b96\"},\"breadcrumb\":{\"@id\":\"https:\/\/www.coflaspalmas.es\/canarias-necesita-una-entidad-institucional-para-afrontar-el-futuro-de-la-salud-publica\/#breadcrumb\"},\"inLanguage\":\"fr-FR\",\"potentialAction\":[{\"@type\":\"ReadAction\",\"target\":[\"https:\/\/www.coflaspalmas.es\/canarias-necesita-una-entidad-institucional-para-afrontar-el-futuro-de-la-salud-publica\/\"]}]},{\"@type\":\"ImageObject\",\"inLanguage\":\"fr-FR\",\"@id\":\"https:\/\/www.coflaspalmas.es\/canarias-necesita-una-entidad-institucional-para-afrontar-el-futuro-de-la-salud-publica\/#primaryimage\",\"url\":\"https:\/\/www.coflaspalmas.es\/wp-content\/uploads\/2025\/05\/Q6A6357-Mejorado-NR-500x500-1.jpg?wsr\",\"contentUrl\":\"https:\/\/www.coflaspalmas.es\/wp-content\/uploads\/2025\/05\/Q6A6357-Mejorado-NR-500x500-1.jpg?wsr\",\"width\":500,\"height\":500},{\"@type\":\"BreadcrumbList\",\"@id\":\"https:\/\/www.coflaspalmas.es\/canarias-necesita-una-entidad-institucional-para-afrontar-el-futuro-de-la-salud-publica\/#breadcrumb\",\"itemListElement\":[{\"@type\":\"ListItem\",\"position\":1,\"name\":\"Portada\",\"item\":\"https:\/\/www.coflaspalmas.es\/\"},{\"@type\":\"ListItem\",\"position\":2,\"name\":\"Canarias necesita una entidad institucional para afrontar el futuro de la salud p\u00fablica\"}]},{\"@type\":\"WebSite\",\"@id\":\"https:\/\/www.coflaspalmas.es\/#website\",\"url\":\"https:\/\/www.coflaspalmas.es\/\",\"name\":\"COF Las Palmas\",\"description\":\"Colegio de Farmac\u00e9uticos Las Palmas.\",\"potentialAction\":[{\"@type\":\"SearchAction\",\"target\":{\"@type\":\"EntryPoint\",\"urlTemplate\":\"https:\/\/www.coflaspalmas.es\/?s={search_term_string}\"},\"query-input\":{\"@type\":\"PropertyValueSpecification\",\"valueRequired\":true,\"valueName\":\"search_term_string\"}}],\"inLanguage\":\"fr-FR\"},{\"@type\":\"Person\",\"@id\":\"https:\/\/www.coflaspalmas.es\/#\/schema\/person\/ccf588cbe6c4345ebe4086a038142b96\",\"name\":\"soporte\",\"image\":{\"@type\":\"ImageObject\",\"inLanguage\":\"fr-FR\",\"@id\":\"https:\/\/www.coflaspalmas.es\/#\/schema\/person\/image\/\",\"url\":\"https:\/\/secure.gravatar.com\/avatar\/d654455f4c3e474456c4922a586b96e354b5a500cfe1f1f2f60ef083808bf21b?s=96&d=mm&r=g\",\"contentUrl\":\"https:\/\/secure.gravatar.com\/avatar\/d654455f4c3e474456c4922a586b96e354b5a500cfe1f1f2f60ef083808bf21b?s=96&d=mm&r=g\",\"caption\":\"soporte\"},\"url\":\"https:\/\/www.coflaspalmas.es\/fr\/author\/soporte\/\"}]}<\/script>\n<!-- \/ Yoast SEO plugin. -->","yoast_head_json":{"title":"Canarias necesita una entidad institucional para afrontar el futuro de la salud p\u00fablica - COFLP","robots":{"index":"index","follow":"follow","max-snippet":"max-snippet:-1","max-image-preview":"max-image-preview:large","max-video-preview":"max-video-preview:-1"},"canonical":"https:\/\/www.coflaspalmas.es\/fr\/canarias-necesita-una-entidad-institucional-para-afrontar-el-futuro-de-la-salud-publica\/","og_locale":"fr_FR","og_type":"article","og_title":"Canarias necesita una entidad institucional para afrontar el futuro de la salud p\u00fablica - COFLP","og_description":"Manuel Herrera, coordinador de la Unidad de Apoyo de la Direcci\u00f3n General de Salud P\u00fablica del Servicio Canario de la Salud y vocal de Salud P\u00fablica del COFLP, se\u00f1al\u00f3 que Canarias \u201cdebe plantearse ya la creaci\u00f3n de una nueva instituci\u00f3n de car\u00e1cter p\u00fablico que vele por los retos emergentes de la salud p\u00fablica\u201d. Herrera hizo [&hellip;]","og_url":"https:\/\/www.coflaspalmas.es\/fr\/canarias-necesita-una-entidad-institucional-para-afrontar-el-futuro-de-la-salud-publica\/","og_site_name":"COFLP","article_published_time":"2025-05-09T16:02:17+00:00","article_modified_time":"2025-11-12T09:11:28+00:00","og_image":[{"width":500,"height":500,"url":"https:\/\/www.coflaspalmas.es\/wp-content\/uploads\/2025\/05\/Q6A6357-Mejorado-NR-500x500-1.jpg?wsr","type":"image\/jpeg"}],"author":"soporte","twitter_card":"summary_large_image","twitter_misc":{"\u00c9crit par":"soporte","Dur\u00e9e de lecture estim\u00e9e":"5 minutes"},"schema":{"@context":"https:\/\/schema.org","@graph":[{"@type":"WebPage","@id":"https:\/\/www.coflaspalmas.es\/canarias-necesita-una-entidad-institucional-para-afrontar-el-futuro-de-la-salud-publica\/","url":"https:\/\/www.coflaspalmas.es\/canarias-necesita-una-entidad-institucional-para-afrontar-el-futuro-de-la-salud-publica\/","name":"Canarias necesita una entidad institucional para afrontar el futuro de la salud p\u00fablica - COFLP","isPartOf":{"@id":"https:\/\/www.coflaspalmas.es\/#website"},"primaryImageOfPage":{"@id":"https:\/\/www.coflaspalmas.es\/canarias-necesita-una-entidad-institucional-para-afrontar-el-futuro-de-la-salud-publica\/#primaryimage"},"image":{"@id":"https:\/\/www.coflaspalmas.es\/canarias-necesita-una-entidad-institucional-para-afrontar-el-futuro-de-la-salud-publica\/#primaryimage"},"thumbnailUrl":"https:\/\/www.coflaspalmas.es\/wp-content\/uploads\/2025\/05\/Q6A6357-Mejorado-NR-500x500-1.jpg?wsr","datePublished":"2025-05-09T16:02:17+00:00","dateModified":"2025-11-12T09:11:28+00:00","author":{"@id":"https:\/\/www.coflaspalmas.es\/#\/schema\/person\/ccf588cbe6c4345ebe4086a038142b96"},"breadcrumb":{"@id":"https:\/\/www.coflaspalmas.es\/canarias-necesita-una-entidad-institucional-para-afrontar-el-futuro-de-la-salud-publica\/#breadcrumb"},"inLanguage":"fr-FR","potentialAction":[{"@type":"ReadAction","target":["https:\/\/www.coflaspalmas.es\/canarias-necesita-una-entidad-institucional-para-afrontar-el-futuro-de-la-salud-publica\/"]}]},{"@type":"ImageObject","inLanguage":"fr-FR","@id":"https:\/\/www.coflaspalmas.es\/canarias-necesita-una-entidad-institucional-para-afrontar-el-futuro-de-la-salud-publica\/#primaryimage","url":"https:\/\/www.coflaspalmas.es\/wp-content\/uploads\/2025\/05\/Q6A6357-Mejorado-NR-500x500-1.jpg?wsr","contentUrl":"https:\/\/www.coflaspalmas.es\/wp-content\/uploads\/2025\/05\/Q6A6357-Mejorado-NR-500x500-1.jpg?wsr","width":500,"height":500},{"@type":"BreadcrumbList","@id":"https:\/\/www.coflaspalmas.es\/canarias-necesita-una-entidad-institucional-para-afrontar-el-futuro-de-la-salud-publica\/#breadcrumb","itemListElement":[{"@type":"ListItem","position":1,"name":"Portada","item":"https:\/\/www.coflaspalmas.es\/"},{"@type":"ListItem","position":2,"name":"Canarias necesita una entidad institucional para afrontar el futuro de la salud p\u00fablica"}]},{"@type":"WebSite","@id":"https:\/\/www.coflaspalmas.es\/#website","url":"https:\/\/www.coflaspalmas.es\/","name":"COF Las Palmas","description":"Colegio de Farmac\u00e9uticos Las Palmas.","potentialAction":[{"@type":"SearchAction","target":{"@type":"EntryPoint","urlTemplate":"https:\/\/www.coflaspalmas.es\/?s={search_term_string}"},"query-input":{"@type":"PropertyValueSpecification","valueRequired":true,"valueName":"search_term_string"}}],"inLanguage":"fr-FR"},{"@type":"Person","@id":"https:\/\/www.coflaspalmas.es\/#\/schema\/person\/ccf588cbe6c4345ebe4086a038142b96","name":"soporte","image":{"@type":"ImageObject","inLanguage":"fr-FR","@id":"https:\/\/www.coflaspalmas.es\/#\/schema\/person\/image\/","url":"https:\/\/secure.gravatar.com\/avatar\/d654455f4c3e474456c4922a586b96e354b5a500cfe1f1f2f60ef083808bf21b?s=96&d=mm&r=g","contentUrl":"https:\/\/secure.gravatar.com\/avatar\/d654455f4c3e474456c4922a586b96e354b5a500cfe1f1f2f60ef083808bf21b?s=96&d=mm&r=g","caption":"soporte"},"url":"https:\/\/www.coflaspalmas.es\/fr\/author\/soporte\/"}]}},"_links":{"self":[{"href":"https:\/\/www.coflaspalmas.es\/fr\/wp-json\/wp\/v2\/posts\/107061","targetHints":{"allow":["GET"]}}],"collection":[{"href":"https:\/\/www.coflaspalmas.es\/fr\/wp-json\/wp\/v2\/posts"}],"about":[{"href":"https:\/\/www.coflaspalmas.es\/fr\/wp-json\/wp\/v2\/types\/post"}],"author":[{"embeddable":true,"href":"https:\/\/www.coflaspalmas.es\/fr\/wp-json\/wp\/v2\/users\/2427"}],"replies":[{"embeddable":true,"href":"https:\/\/www.coflaspalmas.es\/fr\/wp-json\/wp\/v2\/comments?post=107061"}],"version-history":[{"count":1,"href":"https:\/\/www.coflaspalmas.es\/fr\/wp-json\/wp\/v2\/posts\/107061\/revisions"}],"predecessor-version":[{"id":26046081,"href":"https:\/\/www.coflaspalmas.es\/fr\/wp-json\/wp\/v2\/posts\/107061\/revisions\/26046081"}],"wp:featuredmedia":[{"embeddable":true,"href":"https:\/\/www.coflaspalmas.es\/fr\/wp-json\/wp\/v2\/media\/26046332"}],"wp:attachment":[{"href":"https:\/\/www.coflaspalmas.es\/fr\/wp-json\/wp\/v2\/media?parent=107061"}],"wp:term":[{"taxonomy":"category","embeddable":true,"href":"https:\/\/www.coflaspalmas.es\/fr\/wp-json\/wp\/v2\/categories?post=107061"},{"taxonomy":"post_tag","embeddable":true,"href":"https:\/\/www.coflaspalmas.es\/fr\/wp-json\/wp\/v2\/tags?post=107061"}],"curies":[{"name":"wp","href":"https:\/\/api.w.org\/{rel}","templated":true}]}}