{"id":107072,"date":"2025-05-10T16:33:55","date_gmt":"2025-05-10T14:33:55","guid":{"rendered":"https:\/\/www.coflaspalmas.es\/?p=107072"},"modified":"2025-11-12T10:11:28","modified_gmt":"2025-11-12T09:11:28","slug":"canarias-cuenta-desde-hoy-con-el-libro-blanco-de-servicios-asistenciales-farmaceuticos","status":"publish","type":"post","link":"https:\/\/www.coflaspalmas.es\/fr\/canarias-cuenta-desde-hoy-con-el-libro-blanco-de-servicios-asistenciales-farmaceuticos\/","title":{"rendered":"Les Canaries disposent depuis aujourd'hui du \u201c Livre blanc des services d'assistance pharmaceutique \u201d"},"content":{"rendered":"<p><span style=\"font-family: helvetica, arial, sans-serif;\"><img loading=\"lazy\" decoding=\"async\" class=\"wp-image-107074 alignleft\" src=\"https:\/\/www.coflaspalmas.es\/wp-content\/uploads\/2025\/05\/Q6A6711-Mejorado-NR-300x200.jpg\" alt=\"\" width=\"541\" height=\"360\" \/>Dans le cadre des X Journ\u00e9es Pharmaceutiques des Canaries, le secr\u00e9taire du Conseil des Ordres Pharmaceutiques des Canaries (COFCAN), Francisco Miranda, a pr\u00e9sent\u00e9 le document Services Professionnels Pharmaceutiques Assistanciels (SPFA) dans les officines de pharmacie des Canaries, le d\u00e9nomm\u00e9 Livre Blanc, qui recueille la reconnaissance de la qualification des professionnels et de l'accr\u00e9ditation de l'officine de pharmacie pour la prestation de services d'assistance \u00e0 la population.<\/span><\/p>\n<p><span style=\"font-family: helvetica, arial, sans-serif;\">Miranda a soulign\u00e9 qu\u201c\u201d il y a deux piliers fondamentaux sur lesquels l\u2019exercice de la profession doit se fonder. D\u2019une part, ce que la l\u00e9gislation d\u00e9finit comme comp\u00e9tences et, d\u2019autre part, ce que la soci\u00e9t\u00e9 attend des pharmaciens pour r\u00e9pondre \u00e0 ses besoins en mati\u00e8re de sant\u00e9 \u00bb.<\/span><\/p>\n<p><span style=\"font-family: helvetica, arial, sans-serif;\">Quant au premier point, il suffit de se r\u00e9f\u00e9rer aux r\u00e8gles qui r\u00e9gissent les comp\u00e9tences, les devoirs et les obligations du professionnel, mais en ce qui concerne le second, \u201c il s'agit d'affiner l'offre de soins de la pharmacie communautaire pour r\u00e9pondre aux besoins manifest\u00e9s par la population, et cela doit \u00eatre abord\u00e9 professionnellement de mani\u00e8re homog\u00e8ne sur la base de services parfaitement d\u00e9finis, structur\u00e9s et tra\u00e7ables. De m\u00eame, il met en valeur le nombre \u00e9lev\u00e9 de professionnels existant dans la pharmacie canarienne, ce qui fait de nous la r\u00e9gion europ\u00e9enne avec le plus grand nombre de licenci\u00e9s\/dipl\u00f4m\u00e9s en pharmacie par patient, ce qui est une conqu\u00eate sociale sur notre territoire. \u201d.<\/span><\/p>\n<p><span style=\"font-family: helvetica, arial, sans-serif;\">\u201c Nous devons toujours \u00eatre attentifs \u00e0 ce que les patients nous demandent et appr\u00e9cient de nous, en tant que professionnels accessibles, proches, de confiance avec lesquels ils peuvent \u00e9tablir une relation \u00e0 long terme et, sur la base de ces atouts, r\u00e9pondre \u00e0 leurs demandes d'une pharmacie communautaire plus impliqu\u00e9e dans le syst\u00e8me de sant\u00e9, qui les aide \u00e0 mieux aborder la maladie et \u00e0 les accompagner dans le d\u00e9fi de la long\u00e9vit\u00e9 qui nous concerne en tant que soci\u00e9t\u00e9 \u201d, a-t-il affirm\u00e9.<\/span><\/p>\n<p><span style=\"font-family: helvetica, arial, sans-serif;\">Il s'agit donc de cr\u00e9er un cadre qui aide la population \u00e0 localiser les services professionnels dont elle a besoin, au-del\u00e0 de la distribution traditionnelle de m\u00e9dicaments, et qui sont dispens\u00e9s par d'excellents professionnels sous un label d'unification des crit\u00e8res de qualit\u00e9 qui garantisse l'\u00e9quit\u00e9 d'acc\u00e8s \u00e0 ces services.<\/span><\/p>\n<p><span style=\"font-family: helvetica, arial, sans-serif;\">Pour aider les professionnels \u00e0 y parvenir, les ordres professionnels pharmaceutiques des Canaries proposeront une formation continue pour le d\u00e9veloppement professionnel.<img loading=\"lazy\" decoding=\"async\" class=\"wp-image-107075 alignright\" src=\"https:\/\/www.coflaspalmas.es\/wp-content\/uploads\/2025\/05\/Q6A6261-Mejorado-NR-300x200.jpg\" alt=\"\" width=\"390\" height=\"260\" \/><\/span><\/p>\n<p><span style=\"font-family: helvetica, arial, sans-serif;\">Parmi les SPFA, on trouve la conciliation des m\u00e9dicaments, la vaccination, la reconditionnement des m\u00e9dicaments \u00e0 l'aide de la POS, la pharmacovigilance, l'aide au sevrage tabagique, l'\u00e9ducation sanitaire, la s\u00e9curit\u00e9 et l'hygi\u00e8ne alimentaires, la sant\u00e9 environnementale, la mesure de param\u00e8tres cliniques, les d\u00e9pistages, les conseils nutritionnels et l'\u00e9valuation des risques de maladies, entre autres.<\/span><\/p>\n<p><span style=\"font-family: helvetica, arial, sans-serif;\">La table ronde sur la Dispensation Collaborative de M\u00e9dicaments DHDH, \u00e0 laquelle ont particip\u00e9 la directrice g\u00e9n\u00e9rale des Programmes de Soins du gouvernement des Canaries, Antonia Mar\u00eda P\u00e9rez, le chef du service d'ordonnancement pharmaceutique du service de sant\u00e9 des Canaries, Rodolfo R\u00edos Rull, le fondateur de SEFAC Canaries, Bartolom\u00e9 Dom\u00ednguez del R\u00edo, et la technicienne de la direction g\u00e9n\u00e9rale du patient, Marina Mart\u00edn, a d\u00e9montr\u00e9 comment un mod\u00e8le de travail conjoint est possible entre diff\u00e9rents domaines du syst\u00e8me de sant\u00e9 (h\u00f4pitaux, distribution pharmaceutique \u00e0 gamme compl\u00e8te et pharmacie communautaire) qui permet une approche efficace du patient en facilitant son acc\u00e8s par l'interm\u00e9diaire de la pharmacie communautaire \u00e0 un traitement restreint \u00e0 l'environnement hospitalier, de mani\u00e8re contr\u00f4l\u00e9e et s\u00fbre, avec la continuit\u00e9 des soins que procure la garde du m\u00e9dicament par le pharmacien.<\/span><\/p>\n<p><span style=\"font-family: helvetica, arial, sans-serif;\">Combiner la rigueur de l'environnement hospitalier avec l'accessibilit\u00e9, la flexibilit\u00e9 et la proximit\u00e9 de la pharmacie communautaire dans un processus qui a \u00e9t\u00e9 protocolis\u00e9 en garantissant la confidentialit\u00e9 et la tra\u00e7abilit\u00e9 en temps r\u00e9el.<\/span><\/p>\n<p><span style=\"font-family: helvetica, arial, sans-serif;\">La qualit\u00e9 se refl\u00e8te dans la satisfaction des patients et les b\u00e9n\u00e9fices sont visibles pour tous les acteurs impliqu\u00e9s, en soulignant le confort du patient, la distribution s\u00e9curis\u00e9e par un distributeur sp\u00e9cialis\u00e9 et la d\u00e9congestion du syst\u00e8me hospitalier.<\/span><\/p>\n<p><span style=\"font-family: helvetica, arial, sans-serif;\">Pour pouvoir \u00eatre men\u00e9e \u00e0 bien, en plus de la coordination indispensable, elle n\u00e9cessite un syst\u00e8me d'enregistrement et de suivi en temps r\u00e9el.<\/span><br \/>\n<span style=\"font-family: helvetica, arial, sans-serif;\">Les participants ont reconnu la capacit\u00e9 du pharmacien communautaire, au-del\u00e0 de la d\u00e9livrance du traitement, \u00e0 renforcer le syst\u00e8me en am\u00e9liorant les informations fournies au patient \u00e0 ce sujet, ainsi qu'en assurant un suivi pharmacoth\u00e9rapeutique et d'observance qui permette d'\u00e9valuer les r\u00e9sultats.<\/span><\/p>\n<p><span style=\"font-family: helvetica, arial, sans-serif;\">La formation comme l'information sp\u00e9cifique sont cl\u00e9s pour d\u00e9velopper ce travail.<\/span><\/p>\n<p><strong><span style=\"font-family: helvetica, arial, sans-serif;\">SPD<\/span><\/strong><br \/>\n<span style=\"font-family: helvetica, arial, sans-serif;\">Le SPD est un service de pr\u00e9paration hebdomadaire de m\u00e9dicaments dont l'objectif principal est d'am\u00e9liorer l'adh\u00e9rence au traitement pharmacologique en facilitant son utilisation correcte par une pr\u00e9paration et une supervision ad\u00e9quates par un pharmacien.<\/span><\/p>\n<p><span style=\"font-family: helvetica, arial, sans-serif;\">La r\u00e9glementation qui s'applique \u00e0 sa r\u00e9glementation d\u00e9termine que les conditions et les exigences doivent \u00eatre \u00e9tablies par les administrations sanitaires comp\u00e9tentes, avec des r\u00e9glementations autonomiques tr\u00e8s diverses.<\/span><\/p>\n<p><span style=\"font-family: helvetica, arial, sans-serif;\">Aux Canaries, un projet est en cours d'\u00e9laboration conform\u00e9ment aux crit\u00e8res convenus par le Comit\u00e9 Technique d'Inspection de l'AEMPS et, au sein du syst\u00e8me de sant\u00e9, on travaille \u00e0 l'am\u00e9lioration des outils permettant son d\u00e9veloppement de mani\u00e8re coordonn\u00e9e entre tous les acteurs concern\u00e9s.<\/span><\/p>\n<p><strong><span style=\"font-family: helvetica, arial, sans-serif;\"><img loading=\"lazy\" decoding=\"async\" class=\"wp-image-107076 alignleft\" src=\"https:\/\/www.coflaspalmas.es\/wp-content\/uploads\/2025\/05\/Q6A7163-Mejorado-NR-300x200.jpg\" alt=\"\" width=\"409\" height=\"273\" \/>Le suppl\u00e9ant<\/span><\/strong><br \/>\n<span style=\"font-family: helvetica, arial, sans-serif;\">La table ronde sur le r\u00f4le du pharmacien adjoint a soulign\u00e9 l'importance de renforcer son r\u00f4le pour favoriser une plus grande capacit\u00e9 de soins, en mettant l'accent sur sa contribution aux soins de sant\u00e9 et en promouvant une pharmacie plus globale et accessible.<\/span><br \/>\n<span style=\"font-family: helvetica, arial, sans-serif;\">Il a \u00e9t\u00e9 soulign\u00e9 la n\u00e9cessit\u00e9 de transformer le mod\u00e8le de travail dans les pharmacies communautaires, o\u00f9 le pharmacien adjoint dirige une \u00e9quipe qui travaille de mani\u00e8re int\u00e9gr\u00e9e et collaborative, en renfor\u00e7ant la proximit\u00e9 avec les patients et la d\u00e9tection des besoins sp\u00e9cifiques.<\/span><br \/>\n<span style=\"font-family: helvetica, arial, sans-serif;\">En outre, la valeur de la pharmacie dans le d\u00e9veloppement des comp\u00e9tences professionnelles et la consolidation d'un r\u00e9seau de pharmaciens a \u00e9t\u00e9 soulign\u00e9e.<\/span><\/p>\n<p><span style=\"font-family: helvetica, arial, sans-serif;\">Le r\u00f4le de la formation continue et du d\u00e9veloppement des comp\u00e9tences a \u00e9t\u00e9 un autre point cl\u00e9, consid\u00e9r\u00e9 comme un pilier fondamental pour dynamiser les services professionnels en pharmacie.<\/span><\/p>\n<p><span style=\"font-family: helvetica, arial, sans-serif;\">Enfin, les d\u00e9fis actuels du pharmacien adjoint ont \u00e9t\u00e9 abord\u00e9s, en soulignant la n\u00e9cessit\u00e9 d'une plus grande reconnaissance professionnelle et d'une autonomie accrue dans la prise de d\u00e9cision.<\/span><\/p>\n<p><span style=\"font-family: helvetica, arial, sans-serif;\">Sa proximit\u00e9 avec le patient lui conf\u00e8re une capacit\u00e9 unique \u00e0 d\u00e9tecter des besoins sp\u00e9cifiques, contribuant ainsi de mani\u00e8re significative \u00e0 la pr\u00e9vention des maladies et \u00e0 la promotion de saines habitudes dans la communaut\u00e9.<\/span><\/p>\n<p><strong><span style=\"font-family: helvetica, arial, sans-serif;\">Cl\u00f4ture<\/span><\/strong><br \/>\n<span style=\"font-family: helvetica, arial, sans-serif;\"><img loading=\"lazy\" decoding=\"async\" class=\"wp-image-107077 alignleft\" src=\"https:\/\/www.coflaspalmas.es\/wp-content\/uploads\/2025\/05\/Q6A7024-Mejorado-NR-300x200.jpg\" alt=\"\" width=\"335\" height=\"223\" \/>La pr\u00e9sidente du COFLP, Loreto G\u00f3mez, qui a cl\u00f4tur\u00e9 les journ\u00e9es, a soulign\u00e9 l'importance de l'engagement des pharmaciens envers la soci\u00e9t\u00e9 et de leur r\u00f4le dans le domaine de la sant\u00e9, mais a averti que cet engagement \u201c exige une formation et une mise \u00e0 jour permanentes \u201d, et a encourag\u00e9 \u00e0 lutter et \u00e0 appliquer les services pharmaceutiques dans toute leur dimension.<\/span><\/p>\n<p><span style=\"font-family: helvetica, arial, sans-serif;\">Les prix des affiches scientifiques pr\u00e9sent\u00e9es, plus d'une trentaine, ont \u00e9galement \u00e9t\u00e9 d\u00e9cern\u00e9s, le premier prix \u00e9tant attribu\u00e9 \u00e0 Juan Ram\u00f3n Santana Ayal (<em>Utilisation de l'Om\u00e9prazole et Risques d'Interactions M\u00e9dicamenteuses : D\u00e9tection et Pr\u00e9vention en Pharmacie<\/em>); le second pour Cecilia Monz\u00f3n Rodr\u00edguez (<em>Impact d'une Strat\u00e9gie Continue de Recertification du Pharmacien : une ann\u00e9e de mise en \u0153uvre<\/em>), et le troisi\u00e8me pour Manuel \u00c1ngel Galv\u00e1n Gonz\u00e1lez (<em>\u00c9volution du projet de communication entre les centres de sant\u00e9 \u2013 pharmacies : impact sur les soins pharmaceutiques et r\u00e9duction des visites en personne<\/em>).<\/span><\/p>\n<p><img loading=\"lazy\" decoding=\"async\" class=\"alignnone size-medium wp-image-107078\" src=\"https:\/\/www.coflaspalmas.es\/wp-content\/uploads\/2025\/05\/Q6A6181-Mejorado-NR-300x200.jpg\" alt=\"\" width=\"300\" height=\"200\" \/> \u00a0<img loading=\"lazy\" decoding=\"async\" class=\"alignnone size-medium wp-image-107079\" src=\"https:\/\/www.coflaspalmas.es\/wp-content\/uploads\/2025\/05\/Q6A6878-Mejorado-NR-300x200.jpg\" alt=\"\" width=\"300\" height=\"200\" \/> \u00a0<img loading=\"lazy\" decoding=\"async\" class=\"alignnone size-medium wp-image-107080\" src=\"https:\/\/www.coflaspalmas.es\/wp-content\/uploads\/2025\/05\/Q6A6979-Mejorado-NR-300x200.jpg\" alt=\"\" width=\"300\" height=\"200\" \/><img loading=\"lazy\" decoding=\"async\" class=\"alignnone size-medium wp-image-107081\" src=\"https:\/\/www.coflaspalmas.es\/wp-content\/uploads\/2025\/05\/Q6A7062-Mejorado-NR-300x200.jpg\" alt=\"\" width=\"300\" height=\"200\" \/> \u00a0<img loading=\"lazy\" decoding=\"async\" class=\"alignnone size-medium wp-image-107082\" src=\"https:\/\/www.coflaspalmas.es\/wp-content\/uploads\/2025\/05\/Q6A7117-Mejorado-NR-300x200.jpg\" alt=\"\" width=\"300\" height=\"200\" \/> \u00a0<img loading=\"lazy\" decoding=\"async\" class=\"alignnone size-medium wp-image-107083\" src=\"https:\/\/www.coflaspalmas.es\/wp-content\/uploads\/2025\/05\/Q6A7293-300x200.jpg\" alt=\"\" width=\"300\" height=\"200\" \/><\/p>","protected":false},"excerpt":{"rendered":"<p>En el marco de las X Jornadas Farmac\u00e9utica Canarias, el secretario del Consejo de Colegios Farmac\u00e9uticos de Canarias (COFCAN), Francisco Miranda, present\u00f3 el documento Servicios Profesionales Farmac\u00e9uticos Asistenciales (SPFA) en las oficinas de farmacia de Canarias, el llamado Libro Blanco, y que recoge el reconocimiento de la capacitaci\u00f3n de los profesionales y acreditaci\u00f3n de la [&hellip;]<\/p>\n","protected":false},"author":2427,"featured_media":26046330,"comment_status":"closed","ping_status":"closed","sticky":false,"template":"","format":"standard","meta":{"_et_pb_use_builder":"","_et_pb_old_content":"","_et_gb_content_width":"","footnotes":""},"categories":[247,11],"tags":[],"class_list":["post-107072","post","type-post","status-publish","format-standard","has-post-thumbnail","hentry","category-boletin-2025","category-noticias"],"yoast_head":"<!-- This site is optimized with the Yoast SEO plugin v24.7 - https:\/\/yoast.com\/wordpress\/plugins\/seo\/ -->\n<title>Canarias cuenta desde hoy con el \u201cLibro blanco de Servicios Asistenciales Farmac\u00e9uticos\u201d - COFLP<\/title>\n<meta name=\"robots\" content=\"index, follow, max-snippet:-1, max-image-preview:large, max-video-preview:-1\" \/>\n<link rel=\"canonical\" href=\"https:\/\/www.coflaspalmas.es\/fr\/canarias-cuenta-desde-hoy-con-el-libro-blanco-de-servicios-asistenciales-farmaceuticos\/\" \/>\n<meta property=\"og:locale\" content=\"fr_FR\" \/>\n<meta property=\"og:type\" content=\"article\" \/>\n<meta property=\"og:title\" content=\"Canarias cuenta desde hoy con el \u201cLibro blanco de Servicios Asistenciales Farmac\u00e9uticos\u201d - COFLP\" \/>\n<meta property=\"og:description\" content=\"En el marco de las X Jornadas Farmac\u00e9utica Canarias, el secretario del Consejo de Colegios Farmac\u00e9uticos de Canarias (COFCAN), Francisco Miranda, present\u00f3 el documento Servicios Profesionales Farmac\u00e9uticos Asistenciales (SPFA) en las oficinas de farmacia de Canarias, el llamado Libro Blanco, y que recoge el reconocimiento de la capacitaci\u00f3n de los profesionales y acreditaci\u00f3n de la [&hellip;]\" \/>\n<meta property=\"og:url\" content=\"https:\/\/www.coflaspalmas.es\/fr\/canarias-cuenta-desde-hoy-con-el-libro-blanco-de-servicios-asistenciales-farmaceuticos\/\" \/>\n<meta property=\"og:site_name\" content=\"COFLP\" \/>\n<meta property=\"article:published_time\" content=\"2025-05-10T14:33:55+00:00\" \/>\n<meta property=\"article:modified_time\" content=\"2025-11-12T09:11:28+00:00\" \/>\n<meta property=\"og:image\" content=\"https:\/\/www.coflaspalmas.es\/wp-content\/uploads\/2025\/05\/Q6A6988-500x500-1.jpg?wsr\" \/>\n\t<meta property=\"og:image:width\" content=\"500\" \/>\n\t<meta property=\"og:image:height\" content=\"500\" \/>\n\t<meta property=\"og:image:type\" content=\"image\/jpeg\" \/>\n<meta name=\"author\" content=\"soporte\" \/>\n<meta name=\"twitter:card\" content=\"summary_large_image\" \/>\n<meta name=\"twitter:label1\" content=\"\u00c9crit par\" \/>\n\t<meta name=\"twitter:data1\" content=\"soporte\" \/>\n\t<meta name=\"twitter:label2\" content=\"Dur\u00e9e de lecture estim\u00e9e\" \/>\n\t<meta name=\"twitter:data2\" content=\"8 minutes\" \/>\n<script type=\"application\/ld+json\" class=\"yoast-schema-graph\">{\"@context\":\"https:\/\/schema.org\",\"@graph\":[{\"@type\":\"WebPage\",\"@id\":\"https:\/\/www.coflaspalmas.es\/canarias-cuenta-desde-hoy-con-el-libro-blanco-de-servicios-asistenciales-farmaceuticos\/\",\"url\":\"https:\/\/www.coflaspalmas.es\/canarias-cuenta-desde-hoy-con-el-libro-blanco-de-servicios-asistenciales-farmaceuticos\/\",\"name\":\"Canarias cuenta desde hoy con el \u201cLibro blanco de Servicios Asistenciales Farmac\u00e9uticos\u201d - COFLP\",\"isPartOf\":{\"@id\":\"https:\/\/www.coflaspalmas.es\/#website\"},\"primaryImageOfPage\":{\"@id\":\"https:\/\/www.coflaspalmas.es\/canarias-cuenta-desde-hoy-con-el-libro-blanco-de-servicios-asistenciales-farmaceuticos\/#primaryimage\"},\"image\":{\"@id\":\"https:\/\/www.coflaspalmas.es\/canarias-cuenta-desde-hoy-con-el-libro-blanco-de-servicios-asistenciales-farmaceuticos\/#primaryimage\"},\"thumbnailUrl\":\"https:\/\/www.coflaspalmas.es\/wp-content\/uploads\/2025\/05\/Q6A6988-500x500-1.jpg?wsr\",\"datePublished\":\"2025-05-10T14:33:55+00:00\",\"dateModified\":\"2025-11-12T09:11:28+00:00\",\"author\":{\"@id\":\"https:\/\/www.coflaspalmas.es\/#\/schema\/person\/ccf588cbe6c4345ebe4086a038142b96\"},\"breadcrumb\":{\"@id\":\"https:\/\/www.coflaspalmas.es\/canarias-cuenta-desde-hoy-con-el-libro-blanco-de-servicios-asistenciales-farmaceuticos\/#breadcrumb\"},\"inLanguage\":\"fr-FR\",\"potentialAction\":[{\"@type\":\"ReadAction\",\"target\":[\"https:\/\/www.coflaspalmas.es\/canarias-cuenta-desde-hoy-con-el-libro-blanco-de-servicios-asistenciales-farmaceuticos\/\"]}]},{\"@type\":\"ImageObject\",\"inLanguage\":\"fr-FR\",\"@id\":\"https:\/\/www.coflaspalmas.es\/canarias-cuenta-desde-hoy-con-el-libro-blanco-de-servicios-asistenciales-farmaceuticos\/#primaryimage\",\"url\":\"https:\/\/www.coflaspalmas.es\/wp-content\/uploads\/2025\/05\/Q6A6988-500x500-1.jpg?wsr\",\"contentUrl\":\"https:\/\/www.coflaspalmas.es\/wp-content\/uploads\/2025\/05\/Q6A6988-500x500-1.jpg?wsr\",\"width\":500,\"height\":500},{\"@type\":\"BreadcrumbList\",\"@id\":\"https:\/\/www.coflaspalmas.es\/canarias-cuenta-desde-hoy-con-el-libro-blanco-de-servicios-asistenciales-farmaceuticos\/#breadcrumb\",\"itemListElement\":[{\"@type\":\"ListItem\",\"position\":1,\"name\":\"Portada\",\"item\":\"https:\/\/www.coflaspalmas.es\/\"},{\"@type\":\"ListItem\",\"position\":2,\"name\":\"Canarias cuenta desde hoy con el \u201cLibro blanco de Servicios Asistenciales Farmac\u00e9uticos\u201d\"}]},{\"@type\":\"WebSite\",\"@id\":\"https:\/\/www.coflaspalmas.es\/#website\",\"url\":\"https:\/\/www.coflaspalmas.es\/\",\"name\":\"COF Las Palmas\",\"description\":\"Colegio de Farmac\u00e9uticos Las Palmas.\",\"potentialAction\":[{\"@type\":\"SearchAction\",\"target\":{\"@type\":\"EntryPoint\",\"urlTemplate\":\"https:\/\/www.coflaspalmas.es\/?s={search_term_string}\"},\"query-input\":{\"@type\":\"PropertyValueSpecification\",\"valueRequired\":true,\"valueName\":\"search_term_string\"}}],\"inLanguage\":\"fr-FR\"},{\"@type\":\"Person\",\"@id\":\"https:\/\/www.coflaspalmas.es\/#\/schema\/person\/ccf588cbe6c4345ebe4086a038142b96\",\"name\":\"soporte\",\"image\":{\"@type\":\"ImageObject\",\"inLanguage\":\"fr-FR\",\"@id\":\"https:\/\/www.coflaspalmas.es\/#\/schema\/person\/image\/\",\"url\":\"https:\/\/secure.gravatar.com\/avatar\/d654455f4c3e474456c4922a586b96e354b5a500cfe1f1f2f60ef083808bf21b?s=96&d=mm&r=g\",\"contentUrl\":\"https:\/\/secure.gravatar.com\/avatar\/d654455f4c3e474456c4922a586b96e354b5a500cfe1f1f2f60ef083808bf21b?s=96&d=mm&r=g\",\"caption\":\"soporte\"},\"url\":\"https:\/\/www.coflaspalmas.es\/fr\/author\/soporte\/\"}]}<\/script>\n<!-- \/ Yoast SEO plugin. -->","yoast_head_json":{"title":"Canarias cuenta desde hoy con el \u201cLibro blanco de Servicios Asistenciales Farmac\u00e9uticos\u201d - COFLP","robots":{"index":"index","follow":"follow","max-snippet":"max-snippet:-1","max-image-preview":"max-image-preview:large","max-video-preview":"max-video-preview:-1"},"canonical":"https:\/\/www.coflaspalmas.es\/fr\/canarias-cuenta-desde-hoy-con-el-libro-blanco-de-servicios-asistenciales-farmaceuticos\/","og_locale":"fr_FR","og_type":"article","og_title":"Canarias cuenta desde hoy con el \u201cLibro blanco de Servicios Asistenciales Farmac\u00e9uticos\u201d - COFLP","og_description":"En el marco de las X Jornadas Farmac\u00e9utica Canarias, el secretario del Consejo de Colegios Farmac\u00e9uticos de Canarias (COFCAN), Francisco Miranda, present\u00f3 el documento Servicios Profesionales Farmac\u00e9uticos Asistenciales (SPFA) en las oficinas de farmacia de Canarias, el llamado Libro Blanco, y que recoge el reconocimiento de la capacitaci\u00f3n de los profesionales y acreditaci\u00f3n de la [&hellip;]","og_url":"https:\/\/www.coflaspalmas.es\/fr\/canarias-cuenta-desde-hoy-con-el-libro-blanco-de-servicios-asistenciales-farmaceuticos\/","og_site_name":"COFLP","article_published_time":"2025-05-10T14:33:55+00:00","article_modified_time":"2025-11-12T09:11:28+00:00","og_image":[{"width":500,"height":500,"url":"https:\/\/www.coflaspalmas.es\/wp-content\/uploads\/2025\/05\/Q6A6988-500x500-1.jpg?wsr","type":"image\/jpeg"}],"author":"soporte","twitter_card":"summary_large_image","twitter_misc":{"\u00c9crit par":"soporte","Dur\u00e9e de lecture estim\u00e9e":"8 minutes"},"schema":{"@context":"https:\/\/schema.org","@graph":[{"@type":"WebPage","@id":"https:\/\/www.coflaspalmas.es\/canarias-cuenta-desde-hoy-con-el-libro-blanco-de-servicios-asistenciales-farmaceuticos\/","url":"https:\/\/www.coflaspalmas.es\/canarias-cuenta-desde-hoy-con-el-libro-blanco-de-servicios-asistenciales-farmaceuticos\/","name":"Canarias cuenta desde hoy con el \u201cLibro blanco de Servicios Asistenciales Farmac\u00e9uticos\u201d - COFLP","isPartOf":{"@id":"https:\/\/www.coflaspalmas.es\/#website"},"primaryImageOfPage":{"@id":"https:\/\/www.coflaspalmas.es\/canarias-cuenta-desde-hoy-con-el-libro-blanco-de-servicios-asistenciales-farmaceuticos\/#primaryimage"},"image":{"@id":"https:\/\/www.coflaspalmas.es\/canarias-cuenta-desde-hoy-con-el-libro-blanco-de-servicios-asistenciales-farmaceuticos\/#primaryimage"},"thumbnailUrl":"https:\/\/www.coflaspalmas.es\/wp-content\/uploads\/2025\/05\/Q6A6988-500x500-1.jpg?wsr","datePublished":"2025-05-10T14:33:55+00:00","dateModified":"2025-11-12T09:11:28+00:00","author":{"@id":"https:\/\/www.coflaspalmas.es\/#\/schema\/person\/ccf588cbe6c4345ebe4086a038142b96"},"breadcrumb":{"@id":"https:\/\/www.coflaspalmas.es\/canarias-cuenta-desde-hoy-con-el-libro-blanco-de-servicios-asistenciales-farmaceuticos\/#breadcrumb"},"inLanguage":"fr-FR","potentialAction":[{"@type":"ReadAction","target":["https:\/\/www.coflaspalmas.es\/canarias-cuenta-desde-hoy-con-el-libro-blanco-de-servicios-asistenciales-farmaceuticos\/"]}]},{"@type":"ImageObject","inLanguage":"fr-FR","@id":"https:\/\/www.coflaspalmas.es\/canarias-cuenta-desde-hoy-con-el-libro-blanco-de-servicios-asistenciales-farmaceuticos\/#primaryimage","url":"https:\/\/www.coflaspalmas.es\/wp-content\/uploads\/2025\/05\/Q6A6988-500x500-1.jpg?wsr","contentUrl":"https:\/\/www.coflaspalmas.es\/wp-content\/uploads\/2025\/05\/Q6A6988-500x500-1.jpg?wsr","width":500,"height":500},{"@type":"BreadcrumbList","@id":"https:\/\/www.coflaspalmas.es\/canarias-cuenta-desde-hoy-con-el-libro-blanco-de-servicios-asistenciales-farmaceuticos\/#breadcrumb","itemListElement":[{"@type":"ListItem","position":1,"name":"Portada","item":"https:\/\/www.coflaspalmas.es\/"},{"@type":"ListItem","position":2,"name":"Canarias cuenta desde hoy con el \u201cLibro blanco de Servicios Asistenciales Farmac\u00e9uticos\u201d"}]},{"@type":"WebSite","@id":"https:\/\/www.coflaspalmas.es\/#website","url":"https:\/\/www.coflaspalmas.es\/","name":"COF Las Palmas","description":"Colegio de Farmac\u00e9uticos Las Palmas.","potentialAction":[{"@type":"SearchAction","target":{"@type":"EntryPoint","urlTemplate":"https:\/\/www.coflaspalmas.es\/?s={search_term_string}"},"query-input":{"@type":"PropertyValueSpecification","valueRequired":true,"valueName":"search_term_string"}}],"inLanguage":"fr-FR"},{"@type":"Person","@id":"https:\/\/www.coflaspalmas.es\/#\/schema\/person\/ccf588cbe6c4345ebe4086a038142b96","name":"soporte","image":{"@type":"ImageObject","inLanguage":"fr-FR","@id":"https:\/\/www.coflaspalmas.es\/#\/schema\/person\/image\/","url":"https:\/\/secure.gravatar.com\/avatar\/d654455f4c3e474456c4922a586b96e354b5a500cfe1f1f2f60ef083808bf21b?s=96&d=mm&r=g","contentUrl":"https:\/\/secure.gravatar.com\/avatar\/d654455f4c3e474456c4922a586b96e354b5a500cfe1f1f2f60ef083808bf21b?s=96&d=mm&r=g","caption":"soporte"},"url":"https:\/\/www.coflaspalmas.es\/fr\/author\/soporte\/"}]}},"_links":{"self":[{"href":"https:\/\/www.coflaspalmas.es\/fr\/wp-json\/wp\/v2\/posts\/107072","targetHints":{"allow":["GET"]}}],"collection":[{"href":"https:\/\/www.coflaspalmas.es\/fr\/wp-json\/wp\/v2\/posts"}],"about":[{"href":"https:\/\/www.coflaspalmas.es\/fr\/wp-json\/wp\/v2\/types\/post"}],"author":[{"embeddable":true,"href":"https:\/\/www.coflaspalmas.es\/fr\/wp-json\/wp\/v2\/users\/2427"}],"replies":[{"embeddable":true,"href":"https:\/\/www.coflaspalmas.es\/fr\/wp-json\/wp\/v2\/comments?post=107072"}],"version-history":[{"count":1,"href":"https:\/\/www.coflaspalmas.es\/fr\/wp-json\/wp\/v2\/posts\/107072\/revisions"}],"predecessor-version":[{"id":26046080,"href":"https:\/\/www.coflaspalmas.es\/fr\/wp-json\/wp\/v2\/posts\/107072\/revisions\/26046080"}],"wp:featuredmedia":[{"embeddable":true,"href":"https:\/\/www.coflaspalmas.es\/fr\/wp-json\/wp\/v2\/media\/26046330"}],"wp:attachment":[{"href":"https:\/\/www.coflaspalmas.es\/fr\/wp-json\/wp\/v2\/media?parent=107072"}],"wp:term":[{"taxonomy":"category","embeddable":true,"href":"https:\/\/www.coflaspalmas.es\/fr\/wp-json\/wp\/v2\/categories?post=107072"},{"taxonomy":"post_tag","embeddable":true,"href":"https:\/\/www.coflaspalmas.es\/fr\/wp-json\/wp\/v2\/tags?post=107072"}],"curies":[{"name":"wp","href":"https:\/\/api.w.org\/{rel}","templated":true}]}}