{"id":107554,"date":"2025-06-04T12:28:14","date_gmt":"2025-06-04T10:28:14","guid":{"rendered":"https:\/\/www.coflaspalmas.es\/?p=107554"},"modified":"2025-11-12T10:11:28","modified_gmt":"2025-11-12T09:11:28","slug":"la-mesa-electoral-proclama-las-candidaturas-para-las-elecciones-del-28-de-junio","status":"publish","type":"post","link":"https:\/\/www.coflaspalmas.es\/fr\/la-mesa-electoral-proclama-las-candidaturas-para-las-elecciones-del-28-de-junio\/","title":{"rendered":"La Mesa Electoral proclama les candidatures pour les \u00e9lections du 28 juin"},"content":{"rendered":"<p><span style=\"font-family: helvetica, arial, sans-serif;\">La Mesa Electoral, r\u00e9unie le 3 juin 2025, a d\u00e9cid\u00e9 de proclamer les candidatures pour les \u00e9lections au Conseil d'Administration de l'Ordre Officiel des Pharmaciens de Las Palmas (COFLP) qui auront lieu le 28 juin 2025, samedi, et lors desquelles il sera possible de voter en personne et par courrier \u00e9lectronique. En ce qui concerne la candidature g\u00e9n\u00e9rale, l'organe de gestion a approuv\u00e9 les suivantes.<\/span><\/p>\n<p><span style=\"font-family: helvetica, arial, sans-serif;\"><strong>Premi\u00e8re candidature :<\/strong><\/span><\/p>\n<p><span style=\"font-family: helvetica, arial, sans-serif;\">Pr\u00e9sidente : Mar\u00eda Loreto G\u00f3mez Guedes.<\/span><br \/>\n<span style=\"font-family: helvetica, arial, sans-serif;\">Vice-pr\u00e9sidente : Margarita Ben\u00edtez Armas.<\/span><br \/>\n<span style=\"font-family: helvetica, arial, sans-serif;\">Secr\u00e9taire : Julia Machado Roa.<\/span><br \/>\n<span style=\"font-family: helvetica, arial, sans-serif;\">Tr\u00e9sorier : Tom\u00e1s Valido Sanrom\u00e1n.<\/span><br \/>\n<span style=\"font-family: helvetica, arial, sans-serif;\">Comptable : Fernando Artiles Campelo.<\/span><\/p>\n<p><span style=\"font-family: helvetica, arial, sans-serif;\"><strong>Deuxi\u00e8me candidature :<\/strong><\/span><\/p>\n<p><span style=\"font-family: helvetica, arial, sans-serif;\">Pr\u00e9sidente : Mar\u00eda Elena Hern\u00e1ndez Navarro.<\/span><br \/>\n<span style=\"font-family: helvetica, arial, sans-serif;\">Vice-pr\u00e9sidente : Isabel Concepci\u00f3n del Campo Viedma.<\/span><br \/>\n<span style=\"font-family: helvetica, arial, sans-serif;\">Secr\u00e9taire : Marta P\u00e9rez Vadillo.<\/span><br \/>\n<span style=\"font-family: helvetica, arial, sans-serif;\">Tr\u00e9sorier : Arturo Aragon\u00e9s Miranda.<\/span><br \/>\n<span style=\"font-family: helvetica, arial, sans-serif;\">Comptable : Francisco Jos\u00e9 Medina Hermoso.<\/span><\/p>\n<p><span style=\"font-family: helvetica, arial, sans-serif;\">En ce qui concerne les postes \u00e9lectifs, les suivants ont \u00e9t\u00e9 d\u00e9finis :<\/span><\/p>\n<p><span style=\"font-family: helvetica, arial, sans-serif;\"><strong>-Voix des num\u00e9ros un<\/strong><\/span><br \/>\n<span style=\"font-family: helvetica, arial, sans-serif;\">Mar\u00eda del Pino Morales Fari\u00f1a.<\/span><br \/>\n<span style=\"font-family: helvetica, arial, sans-serif;\">Valent\u00edn Robledano Cort\u00e9s.<\/span><\/p>\n<p><span style=\"font-family: helvetica, arial, sans-serif;\"><strong>-Vocal de N\u00famero Segundo<\/strong><\/span><br \/>\n<span style=\"font-family: helvetica, arial, sans-serif;\">Yeray Miguel Guti\u00e9rrez Brito.<\/span><br \/>\n<span style=\"font-family: helvetica, arial, sans-serif;\">Cynthia D\u00e9niz Da\u2019Costa.<\/span><\/p>\n<p><span style=\"font-family: helvetica, arial, sans-serif;\"><strong>-Vocal de Adjuntos<\/strong><\/span><br \/>\n<span style=\"font-family: helvetica, arial, sans-serif;\">Abraham Ben\u00edtez D\u00edaz.<\/span><br \/>\n<span style=\"font-family: helvetica, arial, sans-serif;\">Idaira S\u00e1nchez Santana.<\/span><\/p>\n<p><span style=\"font-family: helvetica, arial, sans-serif;\"><strong>-Vocal de Distribuci\u00f3n<\/strong><\/span><br \/>\n<span style=\"font-family: helvetica, arial, sans-serif;\">Mar\u00eda Auxiliadora Del Rosario Dom\u00ednguez.<\/span><br \/>\n<span style=\"font-family: helvetica, arial, sans-serif;\">Davinia Meli\u00e1n Marrero.<\/span><\/p>\n<p><span style=\"font-family: helvetica, arial, sans-serif;\"><strong>-Vocal d'Orthop\u00e9die<\/strong><\/span><br \/>\n<span style=\"font-family: helvetica, arial, sans-serif;\">David Mayor Gom\u00e1.<\/span><br \/>\n<span style=\"font-family: helvetica, arial, sans-serif;\">Josefa Mar\u00eda Gonz\u00e1lez Arbelo.<\/span><\/p>\n<p><span style=\"font-family: helvetica, arial, sans-serif;\">Enfin, et en application des dispositions du point 3 du Processus \u00c9lectoral pr\u00e9vu dans les pr\u00e9sentes Normes \u00c9lectorales, selon lesquelles lorsqu'il n'y a qu'une seule candidature proclam\u00e9e, tant pour les postes de la Candidature G\u00e9n\u00e9rale, que pour les postes de membres titulaires, techniques et territoriaux, tous les candidats de la candidature g\u00e9n\u00e9rale ou des postes correspondants seront proclam\u00e9s \u00e9lus, sont proclam\u00e9s \u00e9lus les suivants :<\/span><\/p>\n<p><span style=\"font-family: helvetica, arial, sans-serif;\"><strong>Vocal de Salud P\u00fablica y Administraci\u00f3n:<\/strong> Manuel Herrera Artiles.<\/span><br \/>\n<span style=\"font-family: helvetica, arial, sans-serif;\"><strong>Vocal de An\u00e1lisis Cl\u00ednicos<\/strong> Patricia Nogueira Salgueiro.<\/span><br \/>\n<span style=\"font-family: helvetica, arial, sans-serif;\"><strong>Chanson de pharmacie hospitali\u00e8re :<\/strong> Cristina Crespo Mart\u00ednez.<\/span><br \/>\n<span style=\"font-family: helvetica, arial, sans-serif;\"><strong>Vocal de Docencia e Investigaci\u00f3n<\/strong> C\u00e9sar Montealegre G\u00f3mez.<\/span><br \/>\n<span style=\"font-family: helvetica, arial, sans-serif;\"><strong>Voix de la Pharmacie :<\/strong> Roc\u00edo Pulido S\u00e1nchez.<\/span><br \/>\n<span style=\"font-family: helvetica, arial, sans-serif;\"><strong>Vocal de Alimentaci\u00f3n:<\/strong> Silvia Lara Afonso Trujillo.<\/span><br \/>\n<span style=\"font-family: helvetica, arial, sans-serif;\"><strong>Vocal de Dermofarmacia:<\/strong> Ingrid Granados S\u00e1nchez.<\/span><\/p>","protected":false},"excerpt":{"rendered":"<p>La Mesa Electoral, reunida el 3 de junio de 2025, acord\u00f3 proclamar las candidaturas para las elecciones a la Junta de Gobierno del Colegio Oficial de Farmac\u00e9uticos de Las Palmas (COFLP) que tendr\u00e1n lugar el pr\u00f3ximo 28 de junio de 2025, s\u00e1bado, y en la que se podr\u00e1 votar tanto presencialmente como por correo electr\u00f3nico. [&hellip;]<\/p>\n","protected":false},"author":2427,"featured_media":26046328,"comment_status":"closed","ping_status":"closed","sticky":false,"template":"","format":"standard","meta":{"_et_pb_use_builder":"","_et_pb_old_content":"","_et_gb_content_width":"","footnotes":""},"categories":[247,11,1],"tags":[],"class_list":["post-107554","post","type-post","status-publish","format-standard","has-post-thumbnail","hentry","category-boletin-2025","category-noticias","category-sin-categoria"],"yoast_head":"<!-- This site is optimized with the Yoast SEO plugin v24.7 - https:\/\/yoast.com\/wordpress\/plugins\/seo\/ -->\n<title>La Mesa Electoral proclama las candidaturas para las elecciones del 28 de junio - COFLP<\/title>\n<meta name=\"robots\" content=\"index, follow, max-snippet:-1, max-image-preview:large, max-video-preview:-1\" \/>\n<link rel=\"canonical\" href=\"https:\/\/www.coflaspalmas.es\/fr\/la-mesa-electoral-proclama-las-candidaturas-para-las-elecciones-del-28-de-junio\/\" \/>\n<meta property=\"og:locale\" content=\"fr_FR\" \/>\n<meta property=\"og:type\" content=\"article\" \/>\n<meta property=\"og:title\" content=\"La Mesa Electoral proclama las candidaturas para las elecciones del 28 de junio - COFLP\" \/>\n<meta property=\"og:description\" content=\"La Mesa Electoral, reunida el 3 de junio de 2025, acord\u00f3 proclamar las candidaturas para las elecciones a la Junta de Gobierno del Colegio Oficial de Farmac\u00e9uticos de Las Palmas (COFLP) que tendr\u00e1n lugar el pr\u00f3ximo 28 de junio de 2025, s\u00e1bado, y en la que se podr\u00e1 votar tanto presencialmente como por correo electr\u00f3nico. [&hellip;]\" \/>\n<meta property=\"og:url\" content=\"https:\/\/www.coflaspalmas.es\/fr\/la-mesa-electoral-proclama-las-candidaturas-para-las-elecciones-del-28-de-junio\/\" \/>\n<meta property=\"og:site_name\" content=\"COFLP\" \/>\n<meta property=\"article:published_time\" content=\"2025-06-04T10:28:14+00:00\" \/>\n<meta property=\"article:modified_time\" content=\"2025-11-12T09:11:28+00:00\" \/>\n<meta property=\"og:image\" content=\"https:\/\/www.coflaspalmas.es\/wp-content\/uploads\/2025\/06\/Elecciones-28J-04062025-500x500-1.jpg?wsr\" \/>\n\t<meta property=\"og:image:width\" content=\"500\" \/>\n\t<meta property=\"og:image:height\" content=\"500\" \/>\n\t<meta property=\"og:image:type\" content=\"image\/jpeg\" \/>\n<meta name=\"author\" content=\"soporte\" \/>\n<meta name=\"twitter:card\" content=\"summary_large_image\" \/>\n<meta name=\"twitter:label1\" content=\"\u00c9crit par\" \/>\n\t<meta name=\"twitter:data1\" content=\"soporte\" \/>\n\t<meta name=\"twitter:label2\" content=\"Dur\u00e9e de lecture estim\u00e9e\" \/>\n\t<meta name=\"twitter:data2\" content=\"2 minutes\" \/>\n<script type=\"application\/ld+json\" class=\"yoast-schema-graph\">{\"@context\":\"https:\/\/schema.org\",\"@graph\":[{\"@type\":\"WebPage\",\"@id\":\"https:\/\/www.coflaspalmas.es\/la-mesa-electoral-proclama-las-candidaturas-para-las-elecciones-del-28-de-junio\/\",\"url\":\"https:\/\/www.coflaspalmas.es\/la-mesa-electoral-proclama-las-candidaturas-para-las-elecciones-del-28-de-junio\/\",\"name\":\"La Mesa Electoral proclama las candidaturas para las elecciones del 28 de junio - COFLP\",\"isPartOf\":{\"@id\":\"https:\/\/www.coflaspalmas.es\/#website\"},\"primaryImageOfPage\":{\"@id\":\"https:\/\/www.coflaspalmas.es\/la-mesa-electoral-proclama-las-candidaturas-para-las-elecciones-del-28-de-junio\/#primaryimage\"},\"image\":{\"@id\":\"https:\/\/www.coflaspalmas.es\/la-mesa-electoral-proclama-las-candidaturas-para-las-elecciones-del-28-de-junio\/#primaryimage\"},\"thumbnailUrl\":\"https:\/\/www.coflaspalmas.es\/wp-content\/uploads\/2025\/06\/Elecciones-28J-04062025-500x500-1.jpg?wsr\",\"datePublished\":\"2025-06-04T10:28:14+00:00\",\"dateModified\":\"2025-11-12T09:11:28+00:00\",\"author\":{\"@id\":\"https:\/\/www.coflaspalmas.es\/#\/schema\/person\/ccf588cbe6c4345ebe4086a038142b96\"},\"breadcrumb\":{\"@id\":\"https:\/\/www.coflaspalmas.es\/la-mesa-electoral-proclama-las-candidaturas-para-las-elecciones-del-28-de-junio\/#breadcrumb\"},\"inLanguage\":\"fr-FR\",\"potentialAction\":[{\"@type\":\"ReadAction\",\"target\":[\"https:\/\/www.coflaspalmas.es\/la-mesa-electoral-proclama-las-candidaturas-para-las-elecciones-del-28-de-junio\/\"]}]},{\"@type\":\"ImageObject\",\"inLanguage\":\"fr-FR\",\"@id\":\"https:\/\/www.coflaspalmas.es\/la-mesa-electoral-proclama-las-candidaturas-para-las-elecciones-del-28-de-junio\/#primaryimage\",\"url\":\"https:\/\/www.coflaspalmas.es\/wp-content\/uploads\/2025\/06\/Elecciones-28J-04062025-500x500-1.jpg?wsr\",\"contentUrl\":\"https:\/\/www.coflaspalmas.es\/wp-content\/uploads\/2025\/06\/Elecciones-28J-04062025-500x500-1.jpg?wsr\",\"width\":500,\"height\":500,\"caption\":\"Hand of a voter putting vote in the ballot box. Election concept.\"},{\"@type\":\"BreadcrumbList\",\"@id\":\"https:\/\/www.coflaspalmas.es\/la-mesa-electoral-proclama-las-candidaturas-para-las-elecciones-del-28-de-junio\/#breadcrumb\",\"itemListElement\":[{\"@type\":\"ListItem\",\"position\":1,\"name\":\"Portada\",\"item\":\"https:\/\/www.coflaspalmas.es\/\"},{\"@type\":\"ListItem\",\"position\":2,\"name\":\"La Mesa Electoral proclama las candidaturas para las elecciones del 28 de junio\"}]},{\"@type\":\"WebSite\",\"@id\":\"https:\/\/www.coflaspalmas.es\/#website\",\"url\":\"https:\/\/www.coflaspalmas.es\/\",\"name\":\"COF Las Palmas\",\"description\":\"Colegio de Farmac\u00e9uticos Las Palmas.\",\"potentialAction\":[{\"@type\":\"SearchAction\",\"target\":{\"@type\":\"EntryPoint\",\"urlTemplate\":\"https:\/\/www.coflaspalmas.es\/?s={search_term_string}\"},\"query-input\":{\"@type\":\"PropertyValueSpecification\",\"valueRequired\":true,\"valueName\":\"search_term_string\"}}],\"inLanguage\":\"fr-FR\"},{\"@type\":\"Person\",\"@id\":\"https:\/\/www.coflaspalmas.es\/#\/schema\/person\/ccf588cbe6c4345ebe4086a038142b96\",\"name\":\"soporte\",\"image\":{\"@type\":\"ImageObject\",\"inLanguage\":\"fr-FR\",\"@id\":\"https:\/\/www.coflaspalmas.es\/#\/schema\/person\/image\/\",\"url\":\"https:\/\/secure.gravatar.com\/avatar\/d654455f4c3e474456c4922a586b96e354b5a500cfe1f1f2f60ef083808bf21b?s=96&d=mm&r=g\",\"contentUrl\":\"https:\/\/secure.gravatar.com\/avatar\/d654455f4c3e474456c4922a586b96e354b5a500cfe1f1f2f60ef083808bf21b?s=96&d=mm&r=g\",\"caption\":\"soporte\"},\"url\":\"https:\/\/www.coflaspalmas.es\/fr\/author\/soporte\/\"}]}<\/script>\n<!-- \/ Yoast SEO plugin. -->","yoast_head_json":{"title":"La Mesa Electoral proclama las candidaturas para las elecciones del 28 de junio - COFLP","robots":{"index":"index","follow":"follow","max-snippet":"max-snippet:-1","max-image-preview":"max-image-preview:large","max-video-preview":"max-video-preview:-1"},"canonical":"https:\/\/www.coflaspalmas.es\/fr\/la-mesa-electoral-proclama-las-candidaturas-para-las-elecciones-del-28-de-junio\/","og_locale":"fr_FR","og_type":"article","og_title":"La Mesa Electoral proclama las candidaturas para las elecciones del 28 de junio - COFLP","og_description":"La Mesa Electoral, reunida el 3 de junio de 2025, acord\u00f3 proclamar las candidaturas para las elecciones a la Junta de Gobierno del Colegio Oficial de Farmac\u00e9uticos de Las Palmas (COFLP) que tendr\u00e1n lugar el pr\u00f3ximo 28 de junio de 2025, s\u00e1bado, y en la que se podr\u00e1 votar tanto presencialmente como por correo electr\u00f3nico. [&hellip;]","og_url":"https:\/\/www.coflaspalmas.es\/fr\/la-mesa-electoral-proclama-las-candidaturas-para-las-elecciones-del-28-de-junio\/","og_site_name":"COFLP","article_published_time":"2025-06-04T10:28:14+00:00","article_modified_time":"2025-11-12T09:11:28+00:00","og_image":[{"width":500,"height":500,"url":"https:\/\/www.coflaspalmas.es\/wp-content\/uploads\/2025\/06\/Elecciones-28J-04062025-500x500-1.jpg?wsr","type":"image\/jpeg"}],"author":"soporte","twitter_card":"summary_large_image","twitter_misc":{"\u00c9crit par":"soporte","Dur\u00e9e de lecture estim\u00e9e":"2 minutes"},"schema":{"@context":"https:\/\/schema.org","@graph":[{"@type":"WebPage","@id":"https:\/\/www.coflaspalmas.es\/la-mesa-electoral-proclama-las-candidaturas-para-las-elecciones-del-28-de-junio\/","url":"https:\/\/www.coflaspalmas.es\/la-mesa-electoral-proclama-las-candidaturas-para-las-elecciones-del-28-de-junio\/","name":"La Mesa Electoral proclama las candidaturas para las elecciones del 28 de junio - COFLP","isPartOf":{"@id":"https:\/\/www.coflaspalmas.es\/#website"},"primaryImageOfPage":{"@id":"https:\/\/www.coflaspalmas.es\/la-mesa-electoral-proclama-las-candidaturas-para-las-elecciones-del-28-de-junio\/#primaryimage"},"image":{"@id":"https:\/\/www.coflaspalmas.es\/la-mesa-electoral-proclama-las-candidaturas-para-las-elecciones-del-28-de-junio\/#primaryimage"},"thumbnailUrl":"https:\/\/www.coflaspalmas.es\/wp-content\/uploads\/2025\/06\/Elecciones-28J-04062025-500x500-1.jpg?wsr","datePublished":"2025-06-04T10:28:14+00:00","dateModified":"2025-11-12T09:11:28+00:00","author":{"@id":"https:\/\/www.coflaspalmas.es\/#\/schema\/person\/ccf588cbe6c4345ebe4086a038142b96"},"breadcrumb":{"@id":"https:\/\/www.coflaspalmas.es\/la-mesa-electoral-proclama-las-candidaturas-para-las-elecciones-del-28-de-junio\/#breadcrumb"},"inLanguage":"fr-FR","potentialAction":[{"@type":"ReadAction","target":["https:\/\/www.coflaspalmas.es\/la-mesa-electoral-proclama-las-candidaturas-para-las-elecciones-del-28-de-junio\/"]}]},{"@type":"ImageObject","inLanguage":"fr-FR","@id":"https:\/\/www.coflaspalmas.es\/la-mesa-electoral-proclama-las-candidaturas-para-las-elecciones-del-28-de-junio\/#primaryimage","url":"https:\/\/www.coflaspalmas.es\/wp-content\/uploads\/2025\/06\/Elecciones-28J-04062025-500x500-1.jpg?wsr","contentUrl":"https:\/\/www.coflaspalmas.es\/wp-content\/uploads\/2025\/06\/Elecciones-28J-04062025-500x500-1.jpg?wsr","width":500,"height":500,"caption":"Hand of a voter putting vote in the ballot box. Election concept."},{"@type":"BreadcrumbList","@id":"https:\/\/www.coflaspalmas.es\/la-mesa-electoral-proclama-las-candidaturas-para-las-elecciones-del-28-de-junio\/#breadcrumb","itemListElement":[{"@type":"ListItem","position":1,"name":"Portada","item":"https:\/\/www.coflaspalmas.es\/"},{"@type":"ListItem","position":2,"name":"La Mesa Electoral proclama las candidaturas para las elecciones del 28 de junio"}]},{"@type":"WebSite","@id":"https:\/\/www.coflaspalmas.es\/#website","url":"https:\/\/www.coflaspalmas.es\/","name":"COF Las Palmas","description":"Colegio de Farmac\u00e9uticos Las Palmas.","potentialAction":[{"@type":"SearchAction","target":{"@type":"EntryPoint","urlTemplate":"https:\/\/www.coflaspalmas.es\/?s={search_term_string}"},"query-input":{"@type":"PropertyValueSpecification","valueRequired":true,"valueName":"search_term_string"}}],"inLanguage":"fr-FR"},{"@type":"Person","@id":"https:\/\/www.coflaspalmas.es\/#\/schema\/person\/ccf588cbe6c4345ebe4086a038142b96","name":"soutien","image":{"@type":"ImageObject","inLanguage":"fr-FR","@id":"https:\/\/www.coflaspalmas.es\/#\/schema\/person\/image\/","url":"https:\/\/secure.gravatar.com\/avatar\/d654455f4c3e474456c4922a586b96e354b5a500cfe1f1f2f60ef083808bf21b?s=96&d=mm&r=g","contentUrl":"https:\/\/secure.gravatar.com\/avatar\/d654455f4c3e474456c4922a586b96e354b5a500cfe1f1f2f60ef083808bf21b?s=96&d=mm&r=g","caption":"soporte"},"url":"https:\/\/www.coflaspalmas.es\/fr\/author\/soporte\/"}]}},"_links":{"self":[{"href":"https:\/\/www.coflaspalmas.es\/fr\/wp-json\/wp\/v2\/posts\/107554","targetHints":{"allow":["GET"]}}],"collection":[{"href":"https:\/\/www.coflaspalmas.es\/fr\/wp-json\/wp\/v2\/posts"}],"about":[{"href":"https:\/\/www.coflaspalmas.es\/fr\/wp-json\/wp\/v2\/types\/post"}],"author":[{"embeddable":true,"href":"https:\/\/www.coflaspalmas.es\/fr\/wp-json\/wp\/v2\/users\/2427"}],"replies":[{"embeddable":true,"href":"https:\/\/www.coflaspalmas.es\/fr\/wp-json\/wp\/v2\/comments?post=107554"}],"version-history":[{"count":1,"href":"https:\/\/www.coflaspalmas.es\/fr\/wp-json\/wp\/v2\/posts\/107554\/revisions"}],"predecessor-version":[{"id":26046078,"href":"https:\/\/www.coflaspalmas.es\/fr\/wp-json\/wp\/v2\/posts\/107554\/revisions\/26046078"}],"wp:featuredmedia":[{"embeddable":true,"href":"https:\/\/www.coflaspalmas.es\/fr\/wp-json\/wp\/v2\/media\/26046328"}],"wp:attachment":[{"href":"https:\/\/www.coflaspalmas.es\/fr\/wp-json\/wp\/v2\/media?parent=107554"}],"wp:term":[{"taxonomy":"category","embeddable":true,"href":"https:\/\/www.coflaspalmas.es\/fr\/wp-json\/wp\/v2\/categories?post=107554"},{"taxonomy":"post_tag","embeddable":true,"href":"https:\/\/www.coflaspalmas.es\/fr\/wp-json\/wp\/v2\/tags?post=107554"}],"curies":[{"name":"wp","href":"https:\/\/api.w.org\/{rel}","templated":true}]}}