{"id":109880,"date":"2025-06-29T00:56:34","date_gmt":"2025-06-28T22:56:34","guid":{"rendered":"https:\/\/www.coflaspalmas.es\/?p=109880"},"modified":"2025-11-12T10:11:28","modified_gmt":"2025-11-12T09:11:28","slug":"loreto-gomez-renueva-la-confianza-y-presidira-el-coflp-hasta-2029","status":"publish","type":"post","link":"https:\/\/www.coflaspalmas.es\/fr\/loreto-gomez-renueva-la-confianza-y-presidira-el-coflp-hasta-2029\/","title":{"rendered":"Loreto G\u00f3mez renouvelle la confiance et pr\u00e9sidera le COFLP jusqu'en 2029"},"content":{"rendered":"<p><span style=\"font-family: tahoma, arial, helvetica, sans-serif; font-size: 12pt;\">Les \u00e9lections au Coll\u00e8ge officiel des pharmaciens de Las Palmas, au cours desquelles l'\u00e9quipe de direction ainsi que les postes de repr\u00e9sentants pour lesquels il y avait plus d'un candidat ont \u00e9t\u00e9 \u00e9lus, ont donn\u00e9 les r\u00e9sultats suivants :<\/span><\/p>\n<p><span style=\"font-family: tahoma, arial, helvetica, sans-serif; font-size: 12pt;\">Candidature g\u00e9n\u00e9rale :<\/span><\/p>\n<ul>\n<li><span style=\"font-family: tahoma, arial, helvetica, sans-serif; font-size: 12pt;\"> Pr\u00e9sidente : Mar\u00eda Loreto G\u00f3mez Guedes.<\/span><\/li>\n<li><span style=\"font-family: tahoma, arial, helvetica, sans-serif; font-size: 12pt;\"> Vice-pr\u00e9sidente : Margarita Ben\u00edtez Armas.<\/span><\/li>\n<li><span style=\"font-family: tahoma, arial, helvetica, sans-serif; font-size: 12pt;\"> Secr\u00e9taire : Julia Machado Roa.<\/span><\/li>\n<li><span style=\"font-family: tahoma, arial, helvetica, sans-serif; font-size: 12pt;\"> Tr\u00e9sorier : Tom\u00e1s Valido Sanrom\u00e1n.<\/span><\/li>\n<li><span style=\"font-family: tahoma, arial, helvetica, sans-serif; font-size: 12pt;\"> Comptable : Fernando Artiles Campelo.<\/span><\/li>\n<\/ul>\n<p>&nbsp;<\/p>\n<p><span style=\"font-family: tahoma, arial, helvetica, sans-serif; font-size: 12pt;\">Chambres syndicales<\/span><\/p>\n<ul>\n<li><span style=\"font-family: tahoma, arial, helvetica, sans-serif; font-size: 12pt;\"> Voix de Num\u00e9ro Premier : Mar\u00eda del Pino Morales Fari\u00f1a.<\/span><\/li>\n<li><span style=\"font-family: tahoma, arial, helvetica, sans-serif; font-size: 12pt;\"> Vocal de N\u00famero Segundo : Cynthia D\u00e9niz Da\u2019Costa.<\/span><\/li>\n<li><span style=\"font-family: tahoma, arial, helvetica, sans-serif; font-size: 12pt;\"> Vocal de Adjuntos : Idaira S\u00e1nchez Santana.<\/span><\/li>\n<li><span style=\"font-family: tahoma, arial, helvetica, sans-serif; font-size: 12pt;\"> Voix de la distribution : Mar\u00eda Auxiliadora Del Rosario Dom\u00ednguez.<\/span><\/li>\n<li><span style=\"font-family: tahoma, arial, helvetica, sans-serif; font-size: 12pt;\"> Vocal de Ortopedia : David Mayor Gom\u00e1.<\/span><\/li>\n<\/ul>\n<p><span style=\"font-family: tahoma, arial, helvetica, sans-serif; font-size: 12pt;\">De cette mani\u00e8re, Loreto G\u00f3mez renouvelle la confiance de ses coll\u00e8gues pharmaciens dans la province, qui s'est pr\u00e9sent\u00e9e avec une liste qui allie exp\u00e9rience et nouvelles perspectives. La pr\u00e9sidente \u00e9lue a d\u00e9clar\u00e9 \u00eatre reconnaissante pour la confiance et a soulign\u00e9 : \u201c nous savons que nous assumons une responsabilit\u00e9, c'est pourquoi nous continuerons \u00e0 travailler en nous consacrant \u00e0 tout ce que nous faisons et en gardant toujours un \u0153il sur nos coll\u00e8gues \u201d.<\/span><\/p>\n<p><span style=\"font-family: tahoma, arial, helvetica, sans-serif; font-size: 12pt;\">Les vocaux \u00e9lus aujourd'hui s'ajoutent \u00e0 ceux d\u00e9j\u00e0 \u00e9lus, un seul candidat s'\u00e9tant pr\u00e9sent\u00e9.<\/span><\/p>\n<ul>\n<li><span style=\"font-family: tahoma, arial, helvetica, sans-serif; font-size: 12pt;\">Vocal de Salud P\u00fablica y Administraci\u00f3n: Manuel Herrera Artiles.<\/span><\/li>\n<li><span style=\"font-family: tahoma, arial, helvetica, sans-serif; font-size: 12pt;\">Vocal de An\u00e1lisis Cl\u00ednicos: Patricia Nogueira Salgueiro.<\/span><\/li>\n<li><span style=\"font-family: tahoma, arial, helvetica, sans-serif; font-size: 12pt;\">Vocal de Farmacia Hospitalaria: Cristina Crespo Mart\u00ednez.<\/span><\/li>\n<li><span style=\"font-family: tahoma, arial, helvetica, sans-serif; font-size: 12pt;\">Voix de l'Enseignement et de la Recherche : C\u00e9sar Montealegre G\u00f3mez.<\/span><\/li>\n<li><span style=\"font-family: tahoma, arial, helvetica, sans-serif; font-size: 12pt;\">Vocal de Oficina de Farmacia: Roc\u00edo Pulido S\u00e1nchez.<\/span><\/li>\n<li><span style=\"font-family: tahoma, arial, helvetica, sans-serif; font-size: 12pt;\">Porte-parole de l'alimentation : Silvia Lara Afonso Trujillo.<\/span><\/li>\n<li><span style=\"font-family: tahoma, arial, helvetica, sans-serif; font-size: 12pt;\">Porte-parole de la Dermopharmacie : Ingrid Granados S\u00e1nchez.<\/span><\/li>\n<li><span style=\"font-family: tahoma, arial, helvetica, sans-serif; font-size: 12pt;\">Voix de Fuerteventura : Iv\u00e1n Rodr\u00edguez Mart\u00edn.<\/span><\/li>\n<li><span style=\"font-family: tahoma, arial, helvetica, sans-serif; font-size: 12pt;\">Vocal de Lanzarote y La Graciosa: Alicia Wildpret Zugaza.<\/span><\/li>\n<\/ul>","protected":false},"excerpt":{"rendered":"<p>Celebradas las elecciones del Colegio Oficial de Farmac\u00e9uticos de Las Palmas, en las que se eleg\u00eda tanto al equipo directivo como a las vocal\u00edas en las que hab\u00eda m\u00e1s de un candidato, el resultado es el siguiente: Candidatura general: Presidenta: Mar\u00eda Loreto G\u00f3mez Guedes. Vicepresidenta: Margarita Ben\u00edtez Armas. Secretaria: Julia Machado Roa. Tesorero: Tom\u00e1s Valido [&hellip;]<\/p>\n","protected":false},"author":2427,"featured_media":26046327,"comment_status":"closed","ping_status":"closed","sticky":false,"template":"","format":"standard","meta":{"_et_pb_use_builder":"","_et_pb_old_content":"","_et_gb_content_width":"","footnotes":""},"categories":[247,11],"tags":[],"class_list":["post-109880","post","type-post","status-publish","format-standard","has-post-thumbnail","hentry","category-boletin-2025","category-noticias"],"yoast_head":"<!-- This site is optimized with the Yoast SEO plugin v24.7 - https:\/\/yoast.com\/wordpress\/plugins\/seo\/ -->\n<title>Loreto G\u00f3mez renueva la confianza y presidir\u00e1 el COFLP hasta 2029 - COFLP<\/title>\n<meta name=\"robots\" content=\"index, follow, max-snippet:-1, max-image-preview:large, max-video-preview:-1\" \/>\n<link rel=\"canonical\" href=\"https:\/\/www.coflaspalmas.es\/fr\/loreto-gomez-renueva-la-confianza-y-presidira-el-coflp-hasta-2029\/\" \/>\n<meta property=\"og:locale\" content=\"fr_FR\" \/>\n<meta property=\"og:type\" content=\"article\" \/>\n<meta property=\"og:title\" content=\"Loreto G\u00f3mez renueva la confianza y presidir\u00e1 el COFLP hasta 2029 - COFLP\" \/>\n<meta property=\"og:description\" content=\"Celebradas las elecciones del Colegio Oficial de Farmac\u00e9uticos de Las Palmas, en las que se eleg\u00eda tanto al equipo directivo como a las vocal\u00edas en las que hab\u00eda m\u00e1s de un candidato, el resultado es el siguiente: Candidatura general: Presidenta: Mar\u00eda Loreto G\u00f3mez Guedes. Vicepresidenta: Margarita Ben\u00edtez Armas. Secretaria: Julia Machado Roa. Tesorero: Tom\u00e1s Valido [&hellip;]\" \/>\n<meta property=\"og:url\" content=\"https:\/\/www.coflaspalmas.es\/fr\/loreto-gomez-renueva-la-confianza-y-presidira-el-coflp-hasta-2029\/\" \/>\n<meta property=\"og:site_name\" content=\"COFLP\" \/>\n<meta property=\"article:published_time\" content=\"2025-06-28T22:56:34+00:00\" \/>\n<meta property=\"article:modified_time\" content=\"2025-11-12T09:11:28+00:00\" \/>\n<meta property=\"og:image\" content=\"https:\/\/www.coflaspalmas.es\/wp-content\/uploads\/2025\/06\/Plancha-2025-ganadora-RRSS-500x500-1.jpg?wsr\" \/>\n\t<meta property=\"og:image:width\" content=\"500\" \/>\n\t<meta property=\"og:image:height\" content=\"500\" \/>\n\t<meta property=\"og:image:type\" content=\"image\/jpeg\" \/>\n<meta name=\"author\" content=\"soporte\" \/>\n<meta name=\"twitter:card\" content=\"summary_large_image\" \/>\n<meta name=\"twitter:label1\" content=\"\u00c9crit par\" \/>\n\t<meta name=\"twitter:data1\" content=\"soporte\" \/>\n\t<meta name=\"twitter:label2\" content=\"Dur\u00e9e de lecture estim\u00e9e\" \/>\n\t<meta name=\"twitter:data2\" content=\"2 minutes\" \/>\n<script type=\"application\/ld+json\" class=\"yoast-schema-graph\">{\"@context\":\"https:\/\/schema.org\",\"@graph\":[{\"@type\":\"WebPage\",\"@id\":\"https:\/\/www.coflaspalmas.es\/loreto-gomez-renueva-la-confianza-y-presidira-el-coflp-hasta-2029\/\",\"url\":\"https:\/\/www.coflaspalmas.es\/loreto-gomez-renueva-la-confianza-y-presidira-el-coflp-hasta-2029\/\",\"name\":\"Loreto G\u00f3mez renueva la confianza y presidir\u00e1 el COFLP hasta 2029 - COFLP\",\"isPartOf\":{\"@id\":\"https:\/\/www.coflaspalmas.es\/#website\"},\"primaryImageOfPage\":{\"@id\":\"https:\/\/www.coflaspalmas.es\/loreto-gomez-renueva-la-confianza-y-presidira-el-coflp-hasta-2029\/#primaryimage\"},\"image\":{\"@id\":\"https:\/\/www.coflaspalmas.es\/loreto-gomez-renueva-la-confianza-y-presidira-el-coflp-hasta-2029\/#primaryimage\"},\"thumbnailUrl\":\"https:\/\/www.coflaspalmas.es\/wp-content\/uploads\/2025\/06\/Plancha-2025-ganadora-RRSS-500x500-1.jpg?wsr\",\"datePublished\":\"2025-06-28T22:56:34+00:00\",\"dateModified\":\"2025-11-12T09:11:28+00:00\",\"author\":{\"@id\":\"https:\/\/www.coflaspalmas.es\/#\/schema\/person\/ccf588cbe6c4345ebe4086a038142b96\"},\"breadcrumb\":{\"@id\":\"https:\/\/www.coflaspalmas.es\/loreto-gomez-renueva-la-confianza-y-presidira-el-coflp-hasta-2029\/#breadcrumb\"},\"inLanguage\":\"fr-FR\",\"potentialAction\":[{\"@type\":\"ReadAction\",\"target\":[\"https:\/\/www.coflaspalmas.es\/loreto-gomez-renueva-la-confianza-y-presidira-el-coflp-hasta-2029\/\"]}]},{\"@type\":\"ImageObject\",\"inLanguage\":\"fr-FR\",\"@id\":\"https:\/\/www.coflaspalmas.es\/loreto-gomez-renueva-la-confianza-y-presidira-el-coflp-hasta-2029\/#primaryimage\",\"url\":\"https:\/\/www.coflaspalmas.es\/wp-content\/uploads\/2025\/06\/Plancha-2025-ganadora-RRSS-500x500-1.jpg?wsr\",\"contentUrl\":\"https:\/\/www.coflaspalmas.es\/wp-content\/uploads\/2025\/06\/Plancha-2025-ganadora-RRSS-500x500-1.jpg?wsr\",\"width\":500,\"height\":500},{\"@type\":\"BreadcrumbList\",\"@id\":\"https:\/\/www.coflaspalmas.es\/loreto-gomez-renueva-la-confianza-y-presidira-el-coflp-hasta-2029\/#breadcrumb\",\"itemListElement\":[{\"@type\":\"ListItem\",\"position\":1,\"name\":\"Portada\",\"item\":\"https:\/\/www.coflaspalmas.es\/\"},{\"@type\":\"ListItem\",\"position\":2,\"name\":\"Loreto G\u00f3mez renueva la confianza y presidir\u00e1 el COFLP hasta 2029\"}]},{\"@type\":\"WebSite\",\"@id\":\"https:\/\/www.coflaspalmas.es\/#website\",\"url\":\"https:\/\/www.coflaspalmas.es\/\",\"name\":\"COF Las Palmas\",\"description\":\"Colegio de Farmac\u00e9uticos Las Palmas.\",\"potentialAction\":[{\"@type\":\"SearchAction\",\"target\":{\"@type\":\"EntryPoint\",\"urlTemplate\":\"https:\/\/www.coflaspalmas.es\/?s={search_term_string}\"},\"query-input\":{\"@type\":\"PropertyValueSpecification\",\"valueRequired\":true,\"valueName\":\"search_term_string\"}}],\"inLanguage\":\"fr-FR\"},{\"@type\":\"Person\",\"@id\":\"https:\/\/www.coflaspalmas.es\/#\/schema\/person\/ccf588cbe6c4345ebe4086a038142b96\",\"name\":\"soporte\",\"image\":{\"@type\":\"ImageObject\",\"inLanguage\":\"fr-FR\",\"@id\":\"https:\/\/www.coflaspalmas.es\/#\/schema\/person\/image\/\",\"url\":\"https:\/\/secure.gravatar.com\/avatar\/d654455f4c3e474456c4922a586b96e354b5a500cfe1f1f2f60ef083808bf21b?s=96&d=mm&r=g\",\"contentUrl\":\"https:\/\/secure.gravatar.com\/avatar\/d654455f4c3e474456c4922a586b96e354b5a500cfe1f1f2f60ef083808bf21b?s=96&d=mm&r=g\",\"caption\":\"soporte\"},\"url\":\"https:\/\/www.coflaspalmas.es\/fr\/author\/soporte\/\"}]}<\/script>\n<!-- \/ Yoast SEO plugin. -->","yoast_head_json":{"title":"Loreto G\u00f3mez renueva la confianza y presidir\u00e1 el COFLP hasta 2029 - COFLP","robots":{"index":"index","follow":"follow","max-snippet":"max-snippet:-1","max-image-preview":"max-image-preview:large","max-video-preview":"max-video-preview:-1"},"canonical":"https:\/\/www.coflaspalmas.es\/fr\/loreto-gomez-renueva-la-confianza-y-presidira-el-coflp-hasta-2029\/","og_locale":"fr_FR","og_type":"article","og_title":"Loreto G\u00f3mez renueva la confianza y presidir\u00e1 el COFLP hasta 2029 - COFLP","og_description":"Celebradas las elecciones del Colegio Oficial de Farmac\u00e9uticos de Las Palmas, en las que se eleg\u00eda tanto al equipo directivo como a las vocal\u00edas en las que hab\u00eda m\u00e1s de un candidato, el resultado es el siguiente: Candidatura general: Presidenta: Mar\u00eda Loreto G\u00f3mez Guedes. Vicepresidenta: Margarita Ben\u00edtez Armas. Secretaria: Julia Machado Roa. Tesorero: Tom\u00e1s Valido [&hellip;]","og_url":"https:\/\/www.coflaspalmas.es\/fr\/loreto-gomez-renueva-la-confianza-y-presidira-el-coflp-hasta-2029\/","og_site_name":"COFLP","article_published_time":"2025-06-28T22:56:34+00:00","article_modified_time":"2025-11-12T09:11:28+00:00","og_image":[{"width":500,"height":500,"url":"https:\/\/www.coflaspalmas.es\/wp-content\/uploads\/2025\/06\/Plancha-2025-ganadora-RRSS-500x500-1.jpg?wsr","type":"image\/jpeg"}],"author":"soporte","twitter_card":"summary_large_image","twitter_misc":{"\u00c9crit par":"soporte","Dur\u00e9e de lecture estim\u00e9e":"2 minutes"},"schema":{"@context":"https:\/\/schema.org","@graph":[{"@type":"WebPage","@id":"https:\/\/www.coflaspalmas.es\/loreto-gomez-renueva-la-confianza-y-presidira-el-coflp-hasta-2029\/","url":"https:\/\/www.coflaspalmas.es\/loreto-gomez-renueva-la-confianza-y-presidira-el-coflp-hasta-2029\/","name":"Loreto G\u00f3mez renueva la confianza y presidir\u00e1 el COFLP hasta 2029 - COFLP","isPartOf":{"@id":"https:\/\/www.coflaspalmas.es\/#website"},"primaryImageOfPage":{"@id":"https:\/\/www.coflaspalmas.es\/loreto-gomez-renueva-la-confianza-y-presidira-el-coflp-hasta-2029\/#primaryimage"},"image":{"@id":"https:\/\/www.coflaspalmas.es\/loreto-gomez-renueva-la-confianza-y-presidira-el-coflp-hasta-2029\/#primaryimage"},"thumbnailUrl":"https:\/\/www.coflaspalmas.es\/wp-content\/uploads\/2025\/06\/Plancha-2025-ganadora-RRSS-500x500-1.jpg?wsr","datePublished":"2025-06-28T22:56:34+00:00","dateModified":"2025-11-12T09:11:28+00:00","author":{"@id":"https:\/\/www.coflaspalmas.es\/#\/schema\/person\/ccf588cbe6c4345ebe4086a038142b96"},"breadcrumb":{"@id":"https:\/\/www.coflaspalmas.es\/loreto-gomez-renueva-la-confianza-y-presidira-el-coflp-hasta-2029\/#breadcrumb"},"inLanguage":"fr-FR","potentialAction":[{"@type":"ReadAction","target":["https:\/\/www.coflaspalmas.es\/loreto-gomez-renueva-la-confianza-y-presidira-el-coflp-hasta-2029\/"]}]},{"@type":"ImageObject","inLanguage":"fr-FR","@id":"https:\/\/www.coflaspalmas.es\/loreto-gomez-renueva-la-confianza-y-presidira-el-coflp-hasta-2029\/#primaryimage","url":"https:\/\/www.coflaspalmas.es\/wp-content\/uploads\/2025\/06\/Plancha-2025-ganadora-RRSS-500x500-1.jpg?wsr","contentUrl":"https:\/\/www.coflaspalmas.es\/wp-content\/uploads\/2025\/06\/Plancha-2025-ganadora-RRSS-500x500-1.jpg?wsr","width":500,"height":500},{"@type":"BreadcrumbList","@id":"https:\/\/www.coflaspalmas.es\/loreto-gomez-renueva-la-confianza-y-presidira-el-coflp-hasta-2029\/#breadcrumb","itemListElement":[{"@type":"ListItem","position":1,"name":"Portada","item":"https:\/\/www.coflaspalmas.es\/"},{"@type":"ListItem","position":2,"name":"Loreto G\u00f3mez renueva la confianza y presidir\u00e1 el COFLP hasta 2029"}]},{"@type":"WebSite","@id":"https:\/\/www.coflaspalmas.es\/#website","url":"https:\/\/www.coflaspalmas.es\/","name":"COF Las Palmas","description":"Colegio de Farmac\u00e9uticos Las Palmas.","potentialAction":[{"@type":"SearchAction","target":{"@type":"EntryPoint","urlTemplate":"https:\/\/www.coflaspalmas.es\/?s={search_term_string}"},"query-input":{"@type":"PropertyValueSpecification","valueRequired":true,"valueName":"search_term_string"}}],"inLanguage":"fr-FR"},{"@type":"Person","@id":"https:\/\/www.coflaspalmas.es\/#\/schema\/person\/ccf588cbe6c4345ebe4086a038142b96","name":"soporte","image":{"@type":"ImageObject","inLanguage":"fr-FR","@id":"https:\/\/www.coflaspalmas.es\/#\/schema\/person\/image\/","url":"https:\/\/secure.gravatar.com\/avatar\/d654455f4c3e474456c4922a586b96e354b5a500cfe1f1f2f60ef083808bf21b?s=96&d=mm&r=g","contentUrl":"https:\/\/secure.gravatar.com\/avatar\/d654455f4c3e474456c4922a586b96e354b5a500cfe1f1f2f60ef083808bf21b?s=96&d=mm&r=g","caption":"soporte"},"url":"https:\/\/www.coflaspalmas.es\/fr\/author\/soporte\/"}]}},"_links":{"self":[{"href":"https:\/\/www.coflaspalmas.es\/fr\/wp-json\/wp\/v2\/posts\/109880","targetHints":{"allow":["GET"]}}],"collection":[{"href":"https:\/\/www.coflaspalmas.es\/fr\/wp-json\/wp\/v2\/posts"}],"about":[{"href":"https:\/\/www.coflaspalmas.es\/fr\/wp-json\/wp\/v2\/types\/post"}],"author":[{"embeddable":true,"href":"https:\/\/www.coflaspalmas.es\/fr\/wp-json\/wp\/v2\/users\/2427"}],"replies":[{"embeddable":true,"href":"https:\/\/www.coflaspalmas.es\/fr\/wp-json\/wp\/v2\/comments?post=109880"}],"version-history":[{"count":1,"href":"https:\/\/www.coflaspalmas.es\/fr\/wp-json\/wp\/v2\/posts\/109880\/revisions"}],"predecessor-version":[{"id":26046077,"href":"https:\/\/www.coflaspalmas.es\/fr\/wp-json\/wp\/v2\/posts\/109880\/revisions\/26046077"}],"wp:featuredmedia":[{"embeddable":true,"href":"https:\/\/www.coflaspalmas.es\/fr\/wp-json\/wp\/v2\/media\/26046327"}],"wp:attachment":[{"href":"https:\/\/www.coflaspalmas.es\/fr\/wp-json\/wp\/v2\/media?parent=109880"}],"wp:term":[{"taxonomy":"category","embeddable":true,"href":"https:\/\/www.coflaspalmas.es\/fr\/wp-json\/wp\/v2\/categories?post=109880"},{"taxonomy":"post_tag","embeddable":true,"href":"https:\/\/www.coflaspalmas.es\/fr\/wp-json\/wp\/v2\/tags?post=109880"}],"curies":[{"name":"wp","href":"https:\/\/api.w.org\/{rel}","templated":true}]}}