{"id":111487,"date":"2025-07-17T11:39:45","date_gmt":"2025-07-17T09:39:45","guid":{"rendered":"https:\/\/www.coflaspalmas.es\/?p=111487"},"modified":"2025-11-12T10:11:28","modified_gmt":"2025-11-12T09:11:28","slug":"111487-2","status":"publish","type":"post","link":"https:\/\/www.coflaspalmas.es\/fr\/111487-2\/","title":{"rendered":"Le nouveau Conseil d'administration entre en fonction accompagn\u00e9 des autorit\u00e9s sanitaires."},"content":{"rendered":"<p class=\"Standard\" style=\"text-align: justify; text-justify: inter-ideograph;\"><span style=\"font-family: Karla;\">Le nouveau Conseil d'administration de l'Ordre officiel des pharmaciens de Las Palmas, pr\u00e9sid\u00e9 par Loreto G\u00f3mez Guedes, a pris ses fonctions accompagn\u00e9 de certains des principaux repr\u00e9sentants des institutions et entit\u00e9s sanitaires. Dans son discours, Loreto G\u00f3mez a pr\u00e9cis\u00e9ment soulign\u00e9 que cette unit\u00e9 est une <\/span><span style=\"font-family: 'Arial',sans-serif;\">\u201c<\/span><span style=\"font-family: Karla;\">mettez en \u00e9vidence la r\u00e9alit\u00e9 de la collaboration et de l'engagement qui nous unissent tous pour le bien de notre communaut\u00e9 et en \u00e9troite coordination avec le reste du pays<\/span><span style=\"font-family: 'Arial',sans-serif;\">\u201d<\/span><span style=\"font-family: Karla;\">. G\u00f3mez, s'adressant aux membres du conseil, leur dit\u00a0: <\/span><span style=\"font-family: 'Arial',sans-serif;\">\u201c<\/span><span style=\"font-family: Karla;\">Je voudrais que mes coll\u00e8gues qui prendront tr\u00e8s bient\u00f4t leurs fonctions gardent toujours \u00e0 l'esprit que notre engagement envers cette institution centenaire va au-del\u00e0 de nos membres et de leurs int\u00e9r\u00eats, qui \u00e9galement<\/span><span style=\"font-family: 'Arial',sans-serif;\">\u201d<\/span><span style=\"font-family: Karla;\">.<\/span><\/p>\n<p class=\"Standard\" style=\"text-align: justify; text-justify: inter-ideograph;\"><span style=\"font-family: Karla;\"><img loading=\"lazy\" decoding=\"async\" class=\"wp-image-111489 alignleft\" src=\"https:\/\/www.coflaspalmas.es\/wp-content\/uploads\/2025\/07\/WhatsApp-Image-2025-07-16-at-11.33.40-300x200.jpeg\" alt=\"\" width=\"428\" height=\"285\" \/>Parmi les pr\u00e9sents figuraient la conseill\u00e8re \u00e0 la Sant\u00e9 du gouvernement des Canaries, Esther Monz\u00f3n ; le pr\u00e9sident du Conseil g\u00e9n\u00e9ral des coll\u00e8ges officiels de pharmaciens (CGCOF), Jes\u00fas Aguilar ; le recteur de l'Universit\u00e9 de Las Palmas de Gran Canaria (ULPGC), Lluis Serra ; le doyen de la Facult\u00e9 des sciences de la sant\u00e9 de l'Universit\u00e9 Fernando Pessoa, Dionisio Lorenzo ; le vice-doyen de la Facult\u00e9 de sant\u00e9 de l'Universit\u00e9 Atl\u00e1ntico Medio, Aday Infante ; ainsi que les pr\u00e9sidents des coll\u00e8ges professionnels de m\u00e9decins, psychologues et kin\u00e9sith\u00e9rapeutes, repr\u00e9sentants des coll\u00e8ges de v\u00e9t\u00e9rinaires, dentistes et infirmiers, associations de patients, coop\u00e9ratives pharmaceutiques, associations professionnelles pharmaceutiques, anciens pr\u00e9sidents du Coll\u00e8ge et autres entit\u00e9s li\u00e9es au COFLP.<\/span><\/p>\n<p class=\"Standard\" style=\"text-align: justify; text-justify: inter-ideograph;\"><span style=\"font-family: Karla;\">La conseill\u00e8re a soulign\u00e9 <\/span><span style=\"font-family: 'Arial',sans-serif;\">\u201c<\/span><span style=\"font-family: Karla;\">la collaboration et la disposition constantes des coll\u00e8ges officiels de pharmaciens des Canaries \u00e0 am\u00e9liorer les services de sant\u00e9 et les prestations pharmaceutiques : <\/span><span style=\"font-family: 'Arial',sans-serif;\">\u201c<\/span><span style=\"font-family: Karla;\">Ils ont \u00e9t\u00e9 les premiers \u00e0 me rencontrer lorsque j'ai pris la consejer\u00eda.<\/span><span style=\"font-family: 'Arial',sans-serif;\">\u201d<\/span><span style=\"font-family: Karla;\">, dit-il, <\/span><span style=\"font-family: 'Arial',sans-serif;\">\u201c<\/span><span style=\"font-family: Karla;\">et ont toujours fait preuve de leur volont\u00e9 et de leur int\u00e9r\u00eat \u00e0 collaborer en tout ce qui concerne la sant\u00e9 de la population<\/span><span style=\"font-family: 'Arial',sans-serif;\">\u201d<\/span><span style=\"font-family: Karla;\">.<\/span><\/p>\n<p class=\"Standard\" style=\"text-align: justify; text-justify: inter-ideograph;\"><span style=\"font-family: Karla;\">Pour sa part, le pr\u00e9sident du CGCOF a profit\u00e9 de l'occasion pour souligner l'importance du pharmacien dans le syst\u00e8me de sant\u00e9, rappelant sa pr\u00e9sence dans les zones rurales et \u00e9loign\u00e9es des environnements disposant d'infrastructures sanitaires.<\/span><\/p>\n<p class=\"Standard\" style=\"text-align: justify; text-justify: inter-ideograph;\"><span style=\"font-family: Karla;\">Monz\u00f3n et Aguilar ont tous deux soulign\u00e9 le r\u00f4le collaboratif que le COFLP a jou\u00e9 avec les institutions qu'ils repr\u00e9sentent.<\/span><\/p>\n<p><img loading=\"lazy\" decoding=\"async\" class=\"alignnone wp-image-111490 alignleft\" src=\"https:\/\/www.coflaspalmas.es\/wp-content\/uploads\/2025\/07\/WhatsApp-Image-2025-07-16-at-11.32.26-1-300x200.jpeg\" alt=\"\" width=\"356\" height=\"237\" \/> <img loading=\"lazy\" decoding=\"async\" class=\"alignnone wp-image-111491 alignleft\" src=\"https:\/\/www.coflaspalmas.es\/wp-content\/uploads\/2025\/07\/WhatsApp-Image-2025-07-16-at-11.32.30-2-300x200.jpeg\" alt=\"\" width=\"356\" height=\"237\" \/><\/p>","protected":false},"excerpt":{"rendered":"<p>La nueva Junta de Gobierno del Colegio Oficial de Farmac\u00e9uticos de Las Palmas, que preside Loreto G\u00f3mez Guedes, tom\u00f3 posesi\u00f3n de su cargo acompa\u00f1ada de algunos de los principales representantes de las instituciones y entidades sanitarias. En su intervenci\u00f3n, Loreto G\u00f3mez, destac\u00f3 precisamente que esta unidad es una \u201cmuestra la realidad de la colaboraci\u00f3n y [&hellip;]<\/p>\n","protected":false},"author":2427,"featured_media":26046325,"comment_status":"closed","ping_status":"closed","sticky":false,"template":"","format":"standard","meta":{"_et_pb_use_builder":"","_et_pb_old_content":"","_et_gb_content_width":"","footnotes":""},"categories":[247,11],"tags":[],"class_list":["post-111487","post","type-post","status-publish","format-standard","has-post-thumbnail","hentry","category-boletin-2025","category-noticias"],"yoast_head":"<!-- This site is optimized with the Yoast SEO plugin v24.7 - https:\/\/yoast.com\/wordpress\/plugins\/seo\/ -->\n<title>La nueva Junta de Gobierno toma posesi\u00f3n de su cargo acompa\u00f1ada de las autoridades sanitarias - COFLP<\/title>\n<meta name=\"robots\" content=\"index, follow, max-snippet:-1, max-image-preview:large, max-video-preview:-1\" \/>\n<link rel=\"canonical\" href=\"https:\/\/www.coflaspalmas.es\/fr\/111487-2\/\" \/>\n<meta property=\"og:locale\" content=\"fr_FR\" \/>\n<meta property=\"og:type\" content=\"article\" \/>\n<meta property=\"og:title\" content=\"La nueva Junta de Gobierno toma posesi\u00f3n de su cargo acompa\u00f1ada de las autoridades sanitarias - COFLP\" \/>\n<meta property=\"og:description\" content=\"La nueva Junta de Gobierno del Colegio Oficial de Farmac\u00e9uticos de Las Palmas, que preside Loreto G\u00f3mez Guedes, tom\u00f3 posesi\u00f3n de su cargo acompa\u00f1ada de algunos de los principales representantes de las instituciones y entidades sanitarias. En su intervenci\u00f3n, Loreto G\u00f3mez, destac\u00f3 precisamente que esta unidad es una \u201cmuestra la realidad de la colaboraci\u00f3n y [&hellip;]\" \/>\n<meta property=\"og:url\" content=\"https:\/\/www.coflaspalmas.es\/fr\/111487-2\/\" \/>\n<meta property=\"og:site_name\" content=\"COFLP\" \/>\n<meta property=\"article:published_time\" content=\"2025-07-17T09:39:45+00:00\" \/>\n<meta property=\"article:modified_time\" content=\"2025-11-12T09:11:28+00:00\" \/>\n<meta property=\"og:image\" content=\"https:\/\/www.coflaspalmas.es\/wp-content\/uploads\/2025\/07\/WhatsApp-Image-2025-07-16-at-11.33.40-2-500x500-1.jpeg?wsr\" \/>\n\t<meta property=\"og:image:width\" content=\"500\" \/>\n\t<meta property=\"og:image:height\" content=\"500\" \/>\n\t<meta property=\"og:image:type\" content=\"image\/jpeg\" \/>\n<meta name=\"author\" content=\"soporte\" \/>\n<meta name=\"twitter:card\" content=\"summary_large_image\" \/>\n<meta name=\"twitter:label1\" content=\"\u00c9crit par\" \/>\n\t<meta name=\"twitter:data1\" content=\"soporte\" \/>\n\t<meta name=\"twitter:label2\" content=\"Dur\u00e9e de lecture estim\u00e9e\" \/>\n\t<meta name=\"twitter:data2\" content=\"3 minutes\" \/>\n<script type=\"application\/ld+json\" class=\"yoast-schema-graph\">{\"@context\":\"https:\/\/schema.org\",\"@graph\":[{\"@type\":\"WebPage\",\"@id\":\"https:\/\/www.coflaspalmas.es\/111487-2\/\",\"url\":\"https:\/\/www.coflaspalmas.es\/111487-2\/\",\"name\":\"La nueva Junta de Gobierno toma posesi\u00f3n de su cargo acompa\u00f1ada de las autoridades sanitarias - COFLP\",\"isPartOf\":{\"@id\":\"https:\/\/www.coflaspalmas.es\/#website\"},\"primaryImageOfPage\":{\"@id\":\"https:\/\/www.coflaspalmas.es\/111487-2\/#primaryimage\"},\"image\":{\"@id\":\"https:\/\/www.coflaspalmas.es\/111487-2\/#primaryimage\"},\"thumbnailUrl\":\"https:\/\/www.coflaspalmas.es\/wp-content\/uploads\/2025\/07\/WhatsApp-Image-2025-07-16-at-11.33.40-2-500x500-1.jpeg?wsr\",\"datePublished\":\"2025-07-17T09:39:45+00:00\",\"dateModified\":\"2025-11-12T09:11:28+00:00\",\"author\":{\"@id\":\"https:\/\/www.coflaspalmas.es\/#\/schema\/person\/ccf588cbe6c4345ebe4086a038142b96\"},\"breadcrumb\":{\"@id\":\"https:\/\/www.coflaspalmas.es\/111487-2\/#breadcrumb\"},\"inLanguage\":\"fr-FR\",\"potentialAction\":[{\"@type\":\"ReadAction\",\"target\":[\"https:\/\/www.coflaspalmas.es\/111487-2\/\"]}]},{\"@type\":\"ImageObject\",\"inLanguage\":\"fr-FR\",\"@id\":\"https:\/\/www.coflaspalmas.es\/111487-2\/#primaryimage\",\"url\":\"https:\/\/www.coflaspalmas.es\/wp-content\/uploads\/2025\/07\/WhatsApp-Image-2025-07-16-at-11.33.40-2-500x500-1.jpeg?wsr\",\"contentUrl\":\"https:\/\/www.coflaspalmas.es\/wp-content\/uploads\/2025\/07\/WhatsApp-Image-2025-07-16-at-11.33.40-2-500x500-1.jpeg?wsr\",\"width\":500,\"height\":500},{\"@type\":\"BreadcrumbList\",\"@id\":\"https:\/\/www.coflaspalmas.es\/111487-2\/#breadcrumb\",\"itemListElement\":[{\"@type\":\"ListItem\",\"position\":1,\"name\":\"Portada\",\"item\":\"https:\/\/www.coflaspalmas.es\/\"},{\"@type\":\"ListItem\",\"position\":2,\"name\":\"La nueva Junta de Gobierno toma posesi\u00f3n de su cargo acompa\u00f1ada de las autoridades sanitarias\"}]},{\"@type\":\"WebSite\",\"@id\":\"https:\/\/www.coflaspalmas.es\/#website\",\"url\":\"https:\/\/www.coflaspalmas.es\/\",\"name\":\"COF Las Palmas\",\"description\":\"Colegio de Farmac\u00e9uticos Las Palmas.\",\"potentialAction\":[{\"@type\":\"SearchAction\",\"target\":{\"@type\":\"EntryPoint\",\"urlTemplate\":\"https:\/\/www.coflaspalmas.es\/?s={search_term_string}\"},\"query-input\":{\"@type\":\"PropertyValueSpecification\",\"valueRequired\":true,\"valueName\":\"search_term_string\"}}],\"inLanguage\":\"fr-FR\"},{\"@type\":\"Person\",\"@id\":\"https:\/\/www.coflaspalmas.es\/#\/schema\/person\/ccf588cbe6c4345ebe4086a038142b96\",\"name\":\"soporte\",\"image\":{\"@type\":\"ImageObject\",\"inLanguage\":\"fr-FR\",\"@id\":\"https:\/\/www.coflaspalmas.es\/#\/schema\/person\/image\/\",\"url\":\"https:\/\/secure.gravatar.com\/avatar\/d654455f4c3e474456c4922a586b96e354b5a500cfe1f1f2f60ef083808bf21b?s=96&d=mm&r=g\",\"contentUrl\":\"https:\/\/secure.gravatar.com\/avatar\/d654455f4c3e474456c4922a586b96e354b5a500cfe1f1f2f60ef083808bf21b?s=96&d=mm&r=g\",\"caption\":\"soporte\"},\"url\":\"https:\/\/www.coflaspalmas.es\/fr\/author\/soporte\/\"}]}<\/script>\n<!-- \/ Yoast SEO plugin. -->","yoast_head_json":{"title":"La nueva Junta de Gobierno toma posesi\u00f3n de su cargo acompa\u00f1ada de las autoridades sanitarias - COFLP","robots":{"index":"index","follow":"follow","max-snippet":"max-snippet:-1","max-image-preview":"max-image-preview:large","max-video-preview":"max-video-preview:-1"},"canonical":"https:\/\/www.coflaspalmas.es\/fr\/111487-2\/","og_locale":"fr_FR","og_type":"article","og_title":"La nueva Junta de Gobierno toma posesi\u00f3n de su cargo acompa\u00f1ada de las autoridades sanitarias - COFLP","og_description":"La nueva Junta de Gobierno del Colegio Oficial de Farmac\u00e9uticos de Las Palmas, que preside Loreto G\u00f3mez Guedes, tom\u00f3 posesi\u00f3n de su cargo acompa\u00f1ada de algunos de los principales representantes de las instituciones y entidades sanitarias. En su intervenci\u00f3n, Loreto G\u00f3mez, destac\u00f3 precisamente que esta unidad es una \u201cmuestra la realidad de la colaboraci\u00f3n y [&hellip;]","og_url":"https:\/\/www.coflaspalmas.es\/fr\/111487-2\/","og_site_name":"COFLP","article_published_time":"2025-07-17T09:39:45+00:00","article_modified_time":"2025-11-12T09:11:28+00:00","og_image":[{"width":500,"height":500,"url":"https:\/\/www.coflaspalmas.es\/wp-content\/uploads\/2025\/07\/WhatsApp-Image-2025-07-16-at-11.33.40-2-500x500-1.jpeg?wsr","type":"image\/jpeg"}],"author":"soporte","twitter_card":"summary_large_image","twitter_misc":{"\u00c9crit par":"soporte","Dur\u00e9e de lecture estim\u00e9e":"3 minutes"},"schema":{"@context":"https:\/\/schema.org","@graph":[{"@type":"WebPage","@id":"https:\/\/www.coflaspalmas.es\/111487-2\/","url":"https:\/\/www.coflaspalmas.es\/111487-2\/","name":"La nueva Junta de Gobierno toma posesi\u00f3n de su cargo acompa\u00f1ada de las autoridades sanitarias - COFLP","isPartOf":{"@id":"https:\/\/www.coflaspalmas.es\/#website"},"primaryImageOfPage":{"@id":"https:\/\/www.coflaspalmas.es\/111487-2\/#primaryimage"},"image":{"@id":"https:\/\/www.coflaspalmas.es\/111487-2\/#primaryimage"},"thumbnailUrl":"https:\/\/www.coflaspalmas.es\/wp-content\/uploads\/2025\/07\/WhatsApp-Image-2025-07-16-at-11.33.40-2-500x500-1.jpeg?wsr","datePublished":"2025-07-17T09:39:45+00:00","dateModified":"2025-11-12T09:11:28+00:00","author":{"@id":"https:\/\/www.coflaspalmas.es\/#\/schema\/person\/ccf588cbe6c4345ebe4086a038142b96"},"breadcrumb":{"@id":"https:\/\/www.coflaspalmas.es\/111487-2\/#breadcrumb"},"inLanguage":"fr-FR","potentialAction":[{"@type":"ReadAction","target":["https:\/\/www.coflaspalmas.es\/111487-2\/"]}]},{"@type":"ImageObject","inLanguage":"fr-FR","@id":"https:\/\/www.coflaspalmas.es\/111487-2\/#primaryimage","url":"https:\/\/www.coflaspalmas.es\/wp-content\/uploads\/2025\/07\/WhatsApp-Image-2025-07-16-at-11.33.40-2-500x500-1.jpeg?wsr","contentUrl":"https:\/\/www.coflaspalmas.es\/wp-content\/uploads\/2025\/07\/WhatsApp-Image-2025-07-16-at-11.33.40-2-500x500-1.jpeg?wsr","width":500,"height":500},{"@type":"BreadcrumbList","@id":"https:\/\/www.coflaspalmas.es\/111487-2\/#breadcrumb","itemListElement":[{"@type":"ListItem","position":1,"name":"Portada","item":"https:\/\/www.coflaspalmas.es\/"},{"@type":"ListItem","position":2,"name":"La nueva Junta de Gobierno toma posesi\u00f3n de su cargo acompa\u00f1ada de las autoridades sanitarias"}]},{"@type":"WebSite","@id":"https:\/\/www.coflaspalmas.es\/#website","url":"https:\/\/www.coflaspalmas.es\/","name":"COF Las Palmas","description":"Colegio de Farmac\u00e9uticos Las Palmas.","potentialAction":[{"@type":"SearchAction","target":{"@type":"EntryPoint","urlTemplate":"https:\/\/www.coflaspalmas.es\/?s={search_term_string}"},"query-input":{"@type":"PropertyValueSpecification","valueRequired":true,"valueName":"search_term_string"}}],"inLanguage":"fr-FR"},{"@type":"Person","@id":"https:\/\/www.coflaspalmas.es\/#\/schema\/person\/ccf588cbe6c4345ebe4086a038142b96","name":"soporte","image":{"@type":"ImageObject","inLanguage":"fr-FR","@id":"https:\/\/www.coflaspalmas.es\/#\/schema\/person\/image\/","url":"https:\/\/secure.gravatar.com\/avatar\/d654455f4c3e474456c4922a586b96e354b5a500cfe1f1f2f60ef083808bf21b?s=96&d=mm&r=g","contentUrl":"https:\/\/secure.gravatar.com\/avatar\/d654455f4c3e474456c4922a586b96e354b5a500cfe1f1f2f60ef083808bf21b?s=96&d=mm&r=g","caption":"soporte"},"url":"https:\/\/www.coflaspalmas.es\/fr\/author\/soporte\/"}]}},"_links":{"self":[{"href":"https:\/\/www.coflaspalmas.es\/fr\/wp-json\/wp\/v2\/posts\/111487","targetHints":{"allow":["GET"]}}],"collection":[{"href":"https:\/\/www.coflaspalmas.es\/fr\/wp-json\/wp\/v2\/posts"}],"about":[{"href":"https:\/\/www.coflaspalmas.es\/fr\/wp-json\/wp\/v2\/types\/post"}],"author":[{"embeddable":true,"href":"https:\/\/www.coflaspalmas.es\/fr\/wp-json\/wp\/v2\/users\/2427"}],"replies":[{"embeddable":true,"href":"https:\/\/www.coflaspalmas.es\/fr\/wp-json\/wp\/v2\/comments?post=111487"}],"version-history":[{"count":1,"href":"https:\/\/www.coflaspalmas.es\/fr\/wp-json\/wp\/v2\/posts\/111487\/revisions"}],"predecessor-version":[{"id":26046075,"href":"https:\/\/www.coflaspalmas.es\/fr\/wp-json\/wp\/v2\/posts\/111487\/revisions\/26046075"}],"wp:featuredmedia":[{"embeddable":true,"href":"https:\/\/www.coflaspalmas.es\/fr\/wp-json\/wp\/v2\/media\/26046325"}],"wp:attachment":[{"href":"https:\/\/www.coflaspalmas.es\/fr\/wp-json\/wp\/v2\/media?parent=111487"}],"wp:term":[{"taxonomy":"category","embeddable":true,"href":"https:\/\/www.coflaspalmas.es\/fr\/wp-json\/wp\/v2\/categories?post=111487"},{"taxonomy":"post_tag","embeddable":true,"href":"https:\/\/www.coflaspalmas.es\/fr\/wp-json\/wp\/v2\/tags?post=111487"}],"curies":[{"name":"wp","href":"https:\/\/api.w.org\/{rel}","templated":true}]}}