{"id":112696,"date":"2025-08-06T20:30:17","date_gmt":"2025-08-06T18:30:17","guid":{"rendered":"https:\/\/www.coflaspalmas.es\/?p=112696"},"modified":"2025-11-12T10:11:28","modified_gmt":"2025-11-12T09:11:28","slug":"los-farmaceuticos-canarios-presentan-sus-proyectos-para-la-mejora-de-la-salud-al-nuevo-director-del-scs","status":"publish","type":"post","link":"https:\/\/www.coflaspalmas.es\/fr\/los-farmaceuticos-canarios-presentan-sus-proyectos-para-la-mejora-de-la-salud-al-nuevo-director-del-scs\/","title":{"rendered":"Les pharmaciens des Canaries pr\u00e9sentent leurs projets d'am\u00e9lioration de la sant\u00e9 au nouveau directeur du SCS"},"content":{"rendered":"<p><span style=\"font-family: tahoma, arial, helvetica, sans-serif;\">Les pharmaciens canariens ont \u00e9t\u00e9 parmi les premiers groupes \u00e0 \u00eatre re\u00e7us par le nouveau directeur du Service de sant\u00e9 des Canaries (SCS), Adasat Goya. Les pr\u00e9sident et tr\u00e9sorier des associations officielles de pharmaciens de Las Palmas et Santa Cruz de Tenerife, respectivement Loreto G\u00f3mez et Carlos D\u00edas, ont pr\u00e9sent\u00e9 lors de la r\u00e9union divers projets dont l'objectif serait d'am\u00e9liorer les conditions de sant\u00e9 de la population, de faciliter l'acc\u00e8s \u00e0 la sant\u00e9 sous diff\u00e9rents aspects et de d\u00e9congestionner les services de soins primaires. \u00abLes pharmaciens ont non seulement un engagement envers la sant\u00e9 sous toutes ses formes depuis que nous sommes dans la profession, mais notre proximit\u00e9 avec les citoyens et la pr\u00e9sence d'un pharmacien sur tout le territoire nous permettent d'\u00eatre des alli\u00e9s de la sant\u00e9 pour l'administration. C'est ce que nous avons voulu \u00e9voquer lors de la r\u00e9union d'aujourd'hui, en passant en revue les diff\u00e9rents projets et programmes que nous proposons pour mettre en \u0153uvre et am\u00e9liorer la qualit\u00e9 des soins de sant\u00e9 \u00bb, a expliqu\u00e9 Loreto G\u00f3mez.<\/span><\/p>\n<p><span style=\"font-family: tahoma, arial, helvetica, sans-serif;\">Adasat Goya, quant \u00e0 lui, s'est montr\u00e9 r\u00e9ceptif aux initiatives pr\u00e9sent\u00e9es, il a valoris\u00e9 le travail accompli par les pharmaciens canariens et s'est engag\u00e9 \u00e0 maintenir un contact \u00e9troit pour travailler et examiner les possibilit\u00e9s de reprise des diff\u00e9rents projets pr\u00e9sent\u00e9s.<\/span><\/p>\n<p><span style=\"font-family: tahoma, arial, helvetica, sans-serif;\">Pour sa part, Carlos D\u00edaz a soulign\u00e9 l'importance de continuer \u00e0 renforcer la collaboration avec le SCS afin d'am\u00e9liorer les soins prodigu\u00e9s \u00e0 la population, que ce soit depuis les pharmacies, en tant que premier point de sant\u00e9 de proximit\u00e9 pour la population, soit depuis les centres de sant\u00e9 ou les h\u00f4pitaux.<\/span><\/p>","protected":false},"excerpt":{"rendered":"<p>Los farmac\u00e9uticos canarios ha sido de los primeros colectivos en ser recibidos por el nuevo director del Servicio Canario de la Salud (SCS), Adasat Goya. La presidenta y el tesorero de los colegios oficiales de farmac\u00e9uticos de Las Palmas y de Santa Cruz de Tenerife, respectivamente, Loreto G\u00f3mez y Carlos D\u00edas, expusieron en la reuni\u00f3n [&hellip;]<\/p>\n","protected":false},"author":2427,"featured_media":26046324,"comment_status":"closed","ping_status":"closed","sticky":false,"template":"","format":"standard","meta":{"_et_pb_use_builder":"","_et_pb_old_content":"","_et_gb_content_width":"","footnotes":""},"categories":[247,11],"tags":[],"class_list":["post-112696","post","type-post","status-publish","format-standard","has-post-thumbnail","hentry","category-boletin-2025","category-noticias"],"yoast_head":"<!-- This site is optimized with the Yoast SEO plugin v24.7 - https:\/\/yoast.com\/wordpress\/plugins\/seo\/ -->\n<title>Los farmac\u00e9uticos canarios presentan sus proyectos para la mejora de la salud al nuevo director del SCS - COFLP<\/title>\n<meta name=\"robots\" content=\"index, follow, max-snippet:-1, max-image-preview:large, max-video-preview:-1\" \/>\n<link rel=\"canonical\" href=\"https:\/\/www.coflaspalmas.es\/fr\/los-farmaceuticos-canarios-presentan-sus-proyectos-para-la-mejora-de-la-salud-al-nuevo-director-del-scs\/\" \/>\n<meta property=\"og:locale\" content=\"fr_FR\" \/>\n<meta property=\"og:type\" content=\"article\" \/>\n<meta property=\"og:title\" content=\"Los farmac\u00e9uticos canarios presentan sus proyectos para la mejora de la salud al nuevo director del SCS - COFLP\" \/>\n<meta property=\"og:description\" content=\"Los farmac\u00e9uticos canarios ha sido de los primeros colectivos en ser recibidos por el nuevo director del Servicio Canario de la Salud (SCS), Adasat Goya. La presidenta y el tesorero de los colegios oficiales de farmac\u00e9uticos de Las Palmas y de Santa Cruz de Tenerife, respectivamente, Loreto G\u00f3mez y Carlos D\u00edas, expusieron en la reuni\u00f3n [&hellip;]\" \/>\n<meta property=\"og:url\" content=\"https:\/\/www.coflaspalmas.es\/fr\/los-farmaceuticos-canarios-presentan-sus-proyectos-para-la-mejora-de-la-salud-al-nuevo-director-del-scs\/\" \/>\n<meta property=\"og:site_name\" content=\"COFLP\" \/>\n<meta property=\"article:published_time\" content=\"2025-08-06T18:30:17+00:00\" \/>\n<meta property=\"article:modified_time\" content=\"2025-11-12T09:11:28+00:00\" \/>\n<meta property=\"og:image\" content=\"https:\/\/www.coflaspalmas.es\/wp-content\/uploads\/2025\/08\/WhatsApp-Image-2025-08-06-at-12.36.22-500x500-1.jpeg?wsr\" \/>\n\t<meta property=\"og:image:width\" content=\"500\" \/>\n\t<meta property=\"og:image:height\" content=\"500\" \/>\n\t<meta property=\"og:image:type\" content=\"image\/jpeg\" \/>\n<meta name=\"author\" content=\"soporte\" \/>\n<meta name=\"twitter:card\" content=\"summary_large_image\" \/>\n<meta name=\"twitter:label1\" content=\"\u00c9crit par\" \/>\n\t<meta name=\"twitter:data1\" content=\"soporte\" \/>\n\t<meta name=\"twitter:label2\" content=\"Dur\u00e9e de lecture estim\u00e9e\" \/>\n\t<meta name=\"twitter:data2\" content=\"2 minutes\" \/>\n<script type=\"application\/ld+json\" class=\"yoast-schema-graph\">{\"@context\":\"https:\/\/schema.org\",\"@graph\":[{\"@type\":\"WebPage\",\"@id\":\"https:\/\/www.coflaspalmas.es\/los-farmaceuticos-canarios-presentan-sus-proyectos-para-la-mejora-de-la-salud-al-nuevo-director-del-scs\/\",\"url\":\"https:\/\/www.coflaspalmas.es\/los-farmaceuticos-canarios-presentan-sus-proyectos-para-la-mejora-de-la-salud-al-nuevo-director-del-scs\/\",\"name\":\"Los farmac\u00e9uticos canarios presentan sus proyectos para la mejora de la salud al nuevo director del SCS - COFLP\",\"isPartOf\":{\"@id\":\"https:\/\/www.coflaspalmas.es\/#website\"},\"primaryImageOfPage\":{\"@id\":\"https:\/\/www.coflaspalmas.es\/los-farmaceuticos-canarios-presentan-sus-proyectos-para-la-mejora-de-la-salud-al-nuevo-director-del-scs\/#primaryimage\"},\"image\":{\"@id\":\"https:\/\/www.coflaspalmas.es\/los-farmaceuticos-canarios-presentan-sus-proyectos-para-la-mejora-de-la-salud-al-nuevo-director-del-scs\/#primaryimage\"},\"thumbnailUrl\":\"https:\/\/www.coflaspalmas.es\/wp-content\/uploads\/2025\/08\/WhatsApp-Image-2025-08-06-at-12.36.22-500x500-1.jpeg?wsr\",\"datePublished\":\"2025-08-06T18:30:17+00:00\",\"dateModified\":\"2025-11-12T09:11:28+00:00\",\"author\":{\"@id\":\"https:\/\/www.coflaspalmas.es\/#\/schema\/person\/ccf588cbe6c4345ebe4086a038142b96\"},\"breadcrumb\":{\"@id\":\"https:\/\/www.coflaspalmas.es\/los-farmaceuticos-canarios-presentan-sus-proyectos-para-la-mejora-de-la-salud-al-nuevo-director-del-scs\/#breadcrumb\"},\"inLanguage\":\"fr-FR\",\"potentialAction\":[{\"@type\":\"ReadAction\",\"target\":[\"https:\/\/www.coflaspalmas.es\/los-farmaceuticos-canarios-presentan-sus-proyectos-para-la-mejora-de-la-salud-al-nuevo-director-del-scs\/\"]}]},{\"@type\":\"ImageObject\",\"inLanguage\":\"fr-FR\",\"@id\":\"https:\/\/www.coflaspalmas.es\/los-farmaceuticos-canarios-presentan-sus-proyectos-para-la-mejora-de-la-salud-al-nuevo-director-del-scs\/#primaryimage\",\"url\":\"https:\/\/www.coflaspalmas.es\/wp-content\/uploads\/2025\/08\/WhatsApp-Image-2025-08-06-at-12.36.22-500x500-1.jpeg?wsr\",\"contentUrl\":\"https:\/\/www.coflaspalmas.es\/wp-content\/uploads\/2025\/08\/WhatsApp-Image-2025-08-06-at-12.36.22-500x500-1.jpeg?wsr\",\"width\":500,\"height\":500},{\"@type\":\"BreadcrumbList\",\"@id\":\"https:\/\/www.coflaspalmas.es\/los-farmaceuticos-canarios-presentan-sus-proyectos-para-la-mejora-de-la-salud-al-nuevo-director-del-scs\/#breadcrumb\",\"itemListElement\":[{\"@type\":\"ListItem\",\"position\":1,\"name\":\"Portada\",\"item\":\"https:\/\/www.coflaspalmas.es\/\"},{\"@type\":\"ListItem\",\"position\":2,\"name\":\"Los farmac\u00e9uticos canarios presentan sus proyectos para la mejora de la salud al nuevo director del SCS\"}]},{\"@type\":\"WebSite\",\"@id\":\"https:\/\/www.coflaspalmas.es\/#website\",\"url\":\"https:\/\/www.coflaspalmas.es\/\",\"name\":\"COF Las Palmas\",\"description\":\"Colegio de Farmac\u00e9uticos Las Palmas.\",\"potentialAction\":[{\"@type\":\"SearchAction\",\"target\":{\"@type\":\"EntryPoint\",\"urlTemplate\":\"https:\/\/www.coflaspalmas.es\/?s={search_term_string}\"},\"query-input\":{\"@type\":\"PropertyValueSpecification\",\"valueRequired\":true,\"valueName\":\"search_term_string\"}}],\"inLanguage\":\"fr-FR\"},{\"@type\":\"Person\",\"@id\":\"https:\/\/www.coflaspalmas.es\/#\/schema\/person\/ccf588cbe6c4345ebe4086a038142b96\",\"name\":\"soporte\",\"image\":{\"@type\":\"ImageObject\",\"inLanguage\":\"fr-FR\",\"@id\":\"https:\/\/www.coflaspalmas.es\/#\/schema\/person\/image\/\",\"url\":\"https:\/\/secure.gravatar.com\/avatar\/d654455f4c3e474456c4922a586b96e354b5a500cfe1f1f2f60ef083808bf21b?s=96&d=mm&r=g\",\"contentUrl\":\"https:\/\/secure.gravatar.com\/avatar\/d654455f4c3e474456c4922a586b96e354b5a500cfe1f1f2f60ef083808bf21b?s=96&d=mm&r=g\",\"caption\":\"soporte\"},\"url\":\"https:\/\/www.coflaspalmas.es\/fr\/author\/soporte\/\"}]}<\/script>\n<!-- \/ Yoast SEO plugin. -->","yoast_head_json":{"title":"Los farmac\u00e9uticos canarios presentan sus proyectos para la mejora de la salud al nuevo director del SCS - COFLP","robots":{"index":"index","follow":"follow","max-snippet":"max-snippet:-1","max-image-preview":"max-image-preview:large","max-video-preview":"max-video-preview:-1"},"canonical":"https:\/\/www.coflaspalmas.es\/fr\/los-farmaceuticos-canarios-presentan-sus-proyectos-para-la-mejora-de-la-salud-al-nuevo-director-del-scs\/","og_locale":"fr_FR","og_type":"article","og_title":"Los farmac\u00e9uticos canarios presentan sus proyectos para la mejora de la salud al nuevo director del SCS - COFLP","og_description":"Los farmac\u00e9uticos canarios ha sido de los primeros colectivos en ser recibidos por el nuevo director del Servicio Canario de la Salud (SCS), Adasat Goya. La presidenta y el tesorero de los colegios oficiales de farmac\u00e9uticos de Las Palmas y de Santa Cruz de Tenerife, respectivamente, Loreto G\u00f3mez y Carlos D\u00edas, expusieron en la reuni\u00f3n [&hellip;]","og_url":"https:\/\/www.coflaspalmas.es\/fr\/los-farmaceuticos-canarios-presentan-sus-proyectos-para-la-mejora-de-la-salud-al-nuevo-director-del-scs\/","og_site_name":"COFLP","article_published_time":"2025-08-06T18:30:17+00:00","article_modified_time":"2025-11-12T09:11:28+00:00","og_image":[{"width":500,"height":500,"url":"https:\/\/www.coflaspalmas.es\/wp-content\/uploads\/2025\/08\/WhatsApp-Image-2025-08-06-at-12.36.22-500x500-1.jpeg?wsr","type":"image\/jpeg"}],"author":"soporte","twitter_card":"summary_large_image","twitter_misc":{"\u00c9crit par":"soporte","Dur\u00e9e de lecture estim\u00e9e":"2 minutes"},"schema":{"@context":"https:\/\/schema.org","@graph":[{"@type":"WebPage","@id":"https:\/\/www.coflaspalmas.es\/los-farmaceuticos-canarios-presentan-sus-proyectos-para-la-mejora-de-la-salud-al-nuevo-director-del-scs\/","url":"https:\/\/www.coflaspalmas.es\/los-farmaceuticos-canarios-presentan-sus-proyectos-para-la-mejora-de-la-salud-al-nuevo-director-del-scs\/","name":"Los farmac\u00e9uticos canarios presentan sus proyectos para la mejora de la salud al nuevo director del SCS - COFLP","isPartOf":{"@id":"https:\/\/www.coflaspalmas.es\/#website"},"primaryImageOfPage":{"@id":"https:\/\/www.coflaspalmas.es\/los-farmaceuticos-canarios-presentan-sus-proyectos-para-la-mejora-de-la-salud-al-nuevo-director-del-scs\/#primaryimage"},"image":{"@id":"https:\/\/www.coflaspalmas.es\/los-farmaceuticos-canarios-presentan-sus-proyectos-para-la-mejora-de-la-salud-al-nuevo-director-del-scs\/#primaryimage"},"thumbnailUrl":"https:\/\/www.coflaspalmas.es\/wp-content\/uploads\/2025\/08\/WhatsApp-Image-2025-08-06-at-12.36.22-500x500-1.jpeg?wsr","datePublished":"2025-08-06T18:30:17+00:00","dateModified":"2025-11-12T09:11:28+00:00","author":{"@id":"https:\/\/www.coflaspalmas.es\/#\/schema\/person\/ccf588cbe6c4345ebe4086a038142b96"},"breadcrumb":{"@id":"https:\/\/www.coflaspalmas.es\/los-farmaceuticos-canarios-presentan-sus-proyectos-para-la-mejora-de-la-salud-al-nuevo-director-del-scs\/#breadcrumb"},"inLanguage":"fr-FR","potentialAction":[{"@type":"ReadAction","target":["https:\/\/www.coflaspalmas.es\/los-farmaceuticos-canarios-presentan-sus-proyectos-para-la-mejora-de-la-salud-al-nuevo-director-del-scs\/"]}]},{"@type":"ImageObject","inLanguage":"fr-FR","@id":"https:\/\/www.coflaspalmas.es\/los-farmaceuticos-canarios-presentan-sus-proyectos-para-la-mejora-de-la-salud-al-nuevo-director-del-scs\/#primaryimage","url":"https:\/\/www.coflaspalmas.es\/wp-content\/uploads\/2025\/08\/WhatsApp-Image-2025-08-06-at-12.36.22-500x500-1.jpeg?wsr","contentUrl":"https:\/\/www.coflaspalmas.es\/wp-content\/uploads\/2025\/08\/WhatsApp-Image-2025-08-06-at-12.36.22-500x500-1.jpeg?wsr","width":500,"height":500},{"@type":"BreadcrumbList","@id":"https:\/\/www.coflaspalmas.es\/los-farmaceuticos-canarios-presentan-sus-proyectos-para-la-mejora-de-la-salud-al-nuevo-director-del-scs\/#breadcrumb","itemListElement":[{"@type":"ListItem","position":1,"name":"Portada","item":"https:\/\/www.coflaspalmas.es\/"},{"@type":"ListItem","position":2,"name":"Los farmac\u00e9uticos canarios presentan sus proyectos para la mejora de la salud al nuevo director del SCS"}]},{"@type":"WebSite","@id":"https:\/\/www.coflaspalmas.es\/#website","url":"https:\/\/www.coflaspalmas.es\/","name":"COF Las Palmas","description":"Colegio de Farmac\u00e9uticos Las Palmas.","potentialAction":[{"@type":"SearchAction","target":{"@type":"EntryPoint","urlTemplate":"https:\/\/www.coflaspalmas.es\/?s={search_term_string}"},"query-input":{"@type":"PropertyValueSpecification","valueRequired":true,"valueName":"search_term_string"}}],"inLanguage":"fr-FR"},{"@type":"Person","@id":"https:\/\/www.coflaspalmas.es\/#\/schema\/person\/ccf588cbe6c4345ebe4086a038142b96","name":"soporte","image":{"@type":"ImageObject","inLanguage":"fr-FR","@id":"https:\/\/www.coflaspalmas.es\/#\/schema\/person\/image\/","url":"https:\/\/secure.gravatar.com\/avatar\/d654455f4c3e474456c4922a586b96e354b5a500cfe1f1f2f60ef083808bf21b?s=96&d=mm&r=g","contentUrl":"https:\/\/secure.gravatar.com\/avatar\/d654455f4c3e474456c4922a586b96e354b5a500cfe1f1f2f60ef083808bf21b?s=96&d=mm&r=g","caption":"soporte"},"url":"https:\/\/www.coflaspalmas.es\/fr\/author\/soporte\/"}]}},"_links":{"self":[{"href":"https:\/\/www.coflaspalmas.es\/fr\/wp-json\/wp\/v2\/posts\/112696","targetHints":{"allow":["GET"]}}],"collection":[{"href":"https:\/\/www.coflaspalmas.es\/fr\/wp-json\/wp\/v2\/posts"}],"about":[{"href":"https:\/\/www.coflaspalmas.es\/fr\/wp-json\/wp\/v2\/types\/post"}],"author":[{"embeddable":true,"href":"https:\/\/www.coflaspalmas.es\/fr\/wp-json\/wp\/v2\/users\/2427"}],"replies":[{"embeddable":true,"href":"https:\/\/www.coflaspalmas.es\/fr\/wp-json\/wp\/v2\/comments?post=112696"}],"version-history":[{"count":1,"href":"https:\/\/www.coflaspalmas.es\/fr\/wp-json\/wp\/v2\/posts\/112696\/revisions"}],"predecessor-version":[{"id":26046074,"href":"https:\/\/www.coflaspalmas.es\/fr\/wp-json\/wp\/v2\/posts\/112696\/revisions\/26046074"}],"wp:featuredmedia":[{"embeddable":true,"href":"https:\/\/www.coflaspalmas.es\/fr\/wp-json\/wp\/v2\/media\/26046324"}],"wp:attachment":[{"href":"https:\/\/www.coflaspalmas.es\/fr\/wp-json\/wp\/v2\/media?parent=112696"}],"wp:term":[{"taxonomy":"category","embeddable":true,"href":"https:\/\/www.coflaspalmas.es\/fr\/wp-json\/wp\/v2\/categories?post=112696"},{"taxonomy":"post_tag","embeddable":true,"href":"https:\/\/www.coflaspalmas.es\/fr\/wp-json\/wp\/v2\/tags?post=112696"}],"curies":[{"name":"wp","href":"https:\/\/api.w.org\/{rel}","templated":true}]}}