{"id":118139,"date":"2025-09-25T11:34:20","date_gmt":"2025-09-25T09:34:20","guid":{"rendered":"https:\/\/www.coflaspalmas.es\/?p=118139"},"modified":"2025-11-12T10:11:27","modified_gmt":"2025-11-12T09:11:27","slug":"los-farmaceuticos-celebran-su-dia-mundial-destacando-su-papel-como-promotores-de-salud","status":"publish","type":"post","link":"https:\/\/www.coflaspalmas.es\/fr\/los-farmaceuticos-celebran-su-dia-mundial-destacando-su-papel-como-promotores-de-salud\/","title":{"rendered":"Les pharmaciens c\u00e9l\u00e8brent leur Journ\u00e9e Mondiale en soulignant leur r\u00f4le de promoteurs de la sant\u00e9"},"content":{"rendered":"<header class=\"entry-header\" aria-label=\"Contenu\">\n<p class=\"entry-title\"><span style=\"font-family: helvetica, arial, sans-serif; font-size: 16px;\">La profession pharmaceutique c\u00e9l\u00e8bre aujourd'hui<\/span><span style=\"font-family: helvetica, arial, sans-serif; font-size: 16px;\"> son jour important, co\u00efncidant avec l'anniversaire de la fondation de la F\u00e9d\u00e9ration Internationale Pharmaceutique (FIP). Au niveau international, cela se fait sous la devise <\/span><em style=\"font-family: helvetica, arial, sans-serif; font-size: 16px;\">Pensez sant\u00e9, pensez pharmacie<\/em><span style=\"font-family: helvetica, arial, sans-serif; font-size: 16px;\">, et en Espagne nous l'avons accompagn\u00e9 de la l\u00e9gende #ConCienciaFarmac\u00e9utica pour am\u00e9liorer le monde, ce qui met en \u00e9vidence la double dimension scientifique et sociale de la pharmacie.<\/span><\/p>\n<\/header>\n<div class=\"entry-content\">\n<div class=\"elementor elementor-22561\" data-elementor-type=\"wp-post\" data-elementor-id=\"22561\" data-elementor-post-type=\"post\">\n<section class=\"elementor-section elementor-top-section elementor-element elementor-element-2f2fc83 elementor-section-boxed elementor-section-height-default elementor-section-height-default\" data-id=\"2f2fc83\" data-element_type=\"section\">\n<div class=\"elementor-container elementor-column-gap-default\">\n<div class=\"elementor-column elementor-col-100 elementor-top-column elementor-element elementor-element-6e2563c\" data-id=\"6e2563c\" data-element_type=\"column\">\n<div class=\"elementor-widget-wrap elementor-element-populated\">\n<div class=\"elementor-element elementor-element-60f2a33 elementor-widget elementor-widget-text-editor\" data-id=\"60f2a33\" data-element_type=\"widget\" data-widget_type=\"text-editor.default\">\n<div class=\"elementor-widget-container\">\n<p><span style=\"font-family: helvetica, arial, sans-serif;\">Las Palmas compte 1393 professionnels inscrits, r\u00e9partis entre pharmacies d'officine, pharmacies hospitali\u00e8res, distribution, recherche, enseignement, analyses cliniques et sant\u00e9 publique, et nous le c\u00e9l\u00e9brerons avec l'illumination de diff\u00e9rents b\u00e2timents d'institutions qui ont souhait\u00e9 se joindre \u00e0 cette c\u00e9l\u00e9bration, la Pr\u00e9sidence du Gouvernement, le Cabildo de Grande Canarie et la mairie d'Ag\u00fcimes, en plus du si\u00e8ge du COFLP.<\/span><\/p>\n<p><span style=\"font-family: helvetica, arial, sans-serif;\">Loreto G\u00f3mez, pr\u00e9sidente du Coll\u00e8ge, a tenu \u00e0 souligner en ce jour l'importance du collectif pharmaceutique dans toutes ses modalit\u00e9s, mettant en avant \u00ab l'implication en tant qu'agents fondamentaux dans les soins de sant\u00e9. Notre proximit\u00e9 quotidienne et permanente avec la population fait de nous une r\u00e9f\u00e9rence sanitaire et nous oblige \u00e0 \u00eatre particuli\u00e8rement responsables dans les soins, l'attention et la formation, en plus de travailler \u00e0 r\u00e9\u00e9duquer les patients, soumis \u00e0 de fausses informations et \u00e0 des canulars malveillants qui peuvent mettre en p\u00e9ril leur vie et celle des personnes d\u00e9pendantes \u00bb.<\/span><\/p>\n<p><span style=\"font-family: helvetica, arial, sans-serif;\">Pour sa part, Jes\u00fas Aguilar, pr\u00e9sident du Conseil G\u00e9n\u00e9ral des Coll\u00e8ges Officiels de Pharmaciens d'Espagne, a affirm\u00e9 : \u201c En cette Journ\u00e9e Mondiale du Pharmacien, la fiert\u00e9 d'exercer une profession caract\u00e9ris\u00e9e par un esprit de d\u00e9vouement et une vocation au service des patients affleure plus que jamais. Notre raison d'\u00eatre n'est autre que de travailler pour la pr\u00e9vention, l'\u00e9ducation sanitaire, l'utilisation s\u00fbre et responsable des m\u00e9dicaments et l'acc\u00e8s aux traitements, avec la proximit\u00e9 et le professionnalisme qui nous d\u00e9finissent \u201d.<\/span><\/p>\n<p><span style=\"font-family: helvetica, arial, sans-serif;\"><strong>La profession pharmaceutique en Espagne<\/strong><\/span><\/p>\n<p><span style=\"font-family: helvetica, arial, sans-serif;\">Selon les donn\u00e9es pr\u00e9sent\u00e9es par le Conseil g\u00e9n\u00e9ral des associations de pharmaciens en Espagne, 81 081 pharmaciens sont inscrits \u00e0 un ordre et exercent leur activit\u00e9 dans de multiples domaines, tous li\u00e9s \u00e0 la sant\u00e9.<\/span><\/p>\n<p><span style=\"font-family: helvetica, arial, sans-serif;\">Parce que, comme le dit ce dicton, si l'on pense \u00e0 la sant\u00e9, il faut penser \u00e0 la profession pharmaceutique : aux pharmaciens exer\u00e7ant en officine, aux pharmacies hospitali\u00e8res, aux analyses cliniques, \u00e0 la sant\u00e9 publique, \u00e0 l'industrie et \u00e0 la distribution pharmaceutique, \u00e0 l'optique et \u00e0 l'acoustique, \u00e0 l'alimentation, \u00e0 la dermopharmacie, \u00e0 l'orthop\u00e9die ou \u00e0 l'enseignement ; tous et chacun r\u00e9pondent aux besoins des patients.<\/span><\/p>\n<p><span style=\"font-family: helvetica, arial, sans-serif;\">Des organisations du monde entier, dont le Conseil G\u00e9n\u00e9ral, les Coll\u00e8ges de Pharmaciens et des pharmaciens \u00e0 titre individuel, se joignent chaque ann\u00e9e \u00e0 cette c\u00e9l\u00e9bration dans le but de souligner le travail de la profession pharmaceutique et de le partager, entre autres, avec les patients, les administrations et les autres professionnels de la sant\u00e9.<\/span><\/p>\n<p><span style=\"font-family: helvetica, arial, sans-serif;\">Le Conseil G\u00e9n\u00e9ral a \u00e9labor\u00e9 une vid\u00e9o comm\u00e9morative qui met en valeur le r\u00f4le des professionnels pharmaciens dans tous les domaines d'exercice : officine, h\u00f4pital, distribution, industrie, recherche, enseignement, analyses cliniques, sant\u00e9 publique, orthop\u00e9die, optique et acoustique, ou encore dermopharmacie.<\/span><\/p>\n<p><span style=\"font-family: helvetica, arial, sans-serif;\">De plus, une affiche comm\u00e9morative a \u00e9t\u00e9 r\u00e9alis\u00e9e, disponible avec les supports de communication sur\u00a0<a href=\"https:\/\/www.farmaceuticos.com\/farmaceuticos\/farmacia\/campanas\/dia-mundial-del-farmaceutico-2025\/\">www.farmaceuticos.com<\/a>, et vous \u00eates invit\u00e9 \u00e0 les partager sur les r\u00e9seaux sociaux avec les hashtags #DMF2025 et #WPD2025.<\/span><\/p>\n<\/div>\n<\/div>\n<\/div>\n<\/div>\n<\/div>\n<\/section>\n<\/div>\n<\/div>","protected":false},"excerpt":{"rendered":"<p>La profesi\u00f3n farmac\u00e9utica celebra hoy su d\u00eda grande, coincidiendo con el aniversario de la fundaci\u00f3n de la Federaci\u00f3n Internacional Farmac\u00e9utica (FIP). A nivel internacional se hace bajo el lema Piensa en salud, piensa en farmacia, y en Espa\u00f1a lo hemos acompa\u00f1ado de la leyenda #ConCienciaFarmac\u00e9utica para mejorar el mundo, se pone de relieve la doble [&hellip;]<\/p>\n","protected":false},"author":2427,"featured_media":26046323,"comment_status":"closed","ping_status":"closed","sticky":false,"template":"","format":"standard","meta":{"_et_pb_use_builder":"","_et_pb_old_content":"","_et_gb_content_width":"","footnotes":""},"categories":[247,11,1],"tags":[],"class_list":["post-118139","post","type-post","status-publish","format-standard","has-post-thumbnail","hentry","category-boletin-2025","category-noticias","category-sin-categoria"],"yoast_head":"<!-- This site is optimized with the Yoast SEO plugin v24.7 - https:\/\/yoast.com\/wordpress\/plugins\/seo\/ -->\n<title>Los farmac\u00e9uticos celebran su D\u00eda Mundial destacando su papel como promotores de salud - COFLP<\/title>\n<meta name=\"robots\" content=\"index, follow, max-snippet:-1, max-image-preview:large, max-video-preview:-1\" \/>\n<link rel=\"canonical\" href=\"https:\/\/www.coflaspalmas.es\/fr\/los-farmaceuticos-celebran-su-dia-mundial-destacando-su-papel-como-promotores-de-salud\/\" \/>\n<meta property=\"og:locale\" content=\"fr_FR\" \/>\n<meta property=\"og:type\" content=\"article\" \/>\n<meta property=\"og:title\" content=\"Los farmac\u00e9uticos celebran su D\u00eda Mundial destacando su papel como promotores de salud - COFLP\" \/>\n<meta property=\"og:description\" content=\"La profesi\u00f3n farmac\u00e9utica celebra hoy su d\u00eda grande, coincidiendo con el aniversario de la fundaci\u00f3n de la Federaci\u00f3n Internacional Farmac\u00e9utica (FIP). A nivel internacional se hace bajo el lema Piensa en salud, piensa en farmacia, y en Espa\u00f1a lo hemos acompa\u00f1ado de la leyenda #ConCienciaFarmac\u00e9utica para mejorar el mundo, se pone de relieve la doble [&hellip;]\" \/>\n<meta property=\"og:url\" content=\"https:\/\/www.coflaspalmas.es\/fr\/los-farmaceuticos-celebran-su-dia-mundial-destacando-su-papel-como-promotores-de-salud\/\" \/>\n<meta property=\"og:site_name\" content=\"COFLP\" \/>\n<meta property=\"article:published_time\" content=\"2025-09-25T09:34:20+00:00\" \/>\n<meta property=\"article:modified_time\" content=\"2025-11-12T09:11:27+00:00\" \/>\n<meta property=\"og:image\" content=\"https:\/\/www.coflaspalmas.es\/wp-content\/uploads\/2025\/09\/X-Twitter-DMF-25-1024x576-1-500x500-1.jpg?wsr\" \/>\n\t<meta property=\"og:image:width\" content=\"500\" \/>\n\t<meta property=\"og:image:height\" content=\"500\" \/>\n\t<meta property=\"og:image:type\" content=\"image\/jpeg\" \/>\n<meta name=\"author\" content=\"soporte\" \/>\n<meta name=\"twitter:card\" content=\"summary_large_image\" \/>\n<meta name=\"twitter:label1\" content=\"\u00c9crit par\" \/>\n\t<meta name=\"twitter:data1\" content=\"soporte\" \/>\n\t<meta name=\"twitter:label2\" content=\"Dur\u00e9e de lecture estim\u00e9e\" \/>\n\t<meta name=\"twitter:data2\" content=\"3 minutes\" \/>\n<script type=\"application\/ld+json\" class=\"yoast-schema-graph\">{\"@context\":\"https:\/\/schema.org\",\"@graph\":[{\"@type\":\"WebPage\",\"@id\":\"https:\/\/www.coflaspalmas.es\/los-farmaceuticos-celebran-su-dia-mundial-destacando-su-papel-como-promotores-de-salud\/\",\"url\":\"https:\/\/www.coflaspalmas.es\/los-farmaceuticos-celebran-su-dia-mundial-destacando-su-papel-como-promotores-de-salud\/\",\"name\":\"Los farmac\u00e9uticos celebran su D\u00eda Mundial destacando su papel como promotores de salud - COFLP\",\"isPartOf\":{\"@id\":\"https:\/\/www.coflaspalmas.es\/#website\"},\"primaryImageOfPage\":{\"@id\":\"https:\/\/www.coflaspalmas.es\/los-farmaceuticos-celebran-su-dia-mundial-destacando-su-papel-como-promotores-de-salud\/#primaryimage\"},\"image\":{\"@id\":\"https:\/\/www.coflaspalmas.es\/los-farmaceuticos-celebran-su-dia-mundial-destacando-su-papel-como-promotores-de-salud\/#primaryimage\"},\"thumbnailUrl\":\"https:\/\/www.coflaspalmas.es\/wp-content\/uploads\/2025\/09\/X-Twitter-DMF-25-1024x576-1-500x500-1.jpg?wsr\",\"datePublished\":\"2025-09-25T09:34:20+00:00\",\"dateModified\":\"2025-11-12T09:11:27+00:00\",\"author\":{\"@id\":\"https:\/\/www.coflaspalmas.es\/#\/schema\/person\/ccf588cbe6c4345ebe4086a038142b96\"},\"breadcrumb\":{\"@id\":\"https:\/\/www.coflaspalmas.es\/los-farmaceuticos-celebran-su-dia-mundial-destacando-su-papel-como-promotores-de-salud\/#breadcrumb\"},\"inLanguage\":\"fr-FR\",\"potentialAction\":[{\"@type\":\"ReadAction\",\"target\":[\"https:\/\/www.coflaspalmas.es\/los-farmaceuticos-celebran-su-dia-mundial-destacando-su-papel-como-promotores-de-salud\/\"]}]},{\"@type\":\"ImageObject\",\"inLanguage\":\"fr-FR\",\"@id\":\"https:\/\/www.coflaspalmas.es\/los-farmaceuticos-celebran-su-dia-mundial-destacando-su-papel-como-promotores-de-salud\/#primaryimage\",\"url\":\"https:\/\/www.coflaspalmas.es\/wp-content\/uploads\/2025\/09\/X-Twitter-DMF-25-1024x576-1-500x500-1.jpg?wsr\",\"contentUrl\":\"https:\/\/www.coflaspalmas.es\/wp-content\/uploads\/2025\/09\/X-Twitter-DMF-25-1024x576-1-500x500-1.jpg?wsr\",\"width\":500,\"height\":500},{\"@type\":\"BreadcrumbList\",\"@id\":\"https:\/\/www.coflaspalmas.es\/los-farmaceuticos-celebran-su-dia-mundial-destacando-su-papel-como-promotores-de-salud\/#breadcrumb\",\"itemListElement\":[{\"@type\":\"ListItem\",\"position\":1,\"name\":\"Portada\",\"item\":\"https:\/\/www.coflaspalmas.es\/\"},{\"@type\":\"ListItem\",\"position\":2,\"name\":\"Los farmac\u00e9uticos celebran su D\u00eda Mundial destacando su papel como promotores de salud\"}]},{\"@type\":\"WebSite\",\"@id\":\"https:\/\/www.coflaspalmas.es\/#website\",\"url\":\"https:\/\/www.coflaspalmas.es\/\",\"name\":\"COF Las Palmas\",\"description\":\"Colegio de Farmac\u00e9uticos Las Palmas.\",\"potentialAction\":[{\"@type\":\"SearchAction\",\"target\":{\"@type\":\"EntryPoint\",\"urlTemplate\":\"https:\/\/www.coflaspalmas.es\/?s={search_term_string}\"},\"query-input\":{\"@type\":\"PropertyValueSpecification\",\"valueRequired\":true,\"valueName\":\"search_term_string\"}}],\"inLanguage\":\"fr-FR\"},{\"@type\":\"Person\",\"@id\":\"https:\/\/www.coflaspalmas.es\/#\/schema\/person\/ccf588cbe6c4345ebe4086a038142b96\",\"name\":\"soporte\",\"image\":{\"@type\":\"ImageObject\",\"inLanguage\":\"fr-FR\",\"@id\":\"https:\/\/www.coflaspalmas.es\/#\/schema\/person\/image\/\",\"url\":\"https:\/\/secure.gravatar.com\/avatar\/d654455f4c3e474456c4922a586b96e354b5a500cfe1f1f2f60ef083808bf21b?s=96&d=mm&r=g\",\"contentUrl\":\"https:\/\/secure.gravatar.com\/avatar\/d654455f4c3e474456c4922a586b96e354b5a500cfe1f1f2f60ef083808bf21b?s=96&d=mm&r=g\",\"caption\":\"soporte\"},\"url\":\"https:\/\/www.coflaspalmas.es\/fr\/author\/soporte\/\"}]}<\/script>\n<!-- \/ Yoast SEO plugin. -->","yoast_head_json":{"title":"Los farmac\u00e9uticos celebran su D\u00eda Mundial destacando su papel como promotores de salud - COFLP","robots":{"index":"index","follow":"follow","max-snippet":"max-snippet:-1","max-image-preview":"max-image-preview:large","max-video-preview":"max-video-preview:-1"},"canonical":"https:\/\/www.coflaspalmas.es\/fr\/los-farmaceuticos-celebran-su-dia-mundial-destacando-su-papel-como-promotores-de-salud\/","og_locale":"fr_FR","og_type":"article","og_title":"Los farmac\u00e9uticos celebran su D\u00eda Mundial destacando su papel como promotores de salud - COFLP","og_description":"La profesi\u00f3n farmac\u00e9utica celebra hoy su d\u00eda grande, coincidiendo con el aniversario de la fundaci\u00f3n de la Federaci\u00f3n Internacional Farmac\u00e9utica (FIP). A nivel internacional se hace bajo el lema Piensa en salud, piensa en farmacia, y en Espa\u00f1a lo hemos acompa\u00f1ado de la leyenda #ConCienciaFarmac\u00e9utica para mejorar el mundo, se pone de relieve la doble [&hellip;]","og_url":"https:\/\/www.coflaspalmas.es\/fr\/los-farmaceuticos-celebran-su-dia-mundial-destacando-su-papel-como-promotores-de-salud\/","og_site_name":"COFLP","article_published_time":"2025-09-25T09:34:20+00:00","article_modified_time":"2025-11-12T09:11:27+00:00","og_image":[{"width":500,"height":500,"url":"https:\/\/www.coflaspalmas.es\/wp-content\/uploads\/2025\/09\/X-Twitter-DMF-25-1024x576-1-500x500-1.jpg?wsr","type":"image\/jpeg"}],"author":"soporte","twitter_card":"summary_large_image","twitter_misc":{"\u00c9crit par":"soporte","Dur\u00e9e de lecture estim\u00e9e":"3 minutes"},"schema":{"@context":"https:\/\/schema.org","@graph":[{"@type":"WebPage","@id":"https:\/\/www.coflaspalmas.es\/los-farmaceuticos-celebran-su-dia-mundial-destacando-su-papel-como-promotores-de-salud\/","url":"https:\/\/www.coflaspalmas.es\/los-farmaceuticos-celebran-su-dia-mundial-destacando-su-papel-como-promotores-de-salud\/","name":"Los farmac\u00e9uticos celebran su D\u00eda Mundial destacando su papel como promotores de salud - COFLP","isPartOf":{"@id":"https:\/\/www.coflaspalmas.es\/#website"},"primaryImageOfPage":{"@id":"https:\/\/www.coflaspalmas.es\/los-farmaceuticos-celebran-su-dia-mundial-destacando-su-papel-como-promotores-de-salud\/#primaryimage"},"image":{"@id":"https:\/\/www.coflaspalmas.es\/los-farmaceuticos-celebran-su-dia-mundial-destacando-su-papel-como-promotores-de-salud\/#primaryimage"},"thumbnailUrl":"https:\/\/www.coflaspalmas.es\/wp-content\/uploads\/2025\/09\/X-Twitter-DMF-25-1024x576-1-500x500-1.jpg?wsr","datePublished":"2025-09-25T09:34:20+00:00","dateModified":"2025-11-12T09:11:27+00:00","author":{"@id":"https:\/\/www.coflaspalmas.es\/#\/schema\/person\/ccf588cbe6c4345ebe4086a038142b96"},"breadcrumb":{"@id":"https:\/\/www.coflaspalmas.es\/los-farmaceuticos-celebran-su-dia-mundial-destacando-su-papel-como-promotores-de-salud\/#breadcrumb"},"inLanguage":"fr-FR","potentialAction":[{"@type":"ReadAction","target":["https:\/\/www.coflaspalmas.es\/los-farmaceuticos-celebran-su-dia-mundial-destacando-su-papel-como-promotores-de-salud\/"]}]},{"@type":"ImageObject","inLanguage":"fr-FR","@id":"https:\/\/www.coflaspalmas.es\/los-farmaceuticos-celebran-su-dia-mundial-destacando-su-papel-como-promotores-de-salud\/#primaryimage","url":"https:\/\/www.coflaspalmas.es\/wp-content\/uploads\/2025\/09\/X-Twitter-DMF-25-1024x576-1-500x500-1.jpg?wsr","contentUrl":"https:\/\/www.coflaspalmas.es\/wp-content\/uploads\/2025\/09\/X-Twitter-DMF-25-1024x576-1-500x500-1.jpg?wsr","width":500,"height":500},{"@type":"BreadcrumbList","@id":"https:\/\/www.coflaspalmas.es\/los-farmaceuticos-celebran-su-dia-mundial-destacando-su-papel-como-promotores-de-salud\/#breadcrumb","itemListElement":[{"@type":"ListItem","position":1,"name":"Portada","item":"https:\/\/www.coflaspalmas.es\/"},{"@type":"ListItem","position":2,"name":"Los farmac\u00e9uticos celebran su D\u00eda Mundial destacando su papel como promotores de salud"}]},{"@type":"WebSite","@id":"https:\/\/www.coflaspalmas.es\/#website","url":"https:\/\/www.coflaspalmas.es\/","name":"COF Las Palmas","description":"Colegio de Farmac\u00e9uticos Las Palmas.","potentialAction":[{"@type":"SearchAction","target":{"@type":"EntryPoint","urlTemplate":"https:\/\/www.coflaspalmas.es\/?s={search_term_string}"},"query-input":{"@type":"PropertyValueSpecification","valueRequired":true,"valueName":"search_term_string"}}],"inLanguage":"fr-FR"},{"@type":"Person","@id":"https:\/\/www.coflaspalmas.es\/#\/schema\/person\/ccf588cbe6c4345ebe4086a038142b96","name":"soporte","image":{"@type":"ImageObject","inLanguage":"fr-FR","@id":"https:\/\/www.coflaspalmas.es\/#\/schema\/person\/image\/","url":"https:\/\/secure.gravatar.com\/avatar\/d654455f4c3e474456c4922a586b96e354b5a500cfe1f1f2f60ef083808bf21b?s=96&d=mm&r=g","contentUrl":"https:\/\/secure.gravatar.com\/avatar\/d654455f4c3e474456c4922a586b96e354b5a500cfe1f1f2f60ef083808bf21b?s=96&d=mm&r=g","caption":"soporte"},"url":"https:\/\/www.coflaspalmas.es\/fr\/author\/soporte\/"}]}},"_links":{"self":[{"href":"https:\/\/www.coflaspalmas.es\/fr\/wp-json\/wp\/v2\/posts\/118139","targetHints":{"allow":["GET"]}}],"collection":[{"href":"https:\/\/www.coflaspalmas.es\/fr\/wp-json\/wp\/v2\/posts"}],"about":[{"href":"https:\/\/www.coflaspalmas.es\/fr\/wp-json\/wp\/v2\/types\/post"}],"author":[{"embeddable":true,"href":"https:\/\/www.coflaspalmas.es\/fr\/wp-json\/wp\/v2\/users\/2427"}],"replies":[{"embeddable":true,"href":"https:\/\/www.coflaspalmas.es\/fr\/wp-json\/wp\/v2\/comments?post=118139"}],"version-history":[{"count":1,"href":"https:\/\/www.coflaspalmas.es\/fr\/wp-json\/wp\/v2\/posts\/118139\/revisions"}],"predecessor-version":[{"id":26046073,"href":"https:\/\/www.coflaspalmas.es\/fr\/wp-json\/wp\/v2\/posts\/118139\/revisions\/26046073"}],"wp:featuredmedia":[{"embeddable":true,"href":"https:\/\/www.coflaspalmas.es\/fr\/wp-json\/wp\/v2\/media\/26046323"}],"wp:attachment":[{"href":"https:\/\/www.coflaspalmas.es\/fr\/wp-json\/wp\/v2\/media?parent=118139"}],"wp:term":[{"taxonomy":"category","embeddable":true,"href":"https:\/\/www.coflaspalmas.es\/fr\/wp-json\/wp\/v2\/categories?post=118139"},{"taxonomy":"post_tag","embeddable":true,"href":"https:\/\/www.coflaspalmas.es\/fr\/wp-json\/wp\/v2\/tags?post=118139"}],"curies":[{"name":"wp","href":"https:\/\/api.w.org\/{rel}","templated":true}]}}