{"id":123617,"date":"2025-10-28T19:49:37","date_gmt":"2025-10-28T18:49:37","guid":{"rendered":"https:\/\/www.coflaspalmas.es\/?p=123617"},"modified":"2025-11-12T10:11:27","modified_gmt":"2025-11-12T09:11:27","slug":"el-uso-excesivo-de-analgesicos-para-la-migrana-aumenta-el-riesgo-de-su-cronificacion","status":"publish","type":"post","link":"https:\/\/www.coflaspalmas.es\/fr\/el-uso-excesivo-de-analgesicos-para-la-migrana-aumenta-el-riesgo-de-su-cronificacion\/","title":{"rendered":"L\u2019utilisation excessive d\u2019analg\u00e9siques pour la migraine augmente le risque de sa chronicisation"},"content":{"rendered":"<p><span style=\"font-family: helvetica, arial, sans-serif;\">La migraine est une maladie neurologique qui se manifeste par des maux de t\u00eate intenses. Elle est extr\u00eamement invalidante et peut s'accompagner de vomissements, d'intol\u00e9rance \u00e0 la lumi\u00e8re et au son, et d'autres sympt\u00f4mes qui emp\u00eachent le d\u00e9roulement normal des activit\u00e9s quotidiennes, au point que l'OMS consid\u00e8re la migraine comme la huiti\u00e8me maladie la plus invalidante de l'humanit\u00e9 si l'on consid\u00e8re les jours de capacit\u00e9 par ann\u00e9e v\u00e9cue, derri\u00e8re la scl\u00e9rose en plaques, la maladie d'Alzheimer, l'arthrite et d'autres maladies musculo-squelettiques ou cardiaques. Selon la Soci\u00e9t\u00e9 espagnole de neurologie, une personne sur sept en souffre, ce qui en fait la sixi\u00e8me maladie la plus pr\u00e9valente au monde, affectant plus d'un milliard de personnes.<\/span><\/p>\n<p><span style=\"font-family: helvetica, arial, sans-serif;\"><img loading=\"lazy\" decoding=\"async\" class=\"wp-image-123624 alignleft\" src=\"https:\/\/www.coflaspalmas.es\/wp-content\/uploads\/2025\/10\/Jornada-Abordaje-multidisciplinar-del-paciente-con-migrana-28102025-7-RRSS-300x200.jpg\" alt=\"\" width=\"410\" height=\"273\" \/>Trop souvent, ceux qui en souffrent ont tendance \u00e0 s'autom\u00e9diquer \u00e0 la recherche d'un soulagement qui, presque toujours, finit par aggraver le probl\u00e8me, rendant la douleur de plus en plus fr\u00e9quente et difficile \u00e0 traiter, r\u00e9duisant l'efficacit\u00e9 d'autres traitements et la chronicisation de la maladie. Aux Canaries, 18 % de la population en souffre, soit environ 400 000 personnes.<\/span><\/p>\n<p><span style=\"font-family: helvetica, arial, sans-serif;\">Pour pr\u00e9parer les professionnels pharmaceutiques et mieux aider les patients, la Soci\u00e9t\u00e9 Canarienne de Neurologie (SOCANE) et les ordres officiels des pharmaciens des Canaries ont lanc\u00e9 une campagne visant \u00e0 sensibiliser les patients et, plus particuli\u00e8rement, \u00e0 former les professionnels de sant\u00e9 sur cette maladie afin qu'ils connaissent mieux les diff\u00e9rents traitements et les risques d'une utilisation excessive de m\u00e9dicaments analg\u00e9siques.<\/span><\/p>\n<p><span style=\"font-family: helvetica, arial, sans-serif;\">En palabras de Abi\u00e1n Mu\u00f1oz Garc\u00eda, presidente de SOCANE, \u201csolo el 17 % de los pacientes utiliza una medicaci\u00f3n correcta para el tratamiento sintom\u00e1tico de las crisis de migra\u00f1a\u201d, si bien, el 45 % de los enfermos \u201cno tienen un diagn\u00f3stico espec\u00edfico\u201d. Por otro lado, Mu\u00f1oz indic\u00f3 que \u201ca pesar de que el 25 % de los pacientes necesitan un preventivo, solo el 5 % lo recibe\u201d, dato basado en el Libro Blanco de la Migra\u00f1a.<\/span><\/p>\n<p><span style=\"font-family: helvetica, arial, sans-serif;\">Il a soulign\u00e9 l'importance que les traitements soient \u201c individualis\u00e9s \u201d, et a expliqu\u00e9 les diff\u00e9rences existant entre les traitements m\u00e9dicaux lorsqu'il s'agit d'une crise l\u00e9g\u00e8re \u00e0 mod\u00e9r\u00e9e ou lorsqu'elle est mod\u00e9r\u00e9e \u00e0 grave.<\/span><\/p>\n<p><span style=\"font-family: helvetica, arial, sans-serif;\">De m\u00eame, il a soulign\u00e9 que devrait \u00eatre consid\u00e9r\u00e9 comme une utilisation excessive la consommation d'AINS plus de 15 jours par mois ; de triptans, plus de 10 jours par mois ; d'ergotiques, plus de 10 jours par mois ; et, \u00e9galement, dans le cas des opiac\u00e9s, 10 jours par mois.<\/span><\/p>\n<p><span style=\"font-family: helvetica, arial, sans-serif;\"><strong><img loading=\"lazy\" decoding=\"async\" class=\"size-medium wp-image-123623 alignleft\" src=\"https:\/\/www.coflaspalmas.es\/wp-content\/uploads\/2025\/10\/Jornada-Abordaje-multidisciplinar-del-paciente-con-migrana-28102025-5-RRSS-300x200.jpg\" alt=\"\" width=\"300\" height=\"200\" \/>Traitement non m\u00e9dicamenteux<\/strong><\/span><\/p>\n<p><span style=\"font-family: helvetica, arial, sans-serif;\">La m\u00e9decin g\u00e9n\u00e9raliste Mar\u00eda Altabas Betancor a tenu \u00e0 souligner lors de son intervention que \u201cbien qu'\u00e9tant une maladie invalidante, elle ne met pas la vie en danger, m\u00eame si elle est tr\u00e8s inconfortable\u201d.<\/span><\/p>\n<p><span style=\"font-family: helvetica, arial, sans-serif;\">Il a soulign\u00e9 l'importance de consulter un m\u00e9decin pour obtenir un diagnostic de la maladie et assurer un suivi appropri\u00e9. En outre, il est \u201c aussi fondamental que de suivre le traitement, que le patient se connaisse, car les d\u00e9clencheurs peuvent \u00eatre vari\u00e9s \u201d, ajoutant que \u201c s'il peut \u00eatre bon de partager des opinions et des \u00e9tats \u00e9motionnels, cela ne doit pas conduire \u00e0 partager une m\u00e9dication, car chaque cas est diff\u00e9rent, m\u00eame si les sympt\u00f4mes sont similaires ou identiques \u201d.<\/span><\/p>\n<p><span style=\"font-family: helvetica, arial, sans-serif;\"><strong>Le pharmacien<img loading=\"lazy\" decoding=\"async\" class=\"wp-image-123619 alignright\" src=\"https:\/\/www.coflaspalmas.es\/wp-content\/uploads\/2025\/10\/Jornada-Abordaje-multidisciplinar-del-paciente-con-migrana-28102025-10-300x200.jpg\" alt=\"\" width=\"343\" height=\"229\" \/><\/strong><\/span><\/p>\n<p><span style=\"font-family: helvetica, arial, sans-serif;\">\u201c En tant que professionnel de sant\u00e9 le plus proche et le plus accessible \u00e0 la population \u201d, a comment\u00e9 la pharmacienne Elena Angulo lors de sa pr\u00e9sentation, \u201c le pharmacien a trois t\u00e2ches fondamentales : d\u00e9tecter les soup\u00e7ons, r\u00e9f\u00e9rer au m\u00e9decin et assurer le suivi \u201d.<\/span><\/p>\n<p><span style=\"font-family: helvetica, arial, sans-serif;\">L'accessibilit\u00e9 des patients et leur tendance \u00e0 l'autom\u00e9dication font que le pharmacien joue un r\u00f4le fondamental dans la d\u00e9tection de la maladie, puisque ceux qui souffrent de migraines se contentent souvent de solutions momentan\u00e9es et ponctuelles, n\u00e9gligeant l'importance d'un diagnostic et d'un traitement corrects.<\/span><\/p>\n<p><span style=\"font-family: helvetica, arial, sans-serif;\">Angulo a soulign\u00e9 l'importance de suivre les crises, en notant les dates et les faits qui les pr\u00e9c\u00e8dent, afin d'\u00e9tablir un sch\u00e9ma.<\/span><\/p>\n<p><span style=\"font-family: helvetica, arial, sans-serif;\">Le regard du patient fut celui d'Ernestina Mendoza, qui a affirm\u00e9 que le traitement ad\u00e9quat \u201c vous ram\u00e8ne \u00e0 la normale \u201d. Dans ce sens, elle a dit : \u201c mon neurologue a chang\u00e9 ma vie \u201d.<\/span><\/p>\n<p><span style=\"font-family: helvetica, arial, sans-serif;\">Votre exp\u00e9rience pourrait \u00eatre celle de la plupart des migraineux. \u201c J'ai commenc\u00e9 par m'autom\u00e9diquer \u201d, a-t-elle dit, \u201c les m\u00e9decins ne me diagnostiquaient pas et ne me proposaient pas d'alternatives, ce qui m'emp\u00eachait d'avoir une vie normale. Je ne sortais pas, je ne mangeais pas, je ne pouvais pas travailler souvent, ou je faisais les choses tout en souffrant de terribles maux de t\u00eate. Apr\u00e8s avoir \u00e9t\u00e9 diagnostiqu\u00e9e et trait\u00e9e, ma vie est diff\u00e9rente, elle est normale \u201d.<\/span><\/p>\n<p><img loading=\"lazy\" decoding=\"async\" class=\"alignnone size-medium wp-image-123620\" src=\"https:\/\/www.coflaspalmas.es\/wp-content\/uploads\/2025\/10\/Jornada-Abordaje-multidisciplinar-del-paciente-con-migrana-28102025-8-RRSS-300x199.jpg\" alt=\"\" width=\"300\" height=\"199\" \/> <img loading=\"lazy\" decoding=\"async\" class=\"alignnone size-medium wp-image-123621\" src=\"https:\/\/www.coflaspalmas.es\/wp-content\/uploads\/2025\/10\/Jornada-Abordaje-multidisciplinar-del-paciente-con-migrana-28102025-14-RRSS-300x200.jpg\" alt=\"\" width=\"300\" height=\"200\" \/> <img loading=\"lazy\" decoding=\"async\" class=\"alignnone size-medium wp-image-123622\" src=\"https:\/\/www.coflaspalmas.es\/wp-content\/uploads\/2025\/10\/Jornada-Abordaje-multidisciplinar-del-paciente-con-migrana-28102025-1-RRSS-300x200.jpg\" alt=\"\" width=\"300\" height=\"200\" \/><\/p>","protected":false},"excerpt":{"rendered":"<p>La migra\u00f1a es una enfermedad neurol\u00f3gica que se manifiesta en un dolor de cabeza intenso. Es extremadamente discapacitante y puede acompa\u00f1arse de v\u00f3mitos, intolerancia a la luz y al sonido y de otros s\u00edntomas que impiden el desarrollo normal de la actividad diaria, hasta el punto de que la OMS considera la migra\u00f1a como la [&hellip;]<\/p>\n","protected":false},"author":2427,"featured_media":26046322,"comment_status":"closed","ping_status":"closed","sticky":false,"template":"","format":"standard","meta":{"_et_pb_use_builder":"","_et_pb_old_content":"","_et_gb_content_width":"","footnotes":""},"categories":[247,11],"tags":[],"class_list":["post-123617","post","type-post","status-publish","format-standard","has-post-thumbnail","hentry","category-boletin-2025","category-noticias"],"yoast_head":"<!-- This site is optimized with the Yoast SEO plugin v24.7 - https:\/\/yoast.com\/wordpress\/plugins\/seo\/ -->\n<title>El uso excesivo de analg\u00e9sicos para la migra\u00f1a aumenta el riesgo de su cronificaci\u00f3n - COFLP<\/title>\n<meta name=\"robots\" content=\"index, follow, max-snippet:-1, max-image-preview:large, max-video-preview:-1\" \/>\n<link rel=\"canonical\" href=\"https:\/\/www.coflaspalmas.es\/fr\/el-uso-excesivo-de-analgesicos-para-la-migrana-aumenta-el-riesgo-de-su-cronificacion\/\" \/>\n<meta property=\"og:locale\" content=\"fr_FR\" \/>\n<meta property=\"og:type\" content=\"article\" \/>\n<meta property=\"og:title\" content=\"El uso excesivo de analg\u00e9sicos para la migra\u00f1a aumenta el riesgo de su cronificaci\u00f3n - COFLP\" \/>\n<meta property=\"og:description\" content=\"La migra\u00f1a es una enfermedad neurol\u00f3gica que se manifiesta en un dolor de cabeza intenso. Es extremadamente discapacitante y puede acompa\u00f1arse de v\u00f3mitos, intolerancia a la luz y al sonido y de otros s\u00edntomas que impiden el desarrollo normal de la actividad diaria, hasta el punto de que la OMS considera la migra\u00f1a como la [&hellip;]\" \/>\n<meta property=\"og:url\" content=\"https:\/\/www.coflaspalmas.es\/fr\/el-uso-excesivo-de-analgesicos-para-la-migrana-aumenta-el-riesgo-de-su-cronificacion\/\" \/>\n<meta property=\"og:site_name\" content=\"COFLP\" \/>\n<meta property=\"article:published_time\" content=\"2025-10-28T18:49:37+00:00\" \/>\n<meta property=\"article:modified_time\" content=\"2025-11-12T09:11:27+00:00\" \/>\n<meta property=\"og:image\" content=\"https:\/\/www.coflaspalmas.es\/wp-content\/uploads\/2025\/10\/Jornada-Abordaje-multidisciplinar-del-paciente-con-migrana-28102025-3-RRSS-500x500-1.jpg?wsr\" \/>\n\t<meta property=\"og:image:width\" content=\"500\" \/>\n\t<meta property=\"og:image:height\" content=\"500\" \/>\n\t<meta property=\"og:image:type\" content=\"image\/jpeg\" \/>\n<meta name=\"author\" content=\"soporte\" \/>\n<meta name=\"twitter:card\" content=\"summary_large_image\" \/>\n<meta name=\"twitter:label1\" content=\"\u00c9crit par\" \/>\n\t<meta name=\"twitter:data1\" content=\"soporte\" \/>\n\t<meta name=\"twitter:label2\" content=\"Dur\u00e9e de lecture estim\u00e9e\" \/>\n\t<meta name=\"twitter:data2\" content=\"5 minutes\" \/>\n<script type=\"application\/ld+json\" class=\"yoast-schema-graph\">{\"@context\":\"https:\/\/schema.org\",\"@graph\":[{\"@type\":\"WebPage\",\"@id\":\"https:\/\/www.coflaspalmas.es\/el-uso-excesivo-de-analgesicos-para-la-migrana-aumenta-el-riesgo-de-su-cronificacion\/\",\"url\":\"https:\/\/www.coflaspalmas.es\/el-uso-excesivo-de-analgesicos-para-la-migrana-aumenta-el-riesgo-de-su-cronificacion\/\",\"name\":\"El uso excesivo de analg\u00e9sicos para la migra\u00f1a aumenta el riesgo de su cronificaci\u00f3n - COFLP\",\"isPartOf\":{\"@id\":\"https:\/\/www.coflaspalmas.es\/#website\"},\"primaryImageOfPage\":{\"@id\":\"https:\/\/www.coflaspalmas.es\/el-uso-excesivo-de-analgesicos-para-la-migrana-aumenta-el-riesgo-de-su-cronificacion\/#primaryimage\"},\"image\":{\"@id\":\"https:\/\/www.coflaspalmas.es\/el-uso-excesivo-de-analgesicos-para-la-migrana-aumenta-el-riesgo-de-su-cronificacion\/#primaryimage\"},\"thumbnailUrl\":\"https:\/\/www.coflaspalmas.es\/wp-content\/uploads\/2025\/10\/Jornada-Abordaje-multidisciplinar-del-paciente-con-migrana-28102025-3-RRSS-500x500-1.jpg?wsr\",\"datePublished\":\"2025-10-28T18:49:37+00:00\",\"dateModified\":\"2025-11-12T09:11:27+00:00\",\"author\":{\"@id\":\"https:\/\/www.coflaspalmas.es\/#\/schema\/person\/ccf588cbe6c4345ebe4086a038142b96\"},\"breadcrumb\":{\"@id\":\"https:\/\/www.coflaspalmas.es\/el-uso-excesivo-de-analgesicos-para-la-migrana-aumenta-el-riesgo-de-su-cronificacion\/#breadcrumb\"},\"inLanguage\":\"fr-FR\",\"potentialAction\":[{\"@type\":\"ReadAction\",\"target\":[\"https:\/\/www.coflaspalmas.es\/el-uso-excesivo-de-analgesicos-para-la-migrana-aumenta-el-riesgo-de-su-cronificacion\/\"]}]},{\"@type\":\"ImageObject\",\"inLanguage\":\"fr-FR\",\"@id\":\"https:\/\/www.coflaspalmas.es\/el-uso-excesivo-de-analgesicos-para-la-migrana-aumenta-el-riesgo-de-su-cronificacion\/#primaryimage\",\"url\":\"https:\/\/www.coflaspalmas.es\/wp-content\/uploads\/2025\/10\/Jornada-Abordaje-multidisciplinar-del-paciente-con-migrana-28102025-3-RRSS-500x500-1.jpg?wsr\",\"contentUrl\":\"https:\/\/www.coflaspalmas.es\/wp-content\/uploads\/2025\/10\/Jornada-Abordaje-multidisciplinar-del-paciente-con-migrana-28102025-3-RRSS-500x500-1.jpg?wsr\",\"width\":500,\"height\":500},{\"@type\":\"BreadcrumbList\",\"@id\":\"https:\/\/www.coflaspalmas.es\/el-uso-excesivo-de-analgesicos-para-la-migrana-aumenta-el-riesgo-de-su-cronificacion\/#breadcrumb\",\"itemListElement\":[{\"@type\":\"ListItem\",\"position\":1,\"name\":\"Portada\",\"item\":\"https:\/\/www.coflaspalmas.es\/\"},{\"@type\":\"ListItem\",\"position\":2,\"name\":\"El uso excesivo de analg\u00e9sicos para la migra\u00f1a aumenta el riesgo de su cronificaci\u00f3n\"}]},{\"@type\":\"WebSite\",\"@id\":\"https:\/\/www.coflaspalmas.es\/#website\",\"url\":\"https:\/\/www.coflaspalmas.es\/\",\"name\":\"COF Las Palmas\",\"description\":\"Colegio de Farmac\u00e9uticos Las Palmas.\",\"potentialAction\":[{\"@type\":\"SearchAction\",\"target\":{\"@type\":\"EntryPoint\",\"urlTemplate\":\"https:\/\/www.coflaspalmas.es\/?s={search_term_string}\"},\"query-input\":{\"@type\":\"PropertyValueSpecification\",\"valueRequired\":true,\"valueName\":\"search_term_string\"}}],\"inLanguage\":\"fr-FR\"},{\"@type\":\"Person\",\"@id\":\"https:\/\/www.coflaspalmas.es\/#\/schema\/person\/ccf588cbe6c4345ebe4086a038142b96\",\"name\":\"soporte\",\"image\":{\"@type\":\"ImageObject\",\"inLanguage\":\"fr-FR\",\"@id\":\"https:\/\/www.coflaspalmas.es\/#\/schema\/person\/image\/\",\"url\":\"https:\/\/secure.gravatar.com\/avatar\/d654455f4c3e474456c4922a586b96e354b5a500cfe1f1f2f60ef083808bf21b?s=96&d=mm&r=g\",\"contentUrl\":\"https:\/\/secure.gravatar.com\/avatar\/d654455f4c3e474456c4922a586b96e354b5a500cfe1f1f2f60ef083808bf21b?s=96&d=mm&r=g\",\"caption\":\"soporte\"},\"url\":\"https:\/\/www.coflaspalmas.es\/fr\/author\/soporte\/\"}]}<\/script>\n<!-- \/ Yoast SEO plugin. -->","yoast_head_json":{"title":"El uso excesivo de analg\u00e9sicos para la migra\u00f1a aumenta el riesgo de su cronificaci\u00f3n - COFLP","robots":{"index":"index","follow":"follow","max-snippet":"max-snippet:-1","max-image-preview":"max-image-preview:large","max-video-preview":"max-video-preview:-1"},"canonical":"https:\/\/www.coflaspalmas.es\/fr\/el-uso-excesivo-de-analgesicos-para-la-migrana-aumenta-el-riesgo-de-su-cronificacion\/","og_locale":"fr_FR","og_type":"article","og_title":"El uso excesivo de analg\u00e9sicos para la migra\u00f1a aumenta el riesgo de su cronificaci\u00f3n - COFLP","og_description":"La migra\u00f1a es una enfermedad neurol\u00f3gica que se manifiesta en un dolor de cabeza intenso. Es extremadamente discapacitante y puede acompa\u00f1arse de v\u00f3mitos, intolerancia a la luz y al sonido y de otros s\u00edntomas que impiden el desarrollo normal de la actividad diaria, hasta el punto de que la OMS considera la migra\u00f1a como la [&hellip;]","og_url":"https:\/\/www.coflaspalmas.es\/fr\/el-uso-excesivo-de-analgesicos-para-la-migrana-aumenta-el-riesgo-de-su-cronificacion\/","og_site_name":"COFLP","article_published_time":"2025-10-28T18:49:37+00:00","article_modified_time":"2025-11-12T09:11:27+00:00","og_image":[{"width":500,"height":500,"url":"https:\/\/www.coflaspalmas.es\/wp-content\/uploads\/2025\/10\/Jornada-Abordaje-multidisciplinar-del-paciente-con-migrana-28102025-3-RRSS-500x500-1.jpg?wsr","type":"image\/jpeg"}],"author":"soporte","twitter_card":"summary_large_image","twitter_misc":{"\u00c9crit par":"soporte","Dur\u00e9e de lecture estim\u00e9e":"5 minutes"},"schema":{"@context":"https:\/\/schema.org","@graph":[{"@type":"WebPage","@id":"https:\/\/www.coflaspalmas.es\/el-uso-excesivo-de-analgesicos-para-la-migrana-aumenta-el-riesgo-de-su-cronificacion\/","url":"https:\/\/www.coflaspalmas.es\/el-uso-excesivo-de-analgesicos-para-la-migrana-aumenta-el-riesgo-de-su-cronificacion\/","name":"El uso excesivo de analg\u00e9sicos para la migra\u00f1a aumenta el riesgo de su cronificaci\u00f3n - COFLP","isPartOf":{"@id":"https:\/\/www.coflaspalmas.es\/#website"},"primaryImageOfPage":{"@id":"https:\/\/www.coflaspalmas.es\/el-uso-excesivo-de-analgesicos-para-la-migrana-aumenta-el-riesgo-de-su-cronificacion\/#primaryimage"},"image":{"@id":"https:\/\/www.coflaspalmas.es\/el-uso-excesivo-de-analgesicos-para-la-migrana-aumenta-el-riesgo-de-su-cronificacion\/#primaryimage"},"thumbnailUrl":"https:\/\/www.coflaspalmas.es\/wp-content\/uploads\/2025\/10\/Jornada-Abordaje-multidisciplinar-del-paciente-con-migrana-28102025-3-RRSS-500x500-1.jpg?wsr","datePublished":"2025-10-28T18:49:37+00:00","dateModified":"2025-11-12T09:11:27+00:00","author":{"@id":"https:\/\/www.coflaspalmas.es\/#\/schema\/person\/ccf588cbe6c4345ebe4086a038142b96"},"breadcrumb":{"@id":"https:\/\/www.coflaspalmas.es\/el-uso-excesivo-de-analgesicos-para-la-migrana-aumenta-el-riesgo-de-su-cronificacion\/#breadcrumb"},"inLanguage":"fr-FR","potentialAction":[{"@type":"ReadAction","target":["https:\/\/www.coflaspalmas.es\/el-uso-excesivo-de-analgesicos-para-la-migrana-aumenta-el-riesgo-de-su-cronificacion\/"]}]},{"@type":"ImageObject","inLanguage":"fr-FR","@id":"https:\/\/www.coflaspalmas.es\/el-uso-excesivo-de-analgesicos-para-la-migrana-aumenta-el-riesgo-de-su-cronificacion\/#primaryimage","url":"https:\/\/www.coflaspalmas.es\/wp-content\/uploads\/2025\/10\/Jornada-Abordaje-multidisciplinar-del-paciente-con-migrana-28102025-3-RRSS-500x500-1.jpg?wsr","contentUrl":"https:\/\/www.coflaspalmas.es\/wp-content\/uploads\/2025\/10\/Jornada-Abordaje-multidisciplinar-del-paciente-con-migrana-28102025-3-RRSS-500x500-1.jpg?wsr","width":500,"height":500},{"@type":"BreadcrumbList","@id":"https:\/\/www.coflaspalmas.es\/el-uso-excesivo-de-analgesicos-para-la-migrana-aumenta-el-riesgo-de-su-cronificacion\/#breadcrumb","itemListElement":[{"@type":"ListItem","position":1,"name":"Portada","item":"https:\/\/www.coflaspalmas.es\/"},{"@type":"ListItem","position":2,"name":"El uso excesivo de analg\u00e9sicos para la migra\u00f1a aumenta el riesgo de su cronificaci\u00f3n"}]},{"@type":"WebSite","@id":"https:\/\/www.coflaspalmas.es\/#website","url":"https:\/\/www.coflaspalmas.es\/","name":"COF Las Palmas","description":"Colegio de Farmac\u00e9uticos Las Palmas.","potentialAction":[{"@type":"SearchAction","target":{"@type":"EntryPoint","urlTemplate":"https:\/\/www.coflaspalmas.es\/?s={search_term_string}"},"query-input":{"@type":"PropertyValueSpecification","valueRequired":true,"valueName":"search_term_string"}}],"inLanguage":"fr-FR"},{"@type":"Person","@id":"https:\/\/www.coflaspalmas.es\/#\/schema\/person\/ccf588cbe6c4345ebe4086a038142b96","name":"soporte","image":{"@type":"ImageObject","inLanguage":"fr-FR","@id":"https:\/\/www.coflaspalmas.es\/#\/schema\/person\/image\/","url":"https:\/\/secure.gravatar.com\/avatar\/d654455f4c3e474456c4922a586b96e354b5a500cfe1f1f2f60ef083808bf21b?s=96&d=mm&r=g","contentUrl":"https:\/\/secure.gravatar.com\/avatar\/d654455f4c3e474456c4922a586b96e354b5a500cfe1f1f2f60ef083808bf21b?s=96&d=mm&r=g","caption":"soporte"},"url":"https:\/\/www.coflaspalmas.es\/fr\/author\/soporte\/"}]}},"_links":{"self":[{"href":"https:\/\/www.coflaspalmas.es\/fr\/wp-json\/wp\/v2\/posts\/123617","targetHints":{"allow":["GET"]}}],"collection":[{"href":"https:\/\/www.coflaspalmas.es\/fr\/wp-json\/wp\/v2\/posts"}],"about":[{"href":"https:\/\/www.coflaspalmas.es\/fr\/wp-json\/wp\/v2\/types\/post"}],"author":[{"embeddable":true,"href":"https:\/\/www.coflaspalmas.es\/fr\/wp-json\/wp\/v2\/users\/2427"}],"replies":[{"embeddable":true,"href":"https:\/\/www.coflaspalmas.es\/fr\/wp-json\/wp\/v2\/comments?post=123617"}],"version-history":[{"count":1,"href":"https:\/\/www.coflaspalmas.es\/fr\/wp-json\/wp\/v2\/posts\/123617\/revisions"}],"predecessor-version":[{"id":26046072,"href":"https:\/\/www.coflaspalmas.es\/fr\/wp-json\/wp\/v2\/posts\/123617\/revisions\/26046072"}],"wp:featuredmedia":[{"embeddable":true,"href":"https:\/\/www.coflaspalmas.es\/fr\/wp-json\/wp\/v2\/media\/26046322"}],"wp:attachment":[{"href":"https:\/\/www.coflaspalmas.es\/fr\/wp-json\/wp\/v2\/media?parent=123617"}],"wp:term":[{"taxonomy":"category","embeddable":true,"href":"https:\/\/www.coflaspalmas.es\/fr\/wp-json\/wp\/v2\/categories?post=123617"},{"taxonomy":"post_tag","embeddable":true,"href":"https:\/\/www.coflaspalmas.es\/fr\/wp-json\/wp\/v2\/tags?post=123617"}],"curies":[{"name":"wp","href":"https:\/\/api.w.org\/{rel}","templated":true}]}}