{"id":26047399,"date":"2025-11-27T19:58:00","date_gmt":"2025-11-27T18:58:00","guid":{"rendered":"https:\/\/www.coflaspalmas.es\/?p=26047399"},"modified":"2025-12-11T09:30:41","modified_gmt":"2025-12-11T08:30:41","slug":"ocho-colegios-profesionales-exhortan-a-los-sanitarios-y-a-la-poblacion-a-vacunarse","status":"publish","type":"post","link":"https:\/\/www.coflaspalmas.es\/fr\/ocho-colegios-profesionales-exhortan-a-los-sanitarios-y-a-la-poblacion-a-vacunarse\/","title":{"rendered":"Huit ordres professionnels exhortent les professionnels de la sant\u00e9 et la population \u00e0 se faire vacciner"},"content":{"rendered":"<p><span style=\"font-family: tahoma, arial, helvetica, sans-serif;\">Les repr\u00e9sentants des ordres professionnels des dentistes, des infirmiers, des pharmaciens, des m\u00e9decins, des podologues, des psychologues et des v\u00e9t\u00e9rinaires de Las Palmas, ainsi que celui des kin\u00e9sith\u00e9rapeutes des Canaries, qui repr\u00e9sentent pr\u00e8s de 25 000 professionnels de la sant\u00e9, ont tenu aujourd'hui \u00e0 offrir une image d'unit\u00e9 face \u00e0 la n\u00e9cessit\u00e9 de se faire vacciner contre la grippe pour la population en g\u00e9n\u00e9ral, et tout particuli\u00e8rement, pour les groupes \u00e0 risque et les professionnels de la sant\u00e9.<\/span> <span style=\"font-family: tahoma, arial, helvetica, sans-serif;\">Loreto G\u00f3mez, pr\u00e9sidente du Coll\u00e8ge des pharmaciens de Las Palmas, qui a agi en tant que porte-parole, a expliqu\u00e9 que \u201c malgr\u00e9 ce que l'on entend souvent sur les sombres intentions des vaccins, les faits, ce qui est r\u00e9ellement v\u00e9rifiable, ce sont les chiffres. 12 825 d\u00e9c\u00e8s en 2024, soit un millier de plus qu'en 2023, selon les donn\u00e9es du minist\u00e8re de la Sant\u00e9 \u201d.<\/span> <span style=\"font-family: tahoma, arial, helvetica, sans-serif;\">Il a rappel\u00e9 que \u201cce chiffre ne prend en compte que les personnes d\u00e9c\u00e9d\u00e9es, et non celles qui sont hospitalis\u00e9es ou qui pr\u00e9sentent des tableaux m\u00e9dicaux tr\u00e8s complexes compliqu\u00e9s par de l'asthme, de la sinusite, de la bronchite, de la pneumonie, de la myocardite, de l'enc\u00e9phalite ou de la myosite\u201d.<\/span> <span style=\"font-family: tahoma, arial, helvetica, sans-serif;\">Concernant les professionnels de sant\u00e9, il a affirm\u00e9 qu'en tant que groupe, ils sont \u201cplus expos\u00e9s que d'autres\u201d en raison des caract\u00e9ristiques propres \u00e0 leur travail, et a d\u00e9clar\u00e9 qu'ils peuvent devenir \u201cdes vecteurs pour la population, pour les patients et pour leurs propres familles. Il incombe \u00e0 chaque professionnel de sant\u00e9 de se prot\u00e9ger et de prot\u00e9ger les autres, et le vaccin est sans aucun doute un moyen valable, s\u00fbr et efficace.\u201d.<\/span> <span style=\"font-family: tahoma, arial, helvetica, sans-serif;\"><img loading=\"lazy\" decoding=\"async\" class=\"wp-image-126730 alignleft\" src=\"https:\/\/www.coflaspalmas.es\/wp-content\/uploads\/2025\/11\/Rueda-de-prensa-vacunacion-contra-la-gripe-27112025-9-RRSS-300x199.jpg\" alt=\"\" width=\"478\" height=\"317\" \/>Quant \u00e0 la campagne elle-m\u00eame, il a expliqu\u00e9 qu'elle visait \u00e0 \u201c poser la relation d'affection entre le patient et le soignant en affirmant que nous prenons soin les uns des autres, et que nous le faisons par responsabilit\u00e9 et par respect \u201d.<\/span> <span style=\"font-family: tahoma, arial, helvetica, sans-serif;\">La conf\u00e9rence de presse s'est termin\u00e9e par la vaccination des repr\u00e9sentants des organisations participantes, qui, outre G\u00f3mez, \u00e9taient :<\/span><\/p>\n<ul>\n<li><span style=\"font-family: tahoma, arial, helvetica, sans-serif;\">Pr\u00e9sident de l'Ordre officiel des dentistes de Las Palmas, Francisco Cabrera Panasco.<\/span><\/li>\n<li><span style=\"font-family: tahoma, arial, helvetica, sans-serif;\">Pr\u00e9sidente du Coll\u00e8ge officiel des infirmi\u00e8res de Las Palmas, Rita Mendoza S\u00e1nchez.<\/span><\/li>\n<li><span style=\"font-family: tahoma, arial, helvetica, sans-serif;\">Pr\u00e9sidente du Coll\u00e8ge officiel des physioth\u00e9rapeutes des Canaries, Vanesa Eugenio Berm\u00fadez.<\/span><\/li>\n<li><span style=\"font-family: tahoma, arial, helvetica, sans-serif;\">Pr\u00e9sident du Coll\u00e8ge officiel des podologues des Canaries, Ernesto L\u00f3pez Artiles.<\/span><\/li>\n<li><span style=\"font-family: tahoma, arial, helvetica, sans-serif;\">Doyen du Coll\u00e8ge officiel des psychologues de Las Palmas, Francisco Javier S\u00e1nchez Eizaguirre.<\/span><\/li>\n<li><span style=\"font-family: tahoma, arial, helvetica, sans-serif;\">Secr\u00e9taire du Coll\u00e8ge officiel de la profession v\u00e9t\u00e9rinaire de Las Palmas, Pablo Varona Cabrera.<\/span><\/li>\n<li><span style=\"font-family: tahoma, arial, helvetica, sans-serif;\">Vicesecretaria del Colegio Oficial de M\u00e9dicos de Las Palmas, Marta Le\u00f3n Santana.<\/span><\/li>\n<\/ul>\n<p><span style=\"font-family: tahoma, arial, helvetica, sans-serif;\"><strong>\u00a0<\/strong><\/span><span style=\"font-family: tahoma, arial, helvetica, sans-serif;\"><strong>SCS<\/strong><\/span> <span style=\"font-family: tahoma, arial, helvetica, sans-serif;\">Abi\u00e1n Montesdeoca Meli\u00e1n et Raquel Dom\u00ednguez D\u00edaz, respectivement technicien responsable du programme d'immunisation du Service de Sant\u00e9 des Canaries et technicienne du service, \u00e9taient \u00e9galement pr\u00e9sents \u00e0 la conf\u00e9rence de presse pour expliquer qu\u201c\u201dil est n\u00e9cessaire de se faire vacciner, non pas pour \u00e9viter d'attraper la grippe, mais pour \u00e9viter des complications qui pourraient entra\u00eener une hospitalisation ou la mort\".<\/span> <span style=\"font-family: tahoma, arial, helvetica, sans-serif;\">Montesdeoca a affirm\u00e9 que \u201c les nouveaux variants peuvent \u00eatre trait\u00e9s avec le vaccin actuel \u201d, et a rappel\u00e9 qu\u201c\u201d aux Canaries, nous n\u2019avons pas encore atteint le pic de la courbe \u201c et a soulign\u00e9 qu\u201d\u00ab contrairement aux ann\u00e9es pr\u00e9c\u00e9dentes, la grippe a pris de l\u2019avance \u00bb.<\/span> <span style=\"font-family: tahoma, arial, helvetica, sans-serif;\">Cette implication rend encore plus \u00e9vidente l'unit\u00e9 entre l'administration r\u00e9gionale et les professionnels pour am\u00e9liorer la sant\u00e9 de la population.<\/span><\/p>\n<p><img loading=\"lazy\" decoding=\"async\" class=\"alignnone size-medium wp-image-126731\" src=\"https:\/\/www.coflaspalmas.es\/wp-content\/uploads\/2025\/11\/Rueda-de-prensa-vacunacion-contra-la-gripe-27112025-4-RRSS-300x199.jpg\" alt=\"\" width=\"300\" height=\"199\" \/> <img loading=\"lazy\" decoding=\"async\" class=\"alignnone size-medium wp-image-126732\" src=\"https:\/\/www.coflaspalmas.es\/wp-content\/uploads\/2025\/11\/Rueda-de-prensa-vacunacion-contra-la-gripe-27112025-5-300x200.jpg\" alt=\"\" width=\"300\" height=\"200\" \/> <img loading=\"lazy\" decoding=\"async\" class=\"alignnone size-medium wp-image-126733\" src=\"https:\/\/www.coflaspalmas.es\/wp-content\/uploads\/2025\/11\/Rueda-de-prensa-vacunacion-contra-la-gripe-27112025-12-RRSS-300x199.jpg\" alt=\"\" width=\"300\" height=\"199\" \/><\/p>","protected":false},"excerpt":{"rendered":"<p>Representantes de los colegios profesionales de Dentistas, Enfermer\u00eda, Farmac\u00e9uticos, M\u00e9dicos, Pod\u00f3logos, Psicolog\u00eda y Veterinarios de Las Palmas y el de Fisioterapeutas de Canarias, que representan a cerca de 25 000 sanitarios, quisieron hoy ofrecer una imagen de unidad ante la necesidad de vacunarse contra la gripe para la poblaci\u00f3n en general, y muy especialmente, para [&hellip;]<\/p>\n","protected":false},"author":2427,"featured_media":26047400,"comment_status":"open","ping_status":"open","sticky":false,"template":"","format":"standard","meta":{"_et_pb_use_builder":"off","_et_pb_old_content":"","_et_gb_content_width":"","footnotes":""},"categories":[247,11],"tags":[],"class_list":["post-26047399","post","type-post","status-publish","format-standard","has-post-thumbnail","hentry","category-boletin-2025","category-noticias"],"yoast_head":"<!-- This site is optimized with the Yoast SEO plugin v24.7 - https:\/\/yoast.com\/wordpress\/plugins\/seo\/ -->\n<title>Ocho colegios profesionales exhortan a los sanitarios y a la poblaci\u00f3n a vacunarse - COFLP<\/title>\n<meta name=\"robots\" content=\"index, follow, max-snippet:-1, max-image-preview:large, max-video-preview:-1\" \/>\n<link rel=\"canonical\" href=\"https:\/\/www.coflaspalmas.es\/fr\/ocho-colegios-profesionales-exhortan-a-los-sanitarios-y-a-la-poblacion-a-vacunarse\/\" \/>\n<meta property=\"og:locale\" content=\"fr_FR\" \/>\n<meta property=\"og:type\" content=\"article\" \/>\n<meta property=\"og:title\" content=\"Ocho colegios profesionales exhortan a los sanitarios y a la poblaci\u00f3n a vacunarse - COFLP\" \/>\n<meta property=\"og:description\" content=\"Representantes de los colegios profesionales de Dentistas, Enfermer\u00eda, Farmac\u00e9uticos, M\u00e9dicos, Pod\u00f3logos, Psicolog\u00eda y Veterinarios de Las Palmas y el de Fisioterapeutas de Canarias, que representan a cerca de 25 000 sanitarios, quisieron hoy ofrecer una imagen de unidad ante la necesidad de vacunarse contra la gripe para la poblaci\u00f3n en general, y muy especialmente, para [&hellip;]\" \/>\n<meta property=\"og:url\" content=\"https:\/\/www.coflaspalmas.es\/fr\/ocho-colegios-profesionales-exhortan-a-los-sanitarios-y-a-la-poblacion-a-vacunarse\/\" \/>\n<meta property=\"og:site_name\" content=\"COFLP\" \/>\n<meta property=\"article:published_time\" content=\"2025-11-27T18:58:00+00:00\" \/>\n<meta property=\"article:modified_time\" content=\"2025-12-11T08:30:41+00:00\" \/>\n<meta property=\"og:image\" content=\"https:\/\/www.coflaspalmas.es\/wp-content\/uploads\/2025\/12\/Rueda-de-prensa-vacunacion-contra-la-gripe-27112025-9-RRSS-300x199-1.jpg?wsr\" \/>\n\t<meta property=\"og:image:width\" content=\"300\" \/>\n\t<meta property=\"og:image:height\" content=\"199\" \/>\n\t<meta property=\"og:image:type\" content=\"image\/jpeg\" \/>\n<meta name=\"author\" content=\"soporte\" \/>\n<meta name=\"twitter:card\" content=\"summary_large_image\" \/>\n<meta name=\"twitter:label1\" content=\"\u00c9crit par\" \/>\n\t<meta name=\"twitter:data1\" content=\"soporte\" \/>\n\t<meta name=\"twitter:label2\" content=\"Dur\u00e9e de lecture estim\u00e9e\" \/>\n\t<meta name=\"twitter:data2\" content=\"4 minutes\" \/>\n<script type=\"application\/ld+json\" class=\"yoast-schema-graph\">{\"@context\":\"https:\/\/schema.org\",\"@graph\":[{\"@type\":\"WebPage\",\"@id\":\"https:\/\/www.coflaspalmas.es\/ocho-colegios-profesionales-exhortan-a-los-sanitarios-y-a-la-poblacion-a-vacunarse\/\",\"url\":\"https:\/\/www.coflaspalmas.es\/ocho-colegios-profesionales-exhortan-a-los-sanitarios-y-a-la-poblacion-a-vacunarse\/\",\"name\":\"Ocho colegios profesionales exhortan a los sanitarios y a la poblaci\u00f3n a vacunarse - COFLP\",\"isPartOf\":{\"@id\":\"https:\/\/www.coflaspalmas.es\/#website\"},\"primaryImageOfPage\":{\"@id\":\"https:\/\/www.coflaspalmas.es\/ocho-colegios-profesionales-exhortan-a-los-sanitarios-y-a-la-poblacion-a-vacunarse\/#primaryimage\"},\"image\":{\"@id\":\"https:\/\/www.coflaspalmas.es\/ocho-colegios-profesionales-exhortan-a-los-sanitarios-y-a-la-poblacion-a-vacunarse\/#primaryimage\"},\"thumbnailUrl\":\"https:\/\/www.coflaspalmas.es\/wp-content\/uploads\/2025\/12\/Rueda-de-prensa-vacunacion-contra-la-gripe-27112025-9-RRSS-300x199-1.jpg?wsr\",\"datePublished\":\"2025-11-27T18:58:00+00:00\",\"dateModified\":\"2025-12-11T08:30:41+00:00\",\"author\":{\"@id\":\"https:\/\/www.coflaspalmas.es\/#\/schema\/person\/ccf588cbe6c4345ebe4086a038142b96\"},\"breadcrumb\":{\"@id\":\"https:\/\/www.coflaspalmas.es\/ocho-colegios-profesionales-exhortan-a-los-sanitarios-y-a-la-poblacion-a-vacunarse\/#breadcrumb\"},\"inLanguage\":\"fr-FR\",\"potentialAction\":[{\"@type\":\"ReadAction\",\"target\":[\"https:\/\/www.coflaspalmas.es\/ocho-colegios-profesionales-exhortan-a-los-sanitarios-y-a-la-poblacion-a-vacunarse\/\"]}]},{\"@type\":\"ImageObject\",\"inLanguage\":\"fr-FR\",\"@id\":\"https:\/\/www.coflaspalmas.es\/ocho-colegios-profesionales-exhortan-a-los-sanitarios-y-a-la-poblacion-a-vacunarse\/#primaryimage\",\"url\":\"https:\/\/www.coflaspalmas.es\/wp-content\/uploads\/2025\/12\/Rueda-de-prensa-vacunacion-contra-la-gripe-27112025-9-RRSS-300x199-1.jpg?wsr\",\"contentUrl\":\"https:\/\/www.coflaspalmas.es\/wp-content\/uploads\/2025\/12\/Rueda-de-prensa-vacunacion-contra-la-gripe-27112025-9-RRSS-300x199-1.jpg?wsr\",\"width\":300,\"height\":199},{\"@type\":\"BreadcrumbList\",\"@id\":\"https:\/\/www.coflaspalmas.es\/ocho-colegios-profesionales-exhortan-a-los-sanitarios-y-a-la-poblacion-a-vacunarse\/#breadcrumb\",\"itemListElement\":[{\"@type\":\"ListItem\",\"position\":1,\"name\":\"Portada\",\"item\":\"https:\/\/www.coflaspalmas.es\/\"},{\"@type\":\"ListItem\",\"position\":2,\"name\":\"Ocho colegios profesionales exhortan a los sanitarios y a la poblaci\u00f3n a vacunarse\"}]},{\"@type\":\"WebSite\",\"@id\":\"https:\/\/www.coflaspalmas.es\/#website\",\"url\":\"https:\/\/www.coflaspalmas.es\/\",\"name\":\"COF Las Palmas\",\"description\":\"Colegio de Farmac\u00e9uticos Las Palmas.\",\"potentialAction\":[{\"@type\":\"SearchAction\",\"target\":{\"@type\":\"EntryPoint\",\"urlTemplate\":\"https:\/\/www.coflaspalmas.es\/?s={search_term_string}\"},\"query-input\":{\"@type\":\"PropertyValueSpecification\",\"valueRequired\":true,\"valueName\":\"search_term_string\"}}],\"inLanguage\":\"fr-FR\"},{\"@type\":\"Person\",\"@id\":\"https:\/\/www.coflaspalmas.es\/#\/schema\/person\/ccf588cbe6c4345ebe4086a038142b96\",\"name\":\"soporte\",\"image\":{\"@type\":\"ImageObject\",\"inLanguage\":\"fr-FR\",\"@id\":\"https:\/\/www.coflaspalmas.es\/#\/schema\/person\/image\/\",\"url\":\"https:\/\/secure.gravatar.com\/avatar\/d654455f4c3e474456c4922a586b96e354b5a500cfe1f1f2f60ef083808bf21b?s=96&d=mm&r=g\",\"contentUrl\":\"https:\/\/secure.gravatar.com\/avatar\/d654455f4c3e474456c4922a586b96e354b5a500cfe1f1f2f60ef083808bf21b?s=96&d=mm&r=g\",\"caption\":\"soporte\"},\"url\":\"https:\/\/www.coflaspalmas.es\/fr\/author\/soporte\/\"}]}<\/script>\n<!-- \/ Yoast SEO plugin. -->","yoast_head_json":{"title":"Ocho colegios profesionales exhortan a los sanitarios y a la poblaci\u00f3n a vacunarse - COFLP","robots":{"index":"index","follow":"follow","max-snippet":"max-snippet:-1","max-image-preview":"max-image-preview:large","max-video-preview":"max-video-preview:-1"},"canonical":"https:\/\/www.coflaspalmas.es\/fr\/ocho-colegios-profesionales-exhortan-a-los-sanitarios-y-a-la-poblacion-a-vacunarse\/","og_locale":"fr_FR","og_type":"article","og_title":"Ocho colegios profesionales exhortan a los sanitarios y a la poblaci\u00f3n a vacunarse - COFLP","og_description":"Representantes de los colegios profesionales de Dentistas, Enfermer\u00eda, Farmac\u00e9uticos, M\u00e9dicos, Pod\u00f3logos, Psicolog\u00eda y Veterinarios de Las Palmas y el de Fisioterapeutas de Canarias, que representan a cerca de 25 000 sanitarios, quisieron hoy ofrecer una imagen de unidad ante la necesidad de vacunarse contra la gripe para la poblaci\u00f3n en general, y muy especialmente, para [&hellip;]","og_url":"https:\/\/www.coflaspalmas.es\/fr\/ocho-colegios-profesionales-exhortan-a-los-sanitarios-y-a-la-poblacion-a-vacunarse\/","og_site_name":"COFLP","article_published_time":"2025-11-27T18:58:00+00:00","article_modified_time":"2025-12-11T08:30:41+00:00","og_image":[{"width":300,"height":199,"url":"https:\/\/www.coflaspalmas.es\/wp-content\/uploads\/2025\/12\/Rueda-de-prensa-vacunacion-contra-la-gripe-27112025-9-RRSS-300x199-1.jpg?wsr","type":"image\/jpeg"}],"author":"soporte","twitter_card":"summary_large_image","twitter_misc":{"\u00c9crit par":"soporte","Dur\u00e9e de lecture estim\u00e9e":"4 minutes"},"schema":{"@context":"https:\/\/schema.org","@graph":[{"@type":"WebPage","@id":"https:\/\/www.coflaspalmas.es\/ocho-colegios-profesionales-exhortan-a-los-sanitarios-y-a-la-poblacion-a-vacunarse\/","url":"https:\/\/www.coflaspalmas.es\/ocho-colegios-profesionales-exhortan-a-los-sanitarios-y-a-la-poblacion-a-vacunarse\/","name":"Ocho colegios profesionales exhortan a los sanitarios y a la poblaci\u00f3n a vacunarse - COFLP","isPartOf":{"@id":"https:\/\/www.coflaspalmas.es\/#website"},"primaryImageOfPage":{"@id":"https:\/\/www.coflaspalmas.es\/ocho-colegios-profesionales-exhortan-a-los-sanitarios-y-a-la-poblacion-a-vacunarse\/#primaryimage"},"image":{"@id":"https:\/\/www.coflaspalmas.es\/ocho-colegios-profesionales-exhortan-a-los-sanitarios-y-a-la-poblacion-a-vacunarse\/#primaryimage"},"thumbnailUrl":"https:\/\/www.coflaspalmas.es\/wp-content\/uploads\/2025\/12\/Rueda-de-prensa-vacunacion-contra-la-gripe-27112025-9-RRSS-300x199-1.jpg?wsr","datePublished":"2025-11-27T18:58:00+00:00","dateModified":"2025-12-11T08:30:41+00:00","author":{"@id":"https:\/\/www.coflaspalmas.es\/#\/schema\/person\/ccf588cbe6c4345ebe4086a038142b96"},"breadcrumb":{"@id":"https:\/\/www.coflaspalmas.es\/ocho-colegios-profesionales-exhortan-a-los-sanitarios-y-a-la-poblacion-a-vacunarse\/#breadcrumb"},"inLanguage":"fr-FR","potentialAction":[{"@type":"ReadAction","target":["https:\/\/www.coflaspalmas.es\/ocho-colegios-profesionales-exhortan-a-los-sanitarios-y-a-la-poblacion-a-vacunarse\/"]}]},{"@type":"ImageObject","inLanguage":"fr-FR","@id":"https:\/\/www.coflaspalmas.es\/ocho-colegios-profesionales-exhortan-a-los-sanitarios-y-a-la-poblacion-a-vacunarse\/#primaryimage","url":"https:\/\/www.coflaspalmas.es\/wp-content\/uploads\/2025\/12\/Rueda-de-prensa-vacunacion-contra-la-gripe-27112025-9-RRSS-300x199-1.jpg?wsr","contentUrl":"https:\/\/www.coflaspalmas.es\/wp-content\/uploads\/2025\/12\/Rueda-de-prensa-vacunacion-contra-la-gripe-27112025-9-RRSS-300x199-1.jpg?wsr","width":300,"height":199},{"@type":"BreadcrumbList","@id":"https:\/\/www.coflaspalmas.es\/ocho-colegios-profesionales-exhortan-a-los-sanitarios-y-a-la-poblacion-a-vacunarse\/#breadcrumb","itemListElement":[{"@type":"ListItem","position":1,"name":"Portada","item":"https:\/\/www.coflaspalmas.es\/"},{"@type":"ListItem","position":2,"name":"Ocho colegios profesionales exhortan a los sanitarios y a la poblaci\u00f3n a vacunarse"}]},{"@type":"WebSite","@id":"https:\/\/www.coflaspalmas.es\/#website","url":"https:\/\/www.coflaspalmas.es\/","name":"COF Las Palmas","description":"Colegio de Farmac\u00e9uticos Las Palmas.","potentialAction":[{"@type":"SearchAction","target":{"@type":"EntryPoint","urlTemplate":"https:\/\/www.coflaspalmas.es\/?s={search_term_string}"},"query-input":{"@type":"PropertyValueSpecification","valueRequired":true,"valueName":"search_term_string"}}],"inLanguage":"fr-FR"},{"@type":"Person","@id":"https:\/\/www.coflaspalmas.es\/#\/schema\/person\/ccf588cbe6c4345ebe4086a038142b96","name":"soporte","image":{"@type":"ImageObject","inLanguage":"fr-FR","@id":"https:\/\/www.coflaspalmas.es\/#\/schema\/person\/image\/","url":"https:\/\/secure.gravatar.com\/avatar\/d654455f4c3e474456c4922a586b96e354b5a500cfe1f1f2f60ef083808bf21b?s=96&d=mm&r=g","contentUrl":"https:\/\/secure.gravatar.com\/avatar\/d654455f4c3e474456c4922a586b96e354b5a500cfe1f1f2f60ef083808bf21b?s=96&d=mm&r=g","caption":"soporte"},"url":"https:\/\/www.coflaspalmas.es\/fr\/author\/soporte\/"}]}},"_links":{"self":[{"href":"https:\/\/www.coflaspalmas.es\/fr\/wp-json\/wp\/v2\/posts\/26047399","targetHints":{"allow":["GET"]}}],"collection":[{"href":"https:\/\/www.coflaspalmas.es\/fr\/wp-json\/wp\/v2\/posts"}],"about":[{"href":"https:\/\/www.coflaspalmas.es\/fr\/wp-json\/wp\/v2\/types\/post"}],"author":[{"embeddable":true,"href":"https:\/\/www.coflaspalmas.es\/fr\/wp-json\/wp\/v2\/users\/2427"}],"replies":[{"embeddable":true,"href":"https:\/\/www.coflaspalmas.es\/fr\/wp-json\/wp\/v2\/comments?post=26047399"}],"version-history":[{"count":2,"href":"https:\/\/www.coflaspalmas.es\/fr\/wp-json\/wp\/v2\/posts\/26047399\/revisions"}],"predecessor-version":[{"id":26047414,"href":"https:\/\/www.coflaspalmas.es\/fr\/wp-json\/wp\/v2\/posts\/26047399\/revisions\/26047414"}],"wp:featuredmedia":[{"embeddable":true,"href":"https:\/\/www.coflaspalmas.es\/fr\/wp-json\/wp\/v2\/media\/26047400"}],"wp:attachment":[{"href":"https:\/\/www.coflaspalmas.es\/fr\/wp-json\/wp\/v2\/media?parent=26047399"}],"wp:term":[{"taxonomy":"category","embeddable":true,"href":"https:\/\/www.coflaspalmas.es\/fr\/wp-json\/wp\/v2\/categories?post=26047399"},{"taxonomy":"post_tag","embeddable":true,"href":"https:\/\/www.coflaspalmas.es\/fr\/wp-json\/wp\/v2\/tags?post=26047399"}],"curies":[{"name":"wp","href":"https:\/\/api.w.org\/{rel}","templated":true}]}}