{"id":26047402,"date":"2025-12-09T17:27:00","date_gmt":"2025-12-09T16:27:00","guid":{"rendered":"https:\/\/www.coflaspalmas.es\/?p=26047402"},"modified":"2025-12-11T08:56:39","modified_gmt":"2025-12-11T07:56:39","slug":"las-boticas-fueron-durante-anos-las-redes-sociales-del-pasado-siglo-en-canarias-explica-j-j-laforet-en-la-presentacion-de-los-actos-del-centenario","status":"publish","type":"post","link":"https:\/\/www.coflaspalmas.es\/fr\/las-boticas-fueron-durante-anos-las-redes-sociales-del-pasado-siglo-en-canarias-explica-j-j-laforet-en-la-presentacion-de-los-actos-del-centenario\/","title":{"rendered":"\u00ab Les pharmacies ont \u00e9t\u00e9 pendant des ann\u00e9es les r\u00e9seaux sociaux du si\u00e8cle dernier aux Canaries \u201d, explique J.J. Laforet lors de la pr\u00e9sentation des actes du centenaire"},"content":{"rendered":"<p class=\"western\" align=\"justify\"><span style=\"font-family: helvetica, arial, sans-serif;\"><span style=\"font-size: medium;\">Les officines \u00e9taient les r\u00e9seaux sociaux de l'\u00e9poque pendant plus de la moiti\u00e9 du XXe si\u00e8cle. C'est ce qu'a expliqu\u00e9 Juan Jos\u00e9 Laforet, chroniqueur officiel de Las Palmas de Gran Canaria et de Grande Canarie, auteur du livre \u201c Farmacia y Sociedad \u201d qui a \u00e9t\u00e9 pr\u00e9sent\u00e9 aujourd'hui par lui-m\u00eame et par la pr\u00e9sidente du Coll\u00e8ge officiel des Pharmaciens de Las Palmas, Loreto G\u00f3mez, et qui s'inscrit dans le cadre des activit\u00e9s organis\u00e9es \u00e0 l'occasion du centenaire du COFLP.<\/span><\/span><\/p>\n<p class=\"western\" align=\"justify\"><span style=\"font-family: helvetica, arial, sans-serif;\"><span style=\"font-size: medium;\">Laforet a fait un bref r\u00e9sum\u00e9 de \u201c ce travail de recherche qui nous a pris pr\u00e8s de deux ans \u201d, soulignant le r\u00f4le du pharmacien pendant les premiers si\u00e8cles apr\u00e8s la conqu\u00eate de l'archipel et, tout particuli\u00e8rement, pendant le dernier si\u00e8cle. \u201c Les pharmacies \u201d, a-t-il indiqu\u00e9, \u201c ont \u00e9t\u00e9 t\u00e9moins des commentaires, des comm\u00e9rages, des informations qui ne circulaient pas dans les m\u00e9dias ou qui arrivaient en retard et, bien s\u00fbr, de conspirations et de d\u00e9cisions politiques importantes pour notre soci\u00e9t\u00e9 \u201d.<\/span><\/span><\/p>\n<p class=\"western\" align=\"justify\"><span style=\"font-family: helvetica, arial, sans-serif;\"><span style=\"font-size: medium;\">Il a rappel\u00e9 la pr\u00e9sence des pharmaciens \u201c dans les rues, avec le Callej\u00f3n de la Botica, ou dans le r\u00f4le social de personnages tels que Carlos Bosh Millares ou Mart\u00edn Freire, ainsi que l'activit\u00e9 publique d\u00e9velopp\u00e9e dans les diff\u00e9rents si\u00e8ges du Coll\u00e8ge \u201d.<\/span><\/span><\/p>\n<p class=\"western\" align=\"justify\"><span style=\"font-family: helvetica, arial, sans-serif;\"><span style=\"font-size: medium;\"><b>Acte principal<\/b><\/span><\/span><\/p>\n<p class=\"western\" align=\"justify\"><span style=\"font-family: helvetica, arial, sans-serif;\"><span style=\"font-size: medium;\">Loreto G\u00f3mez a fait r\u00e9f\u00e9rence aux diff\u00e9rentes actions inscrites dans le cadre des \u00e9v\u00e9nements du centenaire, qui a officiellement d\u00e9but\u00e9 \u201c avec le changement d'isotype qui accompagne le logo du Coll\u00e8ge \u201d. Elle a \u00e9galement rappel\u00e9 la participation d'une centaine de membres au Rainbow Family organis\u00e9 par Peque\u00f1o Valiente, ainsi que les prochaines pr\u00e9sentations du nouveau site web et de l'application pour les membres.<\/span><\/span><\/p>\n<p class=\"western\" align=\"justify\"><span style=\"font-family: helvetica, arial, sans-serif;\">\u201c<span style=\"font-size: medium;\">Nous devons accorder une mention tr\u00e8s sp\u00e9ciale \u00e0 l'acte officiel du 29 d\u00e9cembre prochain, o\u00f9 un hommage sera rendu \u00e0 toutes les personnes qui ont \u00e9t\u00e9 un membre actif de ce Coll\u00e8ge \u201d, a-t-il indiqu\u00e9.<\/span><\/span><\/p>\n<p class=\"western\" align=\"justify\"><span style=\"font-family: helvetica, arial, sans-serif;\"><span style=\"font-size: medium;\">Il a \u00e9galement soulign\u00e9 comme fait pertinent la collaboration avec l'ONCE, qui nous permettra d'avoir l'image du COFLP sur tous les coupons du tirage au sort du 29 d\u00e9cembre, comm\u00e9morant ainsi cette date \u00e0 l'\u00e9chelle nationale.<\/span><\/span><\/p>\n<p align=\"justify\"><img loading=\"lazy\" decoding=\"async\" class=\"alignnone wp-image-127206 aligncenter\" src=\"https:\/\/www.coflaspalmas.es\/wp-content\/uploads\/2025\/12\/Rueda-de-prensa-Centenario-09122025-5-300x225.jpg\" alt=\"\" width=\"504\" height=\"378\" \/> \u00a0<img loading=\"lazy\" decoding=\"async\" class=\"alignnone wp-image-127207 aligncenter\" src=\"https:\/\/www.coflaspalmas.es\/wp-content\/uploads\/2025\/12\/Rueda-de-prensa-Centenario-09122025-6-300x225.jpg\" alt=\"\" width=\"506\" height=\"379\" \/><\/p>","protected":false},"excerpt":{"rendered":"<p>Las boticas fueron las redes sociales de la \u00e9poca durante m\u00e1s de la mitad del siglo XX. As\u00ed lo explic\u00f3 Juan Jos\u00e9 Laforet, cronista oficial de Las Palmas de Gran Canaria y de Gran Canaria, autor del libro \u201cFarmacia y Sociedad\u201d que fue presentado hoy por \u00e9l y por la presidenta del Colegio Oficial de [&hellip;]<\/p>\n","protected":false},"author":2427,"featured_media":26047403,"comment_status":"open","ping_status":"open","sticky":false,"template":"","format":"standard","meta":{"_et_pb_use_builder":"off","_et_pb_old_content":"","_et_gb_content_width":"","footnotes":""},"categories":[247,11],"tags":[],"class_list":["post-26047402","post","type-post","status-publish","format-standard","has-post-thumbnail","hentry","category-boletin-2025","category-noticias"],"yoast_head":"<!-- This site is optimized with the Yoast SEO plugin v24.7 - https:\/\/yoast.com\/wordpress\/plugins\/seo\/ -->\n<title>&quot;Las boticas fueron durante a\u00f1os las redes sociales del pasado siglo en Canarias\u201d, explica J.J. Laforet en la presentaci\u00f3n de los actos del centenario - COFLP<\/title>\n<meta name=\"robots\" content=\"index, follow, max-snippet:-1, max-image-preview:large, max-video-preview:-1\" \/>\n<link rel=\"canonical\" href=\"https:\/\/www.coflaspalmas.es\/fr\/las-boticas-fueron-durante-anos-las-redes-sociales-del-pasado-siglo-en-canarias-explica-j-j-laforet-en-la-presentacion-de-los-actos-del-centenario\/\" \/>\n<meta property=\"og:locale\" content=\"fr_FR\" \/>\n<meta property=\"og:type\" content=\"article\" \/>\n<meta property=\"og:title\" content=\"&quot;Las boticas fueron durante a\u00f1os las redes sociales del pasado siglo en Canarias\u201d, explica J.J. Laforet en la presentaci\u00f3n de los actos del centenario - COFLP\" \/>\n<meta property=\"og:description\" content=\"Las boticas fueron las redes sociales de la \u00e9poca durante m\u00e1s de la mitad del siglo XX. As\u00ed lo explic\u00f3 Juan Jos\u00e9 Laforet, cronista oficial de Las Palmas de Gran Canaria y de Gran Canaria, autor del libro \u201cFarmacia y Sociedad\u201d que fue presentado hoy por \u00e9l y por la presidenta del Colegio Oficial de [&hellip;]\" \/>\n<meta property=\"og:url\" content=\"https:\/\/www.coflaspalmas.es\/fr\/las-boticas-fueron-durante-anos-las-redes-sociales-del-pasado-siglo-en-canarias-explica-j-j-laforet-en-la-presentacion-de-los-actos-del-centenario\/\" \/>\n<meta property=\"og:site_name\" content=\"COFLP\" \/>\n<meta property=\"article:published_time\" content=\"2025-12-09T16:27:00+00:00\" \/>\n<meta property=\"article:modified_time\" content=\"2025-12-11T07:56:39+00:00\" \/>\n<meta property=\"og:image\" content=\"https:\/\/www.coflaspalmas.es\/wp-content\/uploads\/2025\/12\/Rueda-de-prensa-Centenario-09122025-10-500x500-1.jpg?wsr\" \/>\n\t<meta property=\"og:image:width\" content=\"500\" \/>\n\t<meta property=\"og:image:height\" content=\"500\" \/>\n\t<meta property=\"og:image:type\" content=\"image\/jpeg\" \/>\n<meta name=\"author\" content=\"soporte\" \/>\n<meta name=\"twitter:card\" content=\"summary_large_image\" \/>\n<meta name=\"twitter:label1\" content=\"\u00c9crit par\" \/>\n\t<meta name=\"twitter:data1\" content=\"soporte\" \/>\n\t<meta name=\"twitter:label2\" content=\"Dur\u00e9e de lecture estim\u00e9e\" \/>\n\t<meta name=\"twitter:data2\" content=\"3 minutes\" \/>\n<script type=\"application\/ld+json\" class=\"yoast-schema-graph\">{\"@context\":\"https:\/\/schema.org\",\"@graph\":[{\"@type\":\"WebPage\",\"@id\":\"https:\/\/www.coflaspalmas.es\/las-boticas-fueron-durante-anos-las-redes-sociales-del-pasado-siglo-en-canarias-explica-j-j-laforet-en-la-presentacion-de-los-actos-del-centenario\/\",\"url\":\"https:\/\/www.coflaspalmas.es\/las-boticas-fueron-durante-anos-las-redes-sociales-del-pasado-siglo-en-canarias-explica-j-j-laforet-en-la-presentacion-de-los-actos-del-centenario\/\",\"name\":\"\\\"Las boticas fueron durante a\u00f1os las redes sociales del pasado siglo en Canarias\u201d, explica J.J. Laforet en la presentaci\u00f3n de los actos del centenario - COFLP\",\"isPartOf\":{\"@id\":\"https:\/\/www.coflaspalmas.es\/#website\"},\"primaryImageOfPage\":{\"@id\":\"https:\/\/www.coflaspalmas.es\/las-boticas-fueron-durante-anos-las-redes-sociales-del-pasado-siglo-en-canarias-explica-j-j-laforet-en-la-presentacion-de-los-actos-del-centenario\/#primaryimage\"},\"image\":{\"@id\":\"https:\/\/www.coflaspalmas.es\/las-boticas-fueron-durante-anos-las-redes-sociales-del-pasado-siglo-en-canarias-explica-j-j-laforet-en-la-presentacion-de-los-actos-del-centenario\/#primaryimage\"},\"thumbnailUrl\":\"https:\/\/www.coflaspalmas.es\/wp-content\/uploads\/2025\/12\/Rueda-de-prensa-Centenario-09122025-10-500x500-1.jpg?wsr\",\"datePublished\":\"2025-12-09T16:27:00+00:00\",\"dateModified\":\"2025-12-11T07:56:39+00:00\",\"author\":{\"@id\":\"https:\/\/www.coflaspalmas.es\/#\/schema\/person\/ccf588cbe6c4345ebe4086a038142b96\"},\"breadcrumb\":{\"@id\":\"https:\/\/www.coflaspalmas.es\/las-boticas-fueron-durante-anos-las-redes-sociales-del-pasado-siglo-en-canarias-explica-j-j-laforet-en-la-presentacion-de-los-actos-del-centenario\/#breadcrumb\"},\"inLanguage\":\"fr-FR\",\"potentialAction\":[{\"@type\":\"ReadAction\",\"target\":[\"https:\/\/www.coflaspalmas.es\/las-boticas-fueron-durante-anos-las-redes-sociales-del-pasado-siglo-en-canarias-explica-j-j-laforet-en-la-presentacion-de-los-actos-del-centenario\/\"]}]},{\"@type\":\"ImageObject\",\"inLanguage\":\"fr-FR\",\"@id\":\"https:\/\/www.coflaspalmas.es\/las-boticas-fueron-durante-anos-las-redes-sociales-del-pasado-siglo-en-canarias-explica-j-j-laforet-en-la-presentacion-de-los-actos-del-centenario\/#primaryimage\",\"url\":\"https:\/\/www.coflaspalmas.es\/wp-content\/uploads\/2025\/12\/Rueda-de-prensa-Centenario-09122025-10-500x500-1.jpg?wsr\",\"contentUrl\":\"https:\/\/www.coflaspalmas.es\/wp-content\/uploads\/2025\/12\/Rueda-de-prensa-Centenario-09122025-10-500x500-1.jpg?wsr\",\"width\":500,\"height\":500,\"caption\":\"default\"},{\"@type\":\"BreadcrumbList\",\"@id\":\"https:\/\/www.coflaspalmas.es\/las-boticas-fueron-durante-anos-las-redes-sociales-del-pasado-siglo-en-canarias-explica-j-j-laforet-en-la-presentacion-de-los-actos-del-centenario\/#breadcrumb\",\"itemListElement\":[{\"@type\":\"ListItem\",\"position\":1,\"name\":\"Portada\",\"item\":\"https:\/\/www.coflaspalmas.es\/\"},{\"@type\":\"ListItem\",\"position\":2,\"name\":\"\u00abLas boticas fueron durante a\u00f1os las redes sociales del pasado siglo en Canarias\u201d, explica J.J. Laforet en la presentaci\u00f3n de los actos del centenario\"}]},{\"@type\":\"WebSite\",\"@id\":\"https:\/\/www.coflaspalmas.es\/#website\",\"url\":\"https:\/\/www.coflaspalmas.es\/\",\"name\":\"COF Las Palmas\",\"description\":\"Colegio de Farmac\u00e9uticos Las Palmas.\",\"potentialAction\":[{\"@type\":\"SearchAction\",\"target\":{\"@type\":\"EntryPoint\",\"urlTemplate\":\"https:\/\/www.coflaspalmas.es\/?s={search_term_string}\"},\"query-input\":{\"@type\":\"PropertyValueSpecification\",\"valueRequired\":true,\"valueName\":\"search_term_string\"}}],\"inLanguage\":\"fr-FR\"},{\"@type\":\"Person\",\"@id\":\"https:\/\/www.coflaspalmas.es\/#\/schema\/person\/ccf588cbe6c4345ebe4086a038142b96\",\"name\":\"soporte\",\"image\":{\"@type\":\"ImageObject\",\"inLanguage\":\"fr-FR\",\"@id\":\"https:\/\/www.coflaspalmas.es\/#\/schema\/person\/image\/\",\"url\":\"https:\/\/secure.gravatar.com\/avatar\/d654455f4c3e474456c4922a586b96e354b5a500cfe1f1f2f60ef083808bf21b?s=96&d=mm&r=g\",\"contentUrl\":\"https:\/\/secure.gravatar.com\/avatar\/d654455f4c3e474456c4922a586b96e354b5a500cfe1f1f2f60ef083808bf21b?s=96&d=mm&r=g\",\"caption\":\"soporte\"},\"url\":\"https:\/\/www.coflaspalmas.es\/fr\/author\/soporte\/\"}]}<\/script>\n<!-- \/ Yoast SEO plugin. -->","yoast_head_json":{"title":"\"Las boticas fueron durante a\u00f1os las redes sociales del pasado siglo en Canarias\u201d, explica J.J. Laforet en la presentaci\u00f3n de los actos del centenario - COFLP","robots":{"index":"index","follow":"follow","max-snippet":"max-snippet:-1","max-image-preview":"max-image-preview:large","max-video-preview":"max-video-preview:-1"},"canonical":"https:\/\/www.coflaspalmas.es\/fr\/las-boticas-fueron-durante-anos-las-redes-sociales-del-pasado-siglo-en-canarias-explica-j-j-laforet-en-la-presentacion-de-los-actos-del-centenario\/","og_locale":"fr_FR","og_type":"article","og_title":"\"Las boticas fueron durante a\u00f1os las redes sociales del pasado siglo en Canarias\u201d, explica J.J. Laforet en la presentaci\u00f3n de los actos del centenario - COFLP","og_description":"Las boticas fueron las redes sociales de la \u00e9poca durante m\u00e1s de la mitad del siglo XX. As\u00ed lo explic\u00f3 Juan Jos\u00e9 Laforet, cronista oficial de Las Palmas de Gran Canaria y de Gran Canaria, autor del libro \u201cFarmacia y Sociedad\u201d que fue presentado hoy por \u00e9l y por la presidenta del Colegio Oficial de [&hellip;]","og_url":"https:\/\/www.coflaspalmas.es\/fr\/las-boticas-fueron-durante-anos-las-redes-sociales-del-pasado-siglo-en-canarias-explica-j-j-laforet-en-la-presentacion-de-los-actos-del-centenario\/","og_site_name":"COFLP","article_published_time":"2025-12-09T16:27:00+00:00","article_modified_time":"2025-12-11T07:56:39+00:00","og_image":[{"width":500,"height":500,"url":"https:\/\/www.coflaspalmas.es\/wp-content\/uploads\/2025\/12\/Rueda-de-prensa-Centenario-09122025-10-500x500-1.jpg?wsr","type":"image\/jpeg"}],"author":"soporte","twitter_card":"summary_large_image","twitter_misc":{"\u00c9crit par":"soporte","Dur\u00e9e de lecture estim\u00e9e":"3 minutes"},"schema":{"@context":"https:\/\/schema.org","@graph":[{"@type":"WebPage","@id":"https:\/\/www.coflaspalmas.es\/las-boticas-fueron-durante-anos-las-redes-sociales-del-pasado-siglo-en-canarias-explica-j-j-laforet-en-la-presentacion-de-los-actos-del-centenario\/","url":"https:\/\/www.coflaspalmas.es\/las-boticas-fueron-durante-anos-las-redes-sociales-del-pasado-siglo-en-canarias-explica-j-j-laforet-en-la-presentacion-de-los-actos-del-centenario\/","name":"\"Las boticas fueron durante a\u00f1os las redes sociales del pasado siglo en Canarias\u201d, explica J.J. Laforet en la presentaci\u00f3n de los actos del centenario - COFLP","isPartOf":{"@id":"https:\/\/www.coflaspalmas.es\/#website"},"primaryImageOfPage":{"@id":"https:\/\/www.coflaspalmas.es\/las-boticas-fueron-durante-anos-las-redes-sociales-del-pasado-siglo-en-canarias-explica-j-j-laforet-en-la-presentacion-de-los-actos-del-centenario\/#primaryimage"},"image":{"@id":"https:\/\/www.coflaspalmas.es\/las-boticas-fueron-durante-anos-las-redes-sociales-del-pasado-siglo-en-canarias-explica-j-j-laforet-en-la-presentacion-de-los-actos-del-centenario\/#primaryimage"},"thumbnailUrl":"https:\/\/www.coflaspalmas.es\/wp-content\/uploads\/2025\/12\/Rueda-de-prensa-Centenario-09122025-10-500x500-1.jpg?wsr","datePublished":"2025-12-09T16:27:00+00:00","dateModified":"2025-12-11T07:56:39+00:00","author":{"@id":"https:\/\/www.coflaspalmas.es\/#\/schema\/person\/ccf588cbe6c4345ebe4086a038142b96"},"breadcrumb":{"@id":"https:\/\/www.coflaspalmas.es\/las-boticas-fueron-durante-anos-las-redes-sociales-del-pasado-siglo-en-canarias-explica-j-j-laforet-en-la-presentacion-de-los-actos-del-centenario\/#breadcrumb"},"inLanguage":"fr-FR","potentialAction":[{"@type":"ReadAction","target":["https:\/\/www.coflaspalmas.es\/las-boticas-fueron-durante-anos-las-redes-sociales-del-pasado-siglo-en-canarias-explica-j-j-laforet-en-la-presentacion-de-los-actos-del-centenario\/"]}]},{"@type":"ImageObject","inLanguage":"fr-FR","@id":"https:\/\/www.coflaspalmas.es\/las-boticas-fueron-durante-anos-las-redes-sociales-del-pasado-siglo-en-canarias-explica-j-j-laforet-en-la-presentacion-de-los-actos-del-centenario\/#primaryimage","url":"https:\/\/www.coflaspalmas.es\/wp-content\/uploads\/2025\/12\/Rueda-de-prensa-Centenario-09122025-10-500x500-1.jpg?wsr","contentUrl":"https:\/\/www.coflaspalmas.es\/wp-content\/uploads\/2025\/12\/Rueda-de-prensa-Centenario-09122025-10-500x500-1.jpg?wsr","width":500,"height":500,"caption":"default"},{"@type":"BreadcrumbList","@id":"https:\/\/www.coflaspalmas.es\/las-boticas-fueron-durante-anos-las-redes-sociales-del-pasado-siglo-en-canarias-explica-j-j-laforet-en-la-presentacion-de-los-actos-del-centenario\/#breadcrumb","itemListElement":[{"@type":"ListItem","position":1,"name":"Portada","item":"https:\/\/www.coflaspalmas.es\/"},{"@type":"ListItem","position":2,"name":"\u00abLas boticas fueron durante a\u00f1os las redes sociales del pasado siglo en Canarias\u201d, explica J.J. Laforet en la presentaci\u00f3n de los actos del centenario"}]},{"@type":"WebSite","@id":"https:\/\/www.coflaspalmas.es\/#website","url":"https:\/\/www.coflaspalmas.es\/","name":"COF Las Palmas","description":"Colegio de Farmac\u00e9uticos Las Palmas.","potentialAction":[{"@type":"SearchAction","target":{"@type":"EntryPoint","urlTemplate":"https:\/\/www.coflaspalmas.es\/?s={search_term_string}"},"query-input":{"@type":"PropertyValueSpecification","valueRequired":true,"valueName":"search_term_string"}}],"inLanguage":"fr-FR"},{"@type":"Person","@id":"https:\/\/www.coflaspalmas.es\/#\/schema\/person\/ccf588cbe6c4345ebe4086a038142b96","name":"soporte","image":{"@type":"ImageObject","inLanguage":"fr-FR","@id":"https:\/\/www.coflaspalmas.es\/#\/schema\/person\/image\/","url":"https:\/\/secure.gravatar.com\/avatar\/d654455f4c3e474456c4922a586b96e354b5a500cfe1f1f2f60ef083808bf21b?s=96&d=mm&r=g","contentUrl":"https:\/\/secure.gravatar.com\/avatar\/d654455f4c3e474456c4922a586b96e354b5a500cfe1f1f2f60ef083808bf21b?s=96&d=mm&r=g","caption":"soporte"},"url":"https:\/\/www.coflaspalmas.es\/fr\/author\/soporte\/"}]}},"_links":{"self":[{"href":"https:\/\/www.coflaspalmas.es\/fr\/wp-json\/wp\/v2\/posts\/26047402","targetHints":{"allow":["GET"]}}],"collection":[{"href":"https:\/\/www.coflaspalmas.es\/fr\/wp-json\/wp\/v2\/posts"}],"about":[{"href":"https:\/\/www.coflaspalmas.es\/fr\/wp-json\/wp\/v2\/types\/post"}],"author":[{"embeddable":true,"href":"https:\/\/www.coflaspalmas.es\/fr\/wp-json\/wp\/v2\/users\/2427"}],"replies":[{"embeddable":true,"href":"https:\/\/www.coflaspalmas.es\/fr\/wp-json\/wp\/v2\/comments?post=26047402"}],"version-history":[{"count":1,"href":"https:\/\/www.coflaspalmas.es\/fr\/wp-json\/wp\/v2\/posts\/26047402\/revisions"}],"predecessor-version":[{"id":26047404,"href":"https:\/\/www.coflaspalmas.es\/fr\/wp-json\/wp\/v2\/posts\/26047402\/revisions\/26047404"}],"wp:featuredmedia":[{"embeddable":true,"href":"https:\/\/www.coflaspalmas.es\/fr\/wp-json\/wp\/v2\/media\/26047403"}],"wp:attachment":[{"href":"https:\/\/www.coflaspalmas.es\/fr\/wp-json\/wp\/v2\/media?parent=26047402"}],"wp:term":[{"taxonomy":"category","embeddable":true,"href":"https:\/\/www.coflaspalmas.es\/fr\/wp-json\/wp\/v2\/categories?post=26047402"},{"taxonomy":"post_tag","embeddable":true,"href":"https:\/\/www.coflaspalmas.es\/fr\/wp-json\/wp\/v2\/tags?post=26047402"}],"curies":[{"name":"wp","href":"https:\/\/api.w.org\/{rel}","templated":true}]}}