{"id":26047474,"date":"2025-12-19T09:58:00","date_gmt":"2025-12-19T08:58:00","guid":{"rendered":"https:\/\/www.coflaspalmas.es\/?p=26047474"},"modified":"2025-12-26T12:57:55","modified_gmt":"2025-12-26T11:57:55","slug":"la-once-conmemora-el-centenario-del-coflp-con-un-cupon-especial-el-dia-29-de-diciembre","status":"publish","type":"post","link":"https:\/\/www.coflaspalmas.es\/fr\/la-once-conmemora-el-centenario-del-coflp-con-un-cupon-especial-el-dia-29-de-diciembre\/","title":{"rendered":"La ONCE comm\u00e9more le centenaire du COFLP avec un coupon sp\u00e9cial le 29 d\u00e9cembre"},"content":{"rendered":"<p><span style=\"font-family: tahoma, arial, helvetica, sans-serif;\">Le centenaire du Coll\u00e8ge officiel des pharmaciens de Las Palmas est le motif du coupon de l'ONCE du lundi 29 d\u00e9cembre, jour o\u00f9 sera c\u00e9l\u00e9br\u00e9 le centenaire de la cr\u00e9ation du COFLP. Cinq millions de coupons porteront cette c\u00e9l\u00e9bration dans toute l'Espagne. Le coupon sera en vente \u00e0 partir du 24 d\u00e9cembre.<\/span> <span style=\"font-family: tahoma, arial, helvetica, sans-serif;\">Jos\u00e9 Antonio L\u00f3pez, d\u00e9l\u00e9gu\u00e9 de l'ONCE aux Canaries et Loreto G\u00f3mez, pr\u00e9sidente du Coll\u00e8ge officiel des pharmaciens de Las Palmas, ont pr\u00e9sent\u00e9 ce bon de loterie, accompagn\u00e9s de Yurena Garc\u00eda, pr\u00e9sidente du Conseil territorial de l'ONCE aux Canaries.<\/span> <span style=\"font-family: tahoma, arial, helvetica, sans-serif;\">M. L\u00f3pez, au nom de l'ONCE, a f\u00e9licit\u00e9 le Coll\u00e8ge des pharmaciens de Las Palmas pour son centenaire et a tr\u00e8s positivement soulign\u00e9 l'opportunit\u00e9 qu'offre cette rencontre pour impulser de nouvelles lignes de collaboration entre les deux institutions. L'objectif est de garantir les meilleurs soins possibles au groupe des personnes aveugles ou gravement malvoyantes, qui, comme le reste des citoyens, trouvent dans les pharmacies un service essentiel.<\/span> <span style=\"font-family: tahoma, arial, helvetica, sans-serif;\"><img loading=\"lazy\" decoding=\"async\" class=\"wp-image-127709 alignleft\" src=\"https:\/\/www.coflaspalmas.es\/wp-content\/uploads\/2025\/12\/Rueda-de-prensa-cupon-de-la-ONCE-18122025-5-RRSS-300x199.jpg\" alt=\"\" width=\"608\" height=\"403\" \/>G\u00f3mez a soulign\u00e9 \u201c l'importance que l'ONCE permette de diffuser cet \u00e9v\u00e9nement sur l'ensemble du territoire national avec l'image de la province de Las Palmas et le logo du Coll\u00e8ge. Pour notre groupe, c'est une fiert\u00e9, mais je pense que ce doit aussi l'\u00eatre pour tous nos voisins et voisines, avec qui nous sommes si li\u00e9s \u00e0 travers toutes les modalit\u00e9s d'exercice de la profession, car comme l'ONCE, nous accomplissons une \u0153uvre de service \u00e0 la soci\u00e9t\u00e9 \u201d.<\/span> <span style=\"font-family: tahoma, arial, helvetica, sans-serif;\">Elle <a href=\"https:\/\/www.coflaspalmas.es\/fr\/\">Coll\u00e8ge officiel des pharmaciens de Las Palmas<\/a> elle trouve son origine en 1925, sa constitution fut officialis\u00e9e lors d'une premi\u00e8re Assembl\u00e9e \u00e0 laquelle particip\u00e8rent 24 pharmaciens qui d\u00e9sign\u00e8rent le premier gouvernement de l'institution.<\/span> <span style=\"font-family: tahoma, arial, helvetica, sans-serif;\">Un an apr\u00e8s sa cr\u00e9ation, la premi\u00e8re femme pharmacienne de Las Palmas s'est inscrite au barreau, et au bout de cinq ans, le nombre de membres \u00e9tait de 37. Le barreau compte aujourd'hui 1 200 avocats inscrits.<\/span> <span style=\"font-family: tahoma, arial, helvetica, sans-serif;\">Votre mission est de r\u00e9pondre aux besoins des professionnels de la pharmacie dans leur zone d'exercice, de repr\u00e9senter le collectif aupr\u00e8s des institutions pour la d\u00e9fense de leurs int\u00e9r\u00eats et de participer activement \u00e0 l'action sociale qui promeut et facilite les habitudes saines et la pr\u00e9vention des maladies. Tout cela, en rendant les membres participant, que ce soit de mani\u00e8re active ou informative.<\/span> <span style=\"font-family: tahoma, arial, helvetica, sans-serif;\">Le COFLP souhaite garantir la prestation de services pharmaceutiques de qualit\u00e9, et \u00e9tablir les liens n\u00e9cessaires avec les groupes de patients, les institutions sociales et politiques pour \u00eatre un acteur actif dans le d\u00e9veloppement de la soci\u00e9t\u00e9, en particulier en ce qui concerne la sant\u00e9.<\/span> <span style=\"font-family: tahoma, arial, helvetica, sans-serif;\">Le Quota Journalier de l'ONCE met en jeu un prix de 500 000 euros au num\u00e9ro plus la s\u00e9rie et 49 prix de 35 000 euros aux cinq chiffres du num\u00e9ro gagnant. En outre, 450 prix de 250 euros aux quatre premiers chiffres et 450 autres prix aux quatre derniers ; 9 000 prix de 25 euros dans le cas des trois derniers ou trois premiers ; et de m\u00eame pour les deux premiers et les deux derniers (6 euros) et un remboursement de 2 euros au premier ou au dernier chiffre du num\u00e9ro gagnant.<\/span><\/p>","protected":false},"excerpt":{"rendered":"<p>El Centenario del Colegio Oficial de Farmac\u00e9uticos de Las Palmas es el motivo del cup\u00f3n de la ONCE del lunes 29 de diciembre, d\u00eda en que se celebran los primeros cien a\u00f1os desde la creaci\u00f3n del COFLP. Cinco millones de cupones llevar\u00e1n por toda Espa\u00f1a esta celebraci\u00f3n. El cup\u00f3n estar\u00e1 a la venta a partir [&hellip;]<\/p>\n","protected":false},"author":11,"featured_media":26047475,"comment_status":"open","ping_status":"open","sticky":false,"template":"","format":"standard","meta":{"_et_pb_use_builder":"off","_et_pb_old_content":"","_et_gb_content_width":"","footnotes":""},"categories":[247,11],"tags":[],"class_list":["post-26047474","post","type-post","status-publish","format-standard","has-post-thumbnail","hentry","category-boletin-2025","category-noticias"],"yoast_head":"<!-- This site is optimized with the Yoast SEO plugin v24.7 - https:\/\/yoast.com\/wordpress\/plugins\/seo\/ -->\n<title>La ONCE conmemora el centenario del COFLP con un cup\u00f3n especial el d\u00eda 29 de diciembre - COFLP<\/title>\n<meta name=\"robots\" content=\"index, follow, max-snippet:-1, max-image-preview:large, max-video-preview:-1\" \/>\n<link rel=\"canonical\" href=\"https:\/\/www.coflaspalmas.es\/fr\/la-once-conmemora-el-centenario-del-coflp-con-un-cupon-especial-el-dia-29-de-diciembre\/\" \/>\n<meta property=\"og:locale\" content=\"fr_FR\" \/>\n<meta property=\"og:type\" content=\"article\" \/>\n<meta property=\"og:title\" content=\"La ONCE conmemora el centenario del COFLP con un cup\u00f3n especial el d\u00eda 29 de diciembre - COFLP\" \/>\n<meta property=\"og:description\" content=\"El Centenario del Colegio Oficial de Farmac\u00e9uticos de Las Palmas es el motivo del cup\u00f3n de la ONCE del lunes 29 de diciembre, d\u00eda en que se celebran los primeros cien a\u00f1os desde la creaci\u00f3n del COFLP. Cinco millones de cupones llevar\u00e1n por toda Espa\u00f1a esta celebraci\u00f3n. El cup\u00f3n estar\u00e1 a la venta a partir [&hellip;]\" \/>\n<meta property=\"og:url\" content=\"https:\/\/www.coflaspalmas.es\/fr\/la-once-conmemora-el-centenario-del-coflp-con-un-cupon-especial-el-dia-29-de-diciembre\/\" \/>\n<meta property=\"og:site_name\" content=\"COFLP\" \/>\n<meta property=\"article:published_time\" content=\"2025-12-19T08:58:00+00:00\" \/>\n<meta property=\"article:modified_time\" content=\"2025-12-26T11:57:55+00:00\" \/>\n<meta property=\"og:image\" content=\"https:\/\/www.coflaspalmas.es\/wp-content\/uploads\/2025\/12\/Rueda-de-prensa-cupon-de-la-ONCE-18122025-1-RRSS-500x500-1.jpg?wsr\" \/>\n\t<meta property=\"og:image:width\" content=\"500\" \/>\n\t<meta property=\"og:image:height\" content=\"500\" \/>\n\t<meta property=\"og:image:type\" content=\"image\/jpeg\" \/>\n<meta name=\"author\" content=\"COF Las Palmas\" \/>\n<meta name=\"twitter:card\" content=\"summary_large_image\" \/>\n<meta name=\"twitter:label1\" content=\"\u00c9crit par\" \/>\n\t<meta name=\"twitter:data1\" content=\"COF Las Palmas\" \/>\n\t<meta name=\"twitter:label2\" content=\"Dur\u00e9e de lecture estim\u00e9e\" \/>\n\t<meta name=\"twitter:data2\" content=\"3 minutes\" \/>\n<script type=\"application\/ld+json\" class=\"yoast-schema-graph\">{\"@context\":\"https:\/\/schema.org\",\"@graph\":[{\"@type\":\"WebPage\",\"@id\":\"https:\/\/www.coflaspalmas.es\/la-once-conmemora-el-centenario-del-coflp-con-un-cupon-especial-el-dia-29-de-diciembre\/\",\"url\":\"https:\/\/www.coflaspalmas.es\/la-once-conmemora-el-centenario-del-coflp-con-un-cupon-especial-el-dia-29-de-diciembre\/\",\"name\":\"La ONCE conmemora el centenario del COFLP con un cup\u00f3n especial el d\u00eda 29 de diciembre - COFLP\",\"isPartOf\":{\"@id\":\"https:\/\/www.coflaspalmas.es\/#website\"},\"primaryImageOfPage\":{\"@id\":\"https:\/\/www.coflaspalmas.es\/la-once-conmemora-el-centenario-del-coflp-con-un-cupon-especial-el-dia-29-de-diciembre\/#primaryimage\"},\"image\":{\"@id\":\"https:\/\/www.coflaspalmas.es\/la-once-conmemora-el-centenario-del-coflp-con-un-cupon-especial-el-dia-29-de-diciembre\/#primaryimage\"},\"thumbnailUrl\":\"https:\/\/www.coflaspalmas.es\/wp-content\/uploads\/2025\/12\/Rueda-de-prensa-cupon-de-la-ONCE-18122025-1-RRSS-500x500-1.jpg?wsr\",\"datePublished\":\"2025-12-19T08:58:00+00:00\",\"dateModified\":\"2025-12-26T11:57:55+00:00\",\"author\":{\"@id\":\"https:\/\/www.coflaspalmas.es\/#\/schema\/person\/b9fcb3454abcc41a46ae9d9193743d7f\"},\"breadcrumb\":{\"@id\":\"https:\/\/www.coflaspalmas.es\/la-once-conmemora-el-centenario-del-coflp-con-un-cupon-especial-el-dia-29-de-diciembre\/#breadcrumb\"},\"inLanguage\":\"fr-FR\",\"potentialAction\":[{\"@type\":\"ReadAction\",\"target\":[\"https:\/\/www.coflaspalmas.es\/la-once-conmemora-el-centenario-del-coflp-con-un-cupon-especial-el-dia-29-de-diciembre\/\"]}]},{\"@type\":\"ImageObject\",\"inLanguage\":\"fr-FR\",\"@id\":\"https:\/\/www.coflaspalmas.es\/la-once-conmemora-el-centenario-del-coflp-con-un-cupon-especial-el-dia-29-de-diciembre\/#primaryimage\",\"url\":\"https:\/\/www.coflaspalmas.es\/wp-content\/uploads\/2025\/12\/Rueda-de-prensa-cupon-de-la-ONCE-18122025-1-RRSS-500x500-1.jpg?wsr\",\"contentUrl\":\"https:\/\/www.coflaspalmas.es\/wp-content\/uploads\/2025\/12\/Rueda-de-prensa-cupon-de-la-ONCE-18122025-1-RRSS-500x500-1.jpg?wsr\",\"width\":500,\"height\":500},{\"@type\":\"BreadcrumbList\",\"@id\":\"https:\/\/www.coflaspalmas.es\/la-once-conmemora-el-centenario-del-coflp-con-un-cupon-especial-el-dia-29-de-diciembre\/#breadcrumb\",\"itemListElement\":[{\"@type\":\"ListItem\",\"position\":1,\"name\":\"Portada\",\"item\":\"https:\/\/www.coflaspalmas.es\/\"},{\"@type\":\"ListItem\",\"position\":2,\"name\":\"La ONCE conmemora el centenario del COFLP con un cup\u00f3n especial el d\u00eda 29 de diciembre\"}]},{\"@type\":\"WebSite\",\"@id\":\"https:\/\/www.coflaspalmas.es\/#website\",\"url\":\"https:\/\/www.coflaspalmas.es\/\",\"name\":\"COF Las Palmas\",\"description\":\"Colegio de Farmac\u00e9uticos Las Palmas.\",\"potentialAction\":[{\"@type\":\"SearchAction\",\"target\":{\"@type\":\"EntryPoint\",\"urlTemplate\":\"https:\/\/www.coflaspalmas.es\/?s={search_term_string}\"},\"query-input\":{\"@type\":\"PropertyValueSpecification\",\"valueRequired\":true,\"valueName\":\"search_term_string\"}}],\"inLanguage\":\"fr-FR\"},{\"@type\":\"Person\",\"@id\":\"https:\/\/www.coflaspalmas.es\/#\/schema\/person\/b9fcb3454abcc41a46ae9d9193743d7f\",\"name\":\"COF Las Palmas\",\"image\":{\"@type\":\"ImageObject\",\"inLanguage\":\"fr-FR\",\"@id\":\"https:\/\/www.coflaspalmas.es\/#\/schema\/person\/image\/\",\"url\":\"https:\/\/secure.gravatar.com\/avatar\/d504f2f7ae8ec28fd2899ecd7f4c7bd663863c3d74f5aaa3facb61347dec806d?s=96&d=mm&r=g\",\"contentUrl\":\"https:\/\/secure.gravatar.com\/avatar\/d504f2f7ae8ec28fd2899ecd7f4c7bd663863c3d74f5aaa3facb61347dec806d?s=96&d=mm&r=g\",\"caption\":\"COF Las Palmas\"},\"url\":\"https:\/\/www.coflaspalmas.es\/fr\/author\/cof-las-palmas\/\"}]}<\/script>\n<!-- \/ Yoast SEO plugin. -->","yoast_head_json":{"title":"La ONCE conmemora el centenario del COFLP con un cup\u00f3n especial el d\u00eda 29 de diciembre - COFLP","robots":{"index":"index","follow":"follow","max-snippet":"max-snippet:-1","max-image-preview":"max-image-preview:large","max-video-preview":"max-video-preview:-1"},"canonical":"https:\/\/www.coflaspalmas.es\/fr\/la-once-conmemora-el-centenario-del-coflp-con-un-cupon-especial-el-dia-29-de-diciembre\/","og_locale":"fr_FR","og_type":"article","og_title":"La ONCE conmemora el centenario del COFLP con un cup\u00f3n especial el d\u00eda 29 de diciembre - COFLP","og_description":"El Centenario del Colegio Oficial de Farmac\u00e9uticos de Las Palmas es el motivo del cup\u00f3n de la ONCE del lunes 29 de diciembre, d\u00eda en que se celebran los primeros cien a\u00f1os desde la creaci\u00f3n del COFLP. Cinco millones de cupones llevar\u00e1n por toda Espa\u00f1a esta celebraci\u00f3n. El cup\u00f3n estar\u00e1 a la venta a partir [&hellip;]","og_url":"https:\/\/www.coflaspalmas.es\/fr\/la-once-conmemora-el-centenario-del-coflp-con-un-cupon-especial-el-dia-29-de-diciembre\/","og_site_name":"COFLP","article_published_time":"2025-12-19T08:58:00+00:00","article_modified_time":"2025-12-26T11:57:55+00:00","og_image":[{"width":500,"height":500,"url":"https:\/\/www.coflaspalmas.es\/wp-content\/uploads\/2025\/12\/Rueda-de-prensa-cupon-de-la-ONCE-18122025-1-RRSS-500x500-1.jpg?wsr","type":"image\/jpeg"}],"author":"COF Las Palmas","twitter_card":"summary_large_image","twitter_misc":{"\u00c9crit par":"COF Las Palmas","Dur\u00e9e de lecture estim\u00e9e":"3 minutes"},"schema":{"@context":"https:\/\/schema.org","@graph":[{"@type":"WebPage","@id":"https:\/\/www.coflaspalmas.es\/la-once-conmemora-el-centenario-del-coflp-con-un-cupon-especial-el-dia-29-de-diciembre\/","url":"https:\/\/www.coflaspalmas.es\/la-once-conmemora-el-centenario-del-coflp-con-un-cupon-especial-el-dia-29-de-diciembre\/","name":"La ONCE conmemora el centenario del COFLP con un cup\u00f3n especial el d\u00eda 29 de diciembre - COFLP","isPartOf":{"@id":"https:\/\/www.coflaspalmas.es\/#website"},"primaryImageOfPage":{"@id":"https:\/\/www.coflaspalmas.es\/la-once-conmemora-el-centenario-del-coflp-con-un-cupon-especial-el-dia-29-de-diciembre\/#primaryimage"},"image":{"@id":"https:\/\/www.coflaspalmas.es\/la-once-conmemora-el-centenario-del-coflp-con-un-cupon-especial-el-dia-29-de-diciembre\/#primaryimage"},"thumbnailUrl":"https:\/\/www.coflaspalmas.es\/wp-content\/uploads\/2025\/12\/Rueda-de-prensa-cupon-de-la-ONCE-18122025-1-RRSS-500x500-1.jpg?wsr","datePublished":"2025-12-19T08:58:00+00:00","dateModified":"2025-12-26T11:57:55+00:00","author":{"@id":"https:\/\/www.coflaspalmas.es\/#\/schema\/person\/b9fcb3454abcc41a46ae9d9193743d7f"},"breadcrumb":{"@id":"https:\/\/www.coflaspalmas.es\/la-once-conmemora-el-centenario-del-coflp-con-un-cupon-especial-el-dia-29-de-diciembre\/#breadcrumb"},"inLanguage":"fr-FR","potentialAction":[{"@type":"ReadAction","target":["https:\/\/www.coflaspalmas.es\/la-once-conmemora-el-centenario-del-coflp-con-un-cupon-especial-el-dia-29-de-diciembre\/"]}]},{"@type":"ImageObject","inLanguage":"fr-FR","@id":"https:\/\/www.coflaspalmas.es\/la-once-conmemora-el-centenario-del-coflp-con-un-cupon-especial-el-dia-29-de-diciembre\/#primaryimage","url":"https:\/\/www.coflaspalmas.es\/wp-content\/uploads\/2025\/12\/Rueda-de-prensa-cupon-de-la-ONCE-18122025-1-RRSS-500x500-1.jpg?wsr","contentUrl":"https:\/\/www.coflaspalmas.es\/wp-content\/uploads\/2025\/12\/Rueda-de-prensa-cupon-de-la-ONCE-18122025-1-RRSS-500x500-1.jpg?wsr","width":500,"height":500},{"@type":"BreadcrumbList","@id":"https:\/\/www.coflaspalmas.es\/la-once-conmemora-el-centenario-del-coflp-con-un-cupon-especial-el-dia-29-de-diciembre\/#breadcrumb","itemListElement":[{"@type":"ListItem","position":1,"name":"Portada","item":"https:\/\/www.coflaspalmas.es\/"},{"@type":"ListItem","position":2,"name":"La ONCE conmemora el centenario del COFLP con un cup\u00f3n especial el d\u00eda 29 de diciembre"}]},{"@type":"WebSite","@id":"https:\/\/www.coflaspalmas.es\/#website","url":"https:\/\/www.coflaspalmas.es\/","name":"COF Las Palmas","description":"Colegio de Farmac\u00e9uticos Las Palmas.","potentialAction":[{"@type":"SearchAction","target":{"@type":"EntryPoint","urlTemplate":"https:\/\/www.coflaspalmas.es\/?s={search_term_string}"},"query-input":{"@type":"PropertyValueSpecification","valueRequired":true,"valueName":"search_term_string"}}],"inLanguage":"fr-FR"},{"@type":"Person","@id":"https:\/\/www.coflaspalmas.es\/#\/schema\/person\/b9fcb3454abcc41a46ae9d9193743d7f","name":"COF Las Palmas","image":{"@type":"ImageObject","inLanguage":"fr-FR","@id":"https:\/\/www.coflaspalmas.es\/#\/schema\/person\/image\/","url":"https:\/\/secure.gravatar.com\/avatar\/d504f2f7ae8ec28fd2899ecd7f4c7bd663863c3d74f5aaa3facb61347dec806d?s=96&d=mm&r=g","contentUrl":"https:\/\/secure.gravatar.com\/avatar\/d504f2f7ae8ec28fd2899ecd7f4c7bd663863c3d74f5aaa3facb61347dec806d?s=96&d=mm&r=g","caption":"COF Las Palmas"},"url":"https:\/\/www.coflaspalmas.es\/fr\/author\/cof-las-palmas\/"}]}},"_links":{"self":[{"href":"https:\/\/www.coflaspalmas.es\/fr\/wp-json\/wp\/v2\/posts\/26047474","targetHints":{"allow":["GET"]}}],"collection":[{"href":"https:\/\/www.coflaspalmas.es\/fr\/wp-json\/wp\/v2\/posts"}],"about":[{"href":"https:\/\/www.coflaspalmas.es\/fr\/wp-json\/wp\/v2\/types\/post"}],"author":[{"embeddable":true,"href":"https:\/\/www.coflaspalmas.es\/fr\/wp-json\/wp\/v2\/users\/11"}],"replies":[{"embeddable":true,"href":"https:\/\/www.coflaspalmas.es\/fr\/wp-json\/wp\/v2\/comments?post=26047474"}],"version-history":[{"count":1,"href":"https:\/\/www.coflaspalmas.es\/fr\/wp-json\/wp\/v2\/posts\/26047474\/revisions"}],"predecessor-version":[{"id":26047476,"href":"https:\/\/www.coflaspalmas.es\/fr\/wp-json\/wp\/v2\/posts\/26047474\/revisions\/26047476"}],"wp:featuredmedia":[{"embeddable":true,"href":"https:\/\/www.coflaspalmas.es\/fr\/wp-json\/wp\/v2\/media\/26047475"}],"wp:attachment":[{"href":"https:\/\/www.coflaspalmas.es\/fr\/wp-json\/wp\/v2\/media?parent=26047474"}],"wp:term":[{"taxonomy":"category","embeddable":true,"href":"https:\/\/www.coflaspalmas.es\/fr\/wp-json\/wp\/v2\/categories?post=26047474"},{"taxonomy":"post_tag","embeddable":true,"href":"https:\/\/www.coflaspalmas.es\/fr\/wp-json\/wp\/v2\/tags?post=26047474"}],"curies":[{"name":"wp","href":"https:\/\/api.w.org\/{rel}","templated":true}]}}