{"id":26047478,"date":"2025-12-30T01:33:00","date_gmt":"2025-12-30T00:33:00","guid":{"rendered":"https:\/\/www.coflaspalmas.es\/?p=26047478"},"modified":"2026-01-05T08:24:42","modified_gmt":"2026-01-05T07:24:42","slug":"el-coflp-celebra-cien-anos-recordando-los-valores-farmaceuticos-y-su-vocacion-de-servicio","status":"publish","type":"post","link":"https:\/\/www.coflaspalmas.es\/fr\/el-coflp-celebra-cien-anos-recordando-los-valores-farmaceuticos-y-su-vocacion-de-servicio\/","title":{"rendered":"Le COFLP c\u00e9l\u00e8bre cent ans de rappel des valeurs pharmaceutiques et de sa vocation humanitaire"},"content":{"rendered":"<p align=\"justify\">\u201c<span style=\"font-family: Karla;\"><span style=\"font-size: medium;\">H<\/span><\/span><span style=\"font-family: Karla;\"><span style=\"font-size: medium;\">Il y a cent ans et aujourd'hui, nous avons une pr\u00e9sence dans tous les quartiers et villages ; il y a cent ans et aujourd'hui, nous sommes le personnel soignant le plus accessible \u00e0 la population ; il y a cent ans et aujourd'hui, nous connaissons nos voisins par leur nom et leurs traitements ; il y a cent ans <\/span><\/span><span style=\"font-family: Karla;\"><span style=\"font-size: medium;\">y <\/span><\/span><span style=\"font-family: Karla;\"><span style=\"font-size: medium;\">aujourd'hui, notre volont\u00e9 de travailler en collaboration avec l'administration et d'autres professionnels de la sant\u00e9 reste intacte<\/span><\/span><span style=\"font-family: Tahoma, sans-serif;\"><span style=\"font-size: medium;\">\u201d.<\/span><\/span> <span style=\"font-family: Karla;\"><span style=\"font-size: medium;\">C'est ainsi que Loreto G\u00f3mez, pr\u00e9sidente du Coll\u00e8ge Officiel des Pharmaciens de Las Palmas, a expliqu\u00e9 que l'engagement des pharmaciens aupr\u00e8s de la soci\u00e9t\u00e9 canarienne est rest\u00e9 inalt\u00e9rable pendant cent ans, malgr\u00e9 les avanc\u00e9es scientifiques et technologiques qui ont eu lieu au cours de ces cent ans.<\/span><\/span><\/p>\n<p align=\"justify\">\u201c<span style=\"font-family: Karla;\"><span style=\"font-size: medium;\"><span lang=\"es-ES\">\u00bf<\/span><\/span><\/span><span style=\"font-family: Karla;\"><span style=\"font-size: medium;\"><span lang=\"es-ES\">S<\/span><\/span><\/span><span style=\"font-family: Karla;\"><span style=\"font-size: medium;\"><span lang=\"es-ES\">Et vous imaginez pouvoir organiser une discussion entre les fondateurs et nous ?<\/span><\/span><\/span><span style=\"font-family: Tahoma, sans-serif;\"><span style=\"font-size: medium;\"><span lang=\"es-ES\">\u201d<\/span><\/span><\/span><span style=\"font-family: Karla, monospace;\"><span style=\"font-size: medium;\"><span lang=\"es-ES\">, <\/span><\/span><\/span><span style=\"font-family: Karla, monospace;\"><span style=\"font-size: medium;\"><span lang=\"es-ES\">a dit la pr\u00e9sidente, <\/span><\/span><\/span><span style=\"font-family: Karla, monospace;\"><span style=\"font-size: medium;\"><span lang=\"es-ES\">\u00a0<\/span><\/span><\/span><span style=\"font-family: Tahoma, sans-serif;\"><span style=\"font-size: medium;\"><span lang=\"es-ES\">\u201c<\/span><\/span><\/span><span style=\"font-family: Tahoma, sans-serif;\"><span style=\"font-size: medium;\"><span lang=\"es-ES\">e<\/span><\/span><\/span><span style=\"font-family: Karla;\"><span style=\"font-size: medium;\"><span lang=\"es-ES\">Ils pourraient nous raconter avec passion comment ils ont combattu la variole, la l\u00e8pre ou la tuberculose\u2026 et nous leur raconterions comment des milliers de personnes surmontent aujourd'hui le cancer, comment le sida a cess\u00e9 d'\u00eatre une condamnation \u00e0 mort ou comment nous avons r\u00e9pondu face \u00e0 la pand\u00e9mie de COVID-19<\/span><\/span><\/span><span style=\"font-family: Tahoma, sans-serif;\"><span style=\"font-size: medium;\"><span lang=\"es-ES\">\u201d<\/span><\/span><\/span><span style=\"font-family: Karla;\"><span style=\"font-size: medium;\"><span lang=\"es-ES\">.<\/span><\/span><\/span><\/p>\n<p align=\"justify\"><span style=\"font-family: Karla;\"><span style=\"font-size: medium;\"><span lang=\"es-ES\"><img loading=\"lazy\" decoding=\"async\" class=\"wp-image-128041 alignleft\" src=\"https:\/\/www.coflaspalmas.es\/wp-content\/uploads\/2025\/12\/WhatsApp-Image-2025-12-29-at-23.08.53-4-300x200.jpeg\" alt=\"\" width=\"584\" height=\"389\" \/>Elle a profit\u00e9 de l'occasion pour reconna\u00eetre fermement le r\u00f4le que jouent les femmes dans le domaine de la sant\u00e9.<\/span><\/span><\/span><span style=\"font-family: Karla;\"><span style=\"font-size: medium;\"><span lang=\"es-ES\">a<\/span><\/span><\/span><span style=\"font-family: Karla;\"><span style=\"font-size: medium;\"><span lang=\"es-ES\">Rio, signalant que \u00a0<\/span><\/span><\/span><span style=\"font-family: Tahoma, sans-serif;\"><span style=\"font-size: medium;\"><span lang=\"es-ES\">\u201c<\/span><\/span><\/span><span style=\"font-family: Karla, monospace;\"><span style=\"font-size: medium;\"><span lang=\"es-ES\">quelque chose qui \u00e9tonnerait certainement nos p\u00e8res fondateurs, un progr\u00e8s fondamental: d'une guilde presque exclusivement masculine, la premi\u00e8re femme de notre province s'est inscrite deux ans apr\u00e8s sa cr\u00e9ation, \u00e0 une majorit\u00e9 largement f\u00e9minine dans la profession et o\u00f9 nous le sommes d\u00e9j\u00e0 aussi dans de nombreux organes de gestion. Curieusement, cela se produit dans toutes les professions de sant\u00e9. <\/span><\/span><\/span><span style=\"font-family: Tahoma, sans-serif;\"><span style=\"font-size: medium;\"><span lang=\"es-ES\">\u201d<\/span><\/span><\/span><span style=\"font-family: Karla;\"><span style=\"font-size: medium;\"><span lang=\"es-ES\">.<\/span><\/span><\/span><\/p>\n<p align=\"justify\">\u201c<span style=\"font-family: Karla, monospace;\"><span style=\"font-size: medium;\"><span lang=\"es-ES\">Aussi avec eux, nos fondateurs<\/span><\/span><\/span><span style=\"font-family: Tahoma, sans-serif;\"><span style=\"font-size: medium;\"><span lang=\"es-ES\">\u201d<\/span><\/span><\/span><span style=\"font-family: Karla, monospace;\"><span style=\"font-size: medium;\"><span lang=\"es-ES\">, d\u00e9clara G\u00f3mez, <\/span><\/span><\/span><span style=\"font-family: Tahoma, sans-serif;\"><span style=\"font-size: medium;\"><span lang=\"es-ES\">\u201c<\/span><\/span><\/span><span style=\"font-family: Karla, monospace;\"><span style=\"font-size: medium;\"><span lang=\"es-ES\">nous nous creuserions la t\u00eate pour expliquer le fait qu'en cent ans nous ayons pass\u00e9 du respect r\u00e9v\u00e9renciel pour la science au d\u00e9but du XXe si\u00e8cle \u00e0 l'idol\u00e2trie des canulars au XXIe si\u00e8cle<\/span><\/span><\/span><span style=\"font-family: Tahoma, sans-serif;\"><span style=\"font-size: medium;\"><span lang=\"es-ES\">\u201d.<\/span><\/span><\/span><\/p>\n<p align=\"justify\"><span style=\"font-family: Karla, monospace;\"><span style=\"font-size: medium;\"><span lang=\"es-ES\"><b>Travail indispensable<\/b><\/span><\/span><\/span><\/p>\n<p align=\"justify\"><span style=\"font-family: Karla, monospace;\"><span style=\"font-size: medium;\"><span lang=\"es-ES\">La conseill\u00e8re de la sant\u00e9 du gouvernement des Canaries, Esther Monz\u00f3n, a affirm\u00e9 pour sa part : <\/span><\/span><\/span><span style=\"font-family: Tahoma, sans-serif;\"><span style=\"font-size: medium;\"><span lang=\"es-ES\">\u201c<\/span><\/span><\/span><span style=\"font-family: Karla, monospace;\"><span style=\"font-size: medium;\"><span lang=\"es-ES\">nous souhaitons reconna\u00eetre votre travail indispensable, en particulier dans les moments les plus complexes, et r\u00e9it\u00e9rer notre engagement \u00e0 continuer d'avancer ensemble vers un syst\u00e8me de sant\u00e9 plus humain, plus innovant et plus accessible pour tous<\/span><\/span><\/span><span style=\"font-family: Tahoma, sans-serif;\"><span style=\"font-size: medium;\"><span lang=\"es-ES\">\u201d<\/span><\/span><\/span><span style=\"font-family: Karla, monospace;\"><span style=\"font-size: medium;\"><span lang=\"es-ES\">.<\/span><\/span><\/span><\/p>\n<p align=\"justify\"><span style=\"font-family: Karla, monospace;\"><span style=\"font-size: medium;\"><span lang=\"es-ES\">Au cours de son intervention, il a reconnu les <\/span><\/span><\/span><span style=\"font-family: Tahoma, sans-serif;\"><span style=\"font-size: medium;\"><span lang=\"es-ES\">\u201c<\/span><\/span><\/span><span style=\"font-family: Karla, monospace;\"><span style=\"font-size: medium;\"><span lang=\"es-ES\">valeurs de proximit\u00e9, d'accessibilit\u00e9 et d'engagement envers les patients<\/span><\/span><\/span><span style=\"font-family: Tahoma, sans-serif;\"><span style=\"font-size: medium;\"><span lang=\"es-ES\">\u201d<\/span><\/span><\/span><span style=\"font-family: Karla, monospace;\"><span style=\"font-size: medium;\"><span lang=\"es-ES\">, et a soulign\u00e9 que <\/span><\/span><\/span><span style=\"font-family: Tahoma, sans-serif;\"><span style=\"font-size: medium;\"><span lang=\"es-ES\">\u201c<\/span><\/span><\/span><span style=\"font-family: Karla, monospace;\"><span style=\"font-size: medium;\"><span lang=\"es-ES\">repr\u00e9sentent une ressource collaborative in\u00e9galable pour le SCS<\/span><\/span><\/span><span style=\"font-family: Tahoma, sans-serif;\"><span style=\"font-size: medium;\"><span lang=\"es-ES\">\u201d<\/span><\/span><\/span><span style=\"font-family: Karla, monospace;\"><span style=\"font-size: medium;\"><span lang=\"es-ES\">.<\/span><\/span><\/span><\/p>\n<p align=\"justify\"><span style=\"font-family: Karla, monospace;\"><span style=\"font-size: medium;\"><span lang=\"es-ES\">L'\u00e9v\u00e9nement a \u00e9galement \u00e9t\u00e9 marqu\u00e9 par la performance du timpliste Germ\u00e1n L\u00f3pez, et la cl\u00f4ture a \u00e9t\u00e9 assur\u00e9e par le vulgarisateur Fernando Fabiani, qui a donn\u00e9 une conf\u00e9rence tr\u00e8s agr\u00e9able sur la menace du surdiagnostic et le r\u00f4le des professionnels de sant\u00e9 dans ce domaine.<\/span><\/span><\/span><\/p>\n<p align=\"justify\"><img loading=\"lazy\" decoding=\"async\" class=\"alignnone wp-image-128038 aligncenter\" src=\"https:\/\/www.coflaspalmas.es\/wp-content\/uploads\/2025\/12\/WhatsApp-Image-2025-12-29-at-23.08.56-1-300x200.jpeg\" alt=\"\" width=\"413\" height=\"275\" \/><\/p>\n<p align=\"justify\"><img loading=\"lazy\" decoding=\"async\" class=\"alignnone wp-image-128040 aligncenter\" src=\"https:\/\/www.coflaspalmas.es\/wp-content\/uploads\/2025\/12\/WhatsApp-Image-2025-12-29-at-23.08.53-3-300x200.jpeg\" alt=\"\" width=\"414\" height=\"276\" \/><\/p>","protected":false},"excerpt":{"rendered":"<p>\u201cHace cien a\u00f1os y hoy,\u00a0tenemos\u00a0presencia en todos los barrios y pueblos; hace cien a\u00f1os y hoy, somos los sanitarios m\u00e1s accesibles para la poblaci\u00f3n; hace cien a\u00f1os y hoy conocemos por su nombre y sus tratamientos a nuestros vecinos; hace cien a\u00f1os y hoy, nuestra predisposici\u00f3n a trabajar conjuntamente con la Administraci\u00f3n\u00a0y otros profesionales sanitarios [&hellip;]<\/p>\n","protected":false},"author":11,"featured_media":26047479,"comment_status":"open","ping_status":"open","sticky":false,"template":"","format":"standard","meta":{"_et_pb_use_builder":"","_et_pb_old_content":"","_et_gb_content_width":"","footnotes":""},"categories":[247,11],"tags":[],"class_list":["post-26047478","post","type-post","status-publish","format-standard","has-post-thumbnail","hentry","category-boletin-2025","category-noticias"],"yoast_head":"<!-- This site is optimized with the Yoast SEO plugin v24.7 - https:\/\/yoast.com\/wordpress\/plugins\/seo\/ -->\n<title>El COFLP celebra cien a\u00f1os recordando los valores farmac\u00e9uticos y su vocaci\u00f3n de servicio - COFLP<\/title>\n<meta name=\"robots\" content=\"index, follow, max-snippet:-1, max-image-preview:large, max-video-preview:-1\" \/>\n<link rel=\"canonical\" href=\"https:\/\/www.coflaspalmas.es\/fr\/el-coflp-celebra-cien-anos-recordando-los-valores-farmaceuticos-y-su-vocacion-de-servicio\/\" \/>\n<meta property=\"og:locale\" content=\"fr_FR\" \/>\n<meta property=\"og:type\" content=\"article\" \/>\n<meta property=\"og:title\" content=\"El COFLP celebra cien a\u00f1os recordando los valores farmac\u00e9uticos y su vocaci\u00f3n de servicio - COFLP\" \/>\n<meta property=\"og:description\" content=\"\u201cHace cien a\u00f1os y hoy,\u00a0tenemos\u00a0presencia en todos los barrios y pueblos; hace cien a\u00f1os y hoy, somos los sanitarios m\u00e1s accesibles para la poblaci\u00f3n; hace cien a\u00f1os y hoy conocemos por su nombre y sus tratamientos a nuestros vecinos; hace cien a\u00f1os y hoy, nuestra predisposici\u00f3n a trabajar conjuntamente con la Administraci\u00f3n\u00a0y otros profesionales sanitarios [&hellip;]\" \/>\n<meta property=\"og:url\" content=\"https:\/\/www.coflaspalmas.es\/fr\/el-coflp-celebra-cien-anos-recordando-los-valores-farmaceuticos-y-su-vocacion-de-servicio\/\" \/>\n<meta property=\"og:site_name\" content=\"COFLP\" \/>\n<meta property=\"article:published_time\" content=\"2025-12-30T00:33:00+00:00\" \/>\n<meta property=\"article:modified_time\" content=\"2026-01-05T07:24:42+00:00\" \/>\n<meta property=\"og:image\" content=\"https:\/\/www.coflaspalmas.es\/wp-content\/uploads\/2026\/01\/WhatsApp-Image-2025-12-29-at-23.22.30-1-500x500-1.jpeg?wsr\" \/>\n\t<meta property=\"og:image:width\" content=\"500\" \/>\n\t<meta property=\"og:image:height\" content=\"500\" \/>\n\t<meta property=\"og:image:type\" content=\"image\/jpeg\" \/>\n<meta name=\"author\" content=\"COF Las Palmas\" \/>\n<meta name=\"twitter:card\" content=\"summary_large_image\" \/>\n<meta name=\"twitter:label1\" content=\"\u00c9crit par\" \/>\n\t<meta name=\"twitter:data1\" content=\"COF Las Palmas\" \/>\n\t<meta name=\"twitter:label2\" content=\"Dur\u00e9e de lecture estim\u00e9e\" \/>\n\t<meta name=\"twitter:data2\" content=\"3 minutes\" \/>\n<script type=\"application\/ld+json\" class=\"yoast-schema-graph\">{\"@context\":\"https:\/\/schema.org\",\"@graph\":[{\"@type\":\"WebPage\",\"@id\":\"https:\/\/www.coflaspalmas.es\/el-coflp-celebra-cien-anos-recordando-los-valores-farmaceuticos-y-su-vocacion-de-servicio\/\",\"url\":\"https:\/\/www.coflaspalmas.es\/el-coflp-celebra-cien-anos-recordando-los-valores-farmaceuticos-y-su-vocacion-de-servicio\/\",\"name\":\"El COFLP celebra cien a\u00f1os recordando los valores farmac\u00e9uticos y su vocaci\u00f3n de servicio - COFLP\",\"isPartOf\":{\"@id\":\"https:\/\/www.coflaspalmas.es\/#website\"},\"primaryImageOfPage\":{\"@id\":\"https:\/\/www.coflaspalmas.es\/el-coflp-celebra-cien-anos-recordando-los-valores-farmaceuticos-y-su-vocacion-de-servicio\/#primaryimage\"},\"image\":{\"@id\":\"https:\/\/www.coflaspalmas.es\/el-coflp-celebra-cien-anos-recordando-los-valores-farmaceuticos-y-su-vocacion-de-servicio\/#primaryimage\"},\"thumbnailUrl\":\"https:\/\/www.coflaspalmas.es\/wp-content\/uploads\/2026\/01\/WhatsApp-Image-2025-12-29-at-23.22.30-1-500x500-1.jpeg?wsr\",\"datePublished\":\"2025-12-30T00:33:00+00:00\",\"dateModified\":\"2026-01-05T07:24:42+00:00\",\"author\":{\"@id\":\"https:\/\/www.coflaspalmas.es\/#\/schema\/person\/b9fcb3454abcc41a46ae9d9193743d7f\"},\"breadcrumb\":{\"@id\":\"https:\/\/www.coflaspalmas.es\/el-coflp-celebra-cien-anos-recordando-los-valores-farmaceuticos-y-su-vocacion-de-servicio\/#breadcrumb\"},\"inLanguage\":\"fr-FR\",\"potentialAction\":[{\"@type\":\"ReadAction\",\"target\":[\"https:\/\/www.coflaspalmas.es\/el-coflp-celebra-cien-anos-recordando-los-valores-farmaceuticos-y-su-vocacion-de-servicio\/\"]}]},{\"@type\":\"ImageObject\",\"inLanguage\":\"fr-FR\",\"@id\":\"https:\/\/www.coflaspalmas.es\/el-coflp-celebra-cien-anos-recordando-los-valores-farmaceuticos-y-su-vocacion-de-servicio\/#primaryimage\",\"url\":\"https:\/\/www.coflaspalmas.es\/wp-content\/uploads\/2026\/01\/WhatsApp-Image-2025-12-29-at-23.22.30-1-500x500-1.jpeg?wsr\",\"contentUrl\":\"https:\/\/www.coflaspalmas.es\/wp-content\/uploads\/2026\/01\/WhatsApp-Image-2025-12-29-at-23.22.30-1-500x500-1.jpeg?wsr\",\"width\":500,\"height\":500},{\"@type\":\"BreadcrumbList\",\"@id\":\"https:\/\/www.coflaspalmas.es\/el-coflp-celebra-cien-anos-recordando-los-valores-farmaceuticos-y-su-vocacion-de-servicio\/#breadcrumb\",\"itemListElement\":[{\"@type\":\"ListItem\",\"position\":1,\"name\":\"Portada\",\"item\":\"https:\/\/www.coflaspalmas.es\/\"},{\"@type\":\"ListItem\",\"position\":2,\"name\":\"El COFLP celebra cien a\u00f1os recordando los valores farmac\u00e9uticos y su vocaci\u00f3n de servicio\"}]},{\"@type\":\"WebSite\",\"@id\":\"https:\/\/www.coflaspalmas.es\/#website\",\"url\":\"https:\/\/www.coflaspalmas.es\/\",\"name\":\"COF Las Palmas\",\"description\":\"Colegio de Farmac\u00e9uticos Las Palmas.\",\"potentialAction\":[{\"@type\":\"SearchAction\",\"target\":{\"@type\":\"EntryPoint\",\"urlTemplate\":\"https:\/\/www.coflaspalmas.es\/?s={search_term_string}\"},\"query-input\":{\"@type\":\"PropertyValueSpecification\",\"valueRequired\":true,\"valueName\":\"search_term_string\"}}],\"inLanguage\":\"fr-FR\"},{\"@type\":\"Person\",\"@id\":\"https:\/\/www.coflaspalmas.es\/#\/schema\/person\/b9fcb3454abcc41a46ae9d9193743d7f\",\"name\":\"COF Las Palmas\",\"image\":{\"@type\":\"ImageObject\",\"inLanguage\":\"fr-FR\",\"@id\":\"https:\/\/www.coflaspalmas.es\/#\/schema\/person\/image\/\",\"url\":\"https:\/\/secure.gravatar.com\/avatar\/d504f2f7ae8ec28fd2899ecd7f4c7bd663863c3d74f5aaa3facb61347dec806d?s=96&d=mm&r=g\",\"contentUrl\":\"https:\/\/secure.gravatar.com\/avatar\/d504f2f7ae8ec28fd2899ecd7f4c7bd663863c3d74f5aaa3facb61347dec806d?s=96&d=mm&r=g\",\"caption\":\"COF Las Palmas\"},\"url\":\"https:\/\/www.coflaspalmas.es\/fr\/author\/cof-las-palmas\/\"}]}<\/script>\n<!-- \/ Yoast SEO plugin. -->","yoast_head_json":{"title":"El COFLP celebra cien a\u00f1os recordando los valores farmac\u00e9uticos y su vocaci\u00f3n de servicio - COFLP","robots":{"index":"index","follow":"follow","max-snippet":"max-snippet:-1","max-image-preview":"max-image-preview:large","max-video-preview":"max-video-preview:-1"},"canonical":"https:\/\/www.coflaspalmas.es\/fr\/el-coflp-celebra-cien-anos-recordando-los-valores-farmaceuticos-y-su-vocacion-de-servicio\/","og_locale":"fr_FR","og_type":"article","og_title":"El COFLP celebra cien a\u00f1os recordando los valores farmac\u00e9uticos y su vocaci\u00f3n de servicio - COFLP","og_description":"\u201cHace cien a\u00f1os y hoy,\u00a0tenemos\u00a0presencia en todos los barrios y pueblos; hace cien a\u00f1os y hoy, somos los sanitarios m\u00e1s accesibles para la poblaci\u00f3n; hace cien a\u00f1os y hoy conocemos por su nombre y sus tratamientos a nuestros vecinos; hace cien a\u00f1os y hoy, nuestra predisposici\u00f3n a trabajar conjuntamente con la Administraci\u00f3n\u00a0y otros profesionales sanitarios [&hellip;]","og_url":"https:\/\/www.coflaspalmas.es\/fr\/el-coflp-celebra-cien-anos-recordando-los-valores-farmaceuticos-y-su-vocacion-de-servicio\/","og_site_name":"COFLP","article_published_time":"2025-12-30T00:33:00+00:00","article_modified_time":"2026-01-05T07:24:42+00:00","og_image":[{"width":500,"height":500,"url":"https:\/\/www.coflaspalmas.es\/wp-content\/uploads\/2026\/01\/WhatsApp-Image-2025-12-29-at-23.22.30-1-500x500-1.jpeg?wsr","type":"image\/jpeg"}],"author":"COF Las Palmas","twitter_card":"summary_large_image","twitter_misc":{"\u00c9crit par":"COF Las Palmas","Dur\u00e9e de lecture estim\u00e9e":"3 minutes"},"schema":{"@context":"https:\/\/schema.org","@graph":[{"@type":"WebPage","@id":"https:\/\/www.coflaspalmas.es\/el-coflp-celebra-cien-anos-recordando-los-valores-farmaceuticos-y-su-vocacion-de-servicio\/","url":"https:\/\/www.coflaspalmas.es\/el-coflp-celebra-cien-anos-recordando-los-valores-farmaceuticos-y-su-vocacion-de-servicio\/","name":"El COFLP celebra cien a\u00f1os recordando los valores farmac\u00e9uticos y su vocaci\u00f3n de servicio - COFLP","isPartOf":{"@id":"https:\/\/www.coflaspalmas.es\/#website"},"primaryImageOfPage":{"@id":"https:\/\/www.coflaspalmas.es\/el-coflp-celebra-cien-anos-recordando-los-valores-farmaceuticos-y-su-vocacion-de-servicio\/#primaryimage"},"image":{"@id":"https:\/\/www.coflaspalmas.es\/el-coflp-celebra-cien-anos-recordando-los-valores-farmaceuticos-y-su-vocacion-de-servicio\/#primaryimage"},"thumbnailUrl":"https:\/\/www.coflaspalmas.es\/wp-content\/uploads\/2026\/01\/WhatsApp-Image-2025-12-29-at-23.22.30-1-500x500-1.jpeg?wsr","datePublished":"2025-12-30T00:33:00+00:00","dateModified":"2026-01-05T07:24:42+00:00","author":{"@id":"https:\/\/www.coflaspalmas.es\/#\/schema\/person\/b9fcb3454abcc41a46ae9d9193743d7f"},"breadcrumb":{"@id":"https:\/\/www.coflaspalmas.es\/el-coflp-celebra-cien-anos-recordando-los-valores-farmaceuticos-y-su-vocacion-de-servicio\/#breadcrumb"},"inLanguage":"fr-FR","potentialAction":[{"@type":"ReadAction","target":["https:\/\/www.coflaspalmas.es\/el-coflp-celebra-cien-anos-recordando-los-valores-farmaceuticos-y-su-vocacion-de-servicio\/"]}]},{"@type":"ImageObject","inLanguage":"fr-FR","@id":"https:\/\/www.coflaspalmas.es\/el-coflp-celebra-cien-anos-recordando-los-valores-farmaceuticos-y-su-vocacion-de-servicio\/#primaryimage","url":"https:\/\/www.coflaspalmas.es\/wp-content\/uploads\/2026\/01\/WhatsApp-Image-2025-12-29-at-23.22.30-1-500x500-1.jpeg?wsr","contentUrl":"https:\/\/www.coflaspalmas.es\/wp-content\/uploads\/2026\/01\/WhatsApp-Image-2025-12-29-at-23.22.30-1-500x500-1.jpeg?wsr","width":500,"height":500},{"@type":"BreadcrumbList","@id":"https:\/\/www.coflaspalmas.es\/el-coflp-celebra-cien-anos-recordando-los-valores-farmaceuticos-y-su-vocacion-de-servicio\/#breadcrumb","itemListElement":[{"@type":"ListItem","position":1,"name":"Portada","item":"https:\/\/www.coflaspalmas.es\/"},{"@type":"ListItem","position":2,"name":"El COFLP celebra cien a\u00f1os recordando los valores farmac\u00e9uticos y su vocaci\u00f3n de servicio"}]},{"@type":"WebSite","@id":"https:\/\/www.coflaspalmas.es\/#website","url":"https:\/\/www.coflaspalmas.es\/","name":"COF Las Palmas","description":"Colegio de Farmac\u00e9uticos Las Palmas.","potentialAction":[{"@type":"SearchAction","target":{"@type":"EntryPoint","urlTemplate":"https:\/\/www.coflaspalmas.es\/?s={search_term_string}"},"query-input":{"@type":"PropertyValueSpecification","valueRequired":true,"valueName":"search_term_string"}}],"inLanguage":"fr-FR"},{"@type":"Person","@id":"https:\/\/www.coflaspalmas.es\/#\/schema\/person\/b9fcb3454abcc41a46ae9d9193743d7f","name":"COF Las Palmas","image":{"@type":"ImageObject","inLanguage":"fr-FR","@id":"https:\/\/www.coflaspalmas.es\/#\/schema\/person\/image\/","url":"https:\/\/secure.gravatar.com\/avatar\/d504f2f7ae8ec28fd2899ecd7f4c7bd663863c3d74f5aaa3facb61347dec806d?s=96&d=mm&r=g","contentUrl":"https:\/\/secure.gravatar.com\/avatar\/d504f2f7ae8ec28fd2899ecd7f4c7bd663863c3d74f5aaa3facb61347dec806d?s=96&d=mm&r=g","caption":"COF Las Palmas"},"url":"https:\/\/www.coflaspalmas.es\/fr\/author\/cof-las-palmas\/"}]}},"_links":{"self":[{"href":"https:\/\/www.coflaspalmas.es\/fr\/wp-json\/wp\/v2\/posts\/26047478","targetHints":{"allow":["GET"]}}],"collection":[{"href":"https:\/\/www.coflaspalmas.es\/fr\/wp-json\/wp\/v2\/posts"}],"about":[{"href":"https:\/\/www.coflaspalmas.es\/fr\/wp-json\/wp\/v2\/types\/post"}],"author":[{"embeddable":true,"href":"https:\/\/www.coflaspalmas.es\/fr\/wp-json\/wp\/v2\/users\/11"}],"replies":[{"embeddable":true,"href":"https:\/\/www.coflaspalmas.es\/fr\/wp-json\/wp\/v2\/comments?post=26047478"}],"version-history":[{"count":2,"href":"https:\/\/www.coflaspalmas.es\/fr\/wp-json\/wp\/v2\/posts\/26047478\/revisions"}],"predecessor-version":[{"id":26048271,"href":"https:\/\/www.coflaspalmas.es\/fr\/wp-json\/wp\/v2\/posts\/26047478\/revisions\/26048271"}],"wp:featuredmedia":[{"embeddable":true,"href":"https:\/\/www.coflaspalmas.es\/fr\/wp-json\/wp\/v2\/media\/26047479"}],"wp:attachment":[{"href":"https:\/\/www.coflaspalmas.es\/fr\/wp-json\/wp\/v2\/media?parent=26047478"}],"wp:term":[{"taxonomy":"category","embeddable":true,"href":"https:\/\/www.coflaspalmas.es\/fr\/wp-json\/wp\/v2\/categories?post=26047478"},{"taxonomy":"post_tag","embeddable":true,"href":"https:\/\/www.coflaspalmas.es\/fr\/wp-json\/wp\/v2\/tags?post=26047478"}],"curies":[{"name":"wp","href":"https:\/\/api.w.org\/{rel}","templated":true}]}}