{"id":26048155,"date":"2026-03-11T13:26:05","date_gmt":"2026-03-11T12:26:05","guid":{"rendered":"https:\/\/www.coflaspalmas.es\/?p=26048155"},"modified":"2026-03-18T18:09:48","modified_gmt":"2026-03-18T17:09:48","slug":"la-sanidad-canaria-avanza-hacia-un-nuevo-paradigma-con-mayor-liderazgo-femenino-en-la-gestion","status":"publish","type":"post","link":"https:\/\/www.coflaspalmas.es\/fr\/la-sanidad-canaria-avanza-hacia-un-nuevo-paradigma-con-mayor-liderazgo-femenino-en-la-gestion\/","title":{"rendered":"La sant\u00e9 canarienne progresse vers un nouveau paradigme avec un plus grand leadership f\u00e9minin dans la gestion"},"content":{"rendered":"<p align=\"justify\"><span style=\"font-family: Karla, monospace;\"><span style=\"font-size: small;\"><b>Las Palmas de G.C. \u2013 06\/03\/2025.<\/b><\/span> Les professions de la sant\u00e9 comptent depuis des ann\u00e9es une majorit\u00e9 significative de femmes parmi leurs professionnels. Cependant, jusqu'\u00e0 une \u00e9poque relativement r\u00e9cente, les ordres professionnels et les organes de gestion de l'administration \u00e9taient majoritairement occup\u00e9s par des hommes. Les changements sociaux et la revendication croissante du r\u00f4le des femmes ont impuls\u00e9 un changement de paradigme dans le secteur de la sant\u00e9.<\/span><\/p>\n<p align=\"justify\"><span style=\"font-family: Karla, monospace;\">Actuellement, les Canaries refl\u00e8tent cette transformation avec la pr\u00e9sence d'une conseill\u00e8re \u00e0 la Sant\u00e9 et, dans la province de Las Palmas, avec une majorit\u00e9 de femmes pr\u00e9sidentes \u00e0 la t\u00eate des coll\u00e8ges professionnels et de leurs conseils d'administration respectifs.<\/span><\/p>\n<p align=\"justify\">\u00a0<\/p>\n<p align=\"justify\"><span style=\"font-family: Karla, monospace;\"><img loading=\"lazy\" decoding=\"async\" class=\"wp-image-26048157 alignleft\" src=\"https:\/\/www.coflaspalmas.es\/wp-content\/uploads\/2026\/03\/Mesa-Redonda-Dia-Internacional-de-la-Mujer-06032026-11-RRSS.jpg\" alt=\"\" width=\"502\" height=\"334\" \/>Le d\u00e9bat, anim\u00e9 par la journaliste Bego\u00f1a Vera, a mis en \u00e9vidence comment la vision traditionnelle de la femme comme aidante influence \u00e9galement la fa\u00e7on d'aborder la gestion sanitaire. Comme il a \u00e9t\u00e9 expos\u00e9 lors de la table ronde, l'exp\u00e9rience et la perspective f\u00e9minine apportent une mani\u00e8re diff\u00e9rente de diriger, avec une plus grande attention aux besoins sociaux et aux valeurs, sans laisser de c\u00f4t\u00e9 la durabilit\u00e9 \u00e9conomique.<\/span><\/p>\n<p align=\"justify\"><span style=\"font-family: Karla, monospace;\">Les donn\u00e9es refl\u00e8tent clairement le poids des femmes dans le secteur : 90 s ergoth\u00e9rapeutes sont des femmes, tout comme 84 % en soins infirmiers et 72 % en pharmacie, tandis que dans la m\u00e9decine, le chiffre approche d\u00e9j\u00e0 60 %. Ces chiffres montrent que la sant\u00e9 a aujourd'hui un visage r\u00e9solument f\u00e9minin, une tendance qui devrait s'intensifier \u00e0 l'avenir si l'on tient compte de la forte pr\u00e9sence de femmes parmi les \u00e9tudiants qui suivent actuellement des \u00e9tudes de sant\u00e9.<\/span><\/p>\n<p align=\"justify\"><span style=\"font-family: Karla, monospace;\">Lors de la rencontre, la n\u00e9cessit\u00e9 de continuer \u00e0 progresser dans l'int\u00e9gration des jeunes femmes \u00e0 des postes \u00e0 responsabilit\u00e9 a \u00e9galement \u00e9t\u00e9 soulign\u00e9e. \u00c0 cet \u00e9gard, l'importance de cr\u00e9er des opportunit\u00e9s et des mod\u00e8les qui permettent de d\u00e9passer les r\u00f4les traditionnels qui limitent encore le d\u00e9veloppement professionnel de nombreuses femmes, li\u00e9s aux soins familiaux ou domestiques, a \u00e9t\u00e9 mise en \u00e9vidence.<\/span><\/p>\n<p align=\"justify\"><span style=\"font-family: Karla, monospace;\">Par ailleurs, le r\u00f4le du langage dans la visibilisation des femmes dans le secteur de la sant\u00e9 a \u00e9t\u00e9 abord\u00e9. \u201c Si le visage interne de la sant\u00e9 est f\u00e9minin, pourquoi le visage public reste-t-il masculin ? \u201d, a demand\u00e9 Rita Mendoza lors du d\u00e9bat.<\/span><\/p>\n<p align=\"justify\"><span style=\"font-family: Karla, monospace;\">De son c\u00f4t\u00e9, Elizabeth Hern\u00e1ndez a soulign\u00e9 que \u201c de nombreuses batailles restent \u00e0 livrer et il faut savoir les choisir \u201d, tandis que Loreto G\u00f3mez a reconnu que \u201c c'est un dossier que nous devrons aborder t\u00f4t ou tard \u201d, en r\u00e9f\u00e9rence au d\u00e9bat qui se poursuit \u00e9galement au Conseil G\u00e9n\u00e9ral.<\/span><\/p>\n<p align=\"justify\"><span style=\"font-family: Karla, monospace;\">Dans son discours d'ouverture, la conseill\u00e8re \u00e0 la sant\u00e9, Esther Monz\u00f3n, a f\u00e9licit\u00e9 l'organisation pour son initiative et a soulign\u00e9 l'importance de reconna\u00eetre le r\u00f4le des femmes et de promouvoir leur pr\u00e9sence dans les espaces de gestion et de prise de d\u00e9cision dans le domaine de la sant\u00e9, tant aux Canaries qu'au niveau national.<\/span><\/p>\n<p align=\"justify\"><img loading=\"lazy\" decoding=\"async\" class=\"alignnone  wp-image-26048163\" src=\"https:\/\/www.coflaspalmas.es\/wp-content\/uploads\/2026\/03\/Mesa-Redonda-Dia-Internacional-de-la-Mujer-06032026-18-RRSS-300x200.jpg\" alt=\"\" width=\"158\" height=\"106\" \/> <img loading=\"lazy\" decoding=\"async\" class=\"alignnone  wp-image-26048162\" src=\"https:\/\/www.coflaspalmas.es\/wp-content\/uploads\/2026\/03\/Mesa-Redonda-Dia-Internacional-de-la-Mujer-06032026-17-RRSS-300x200.jpg\" alt=\"\" width=\"160\" height=\"106\" \/> <img loading=\"lazy\" decoding=\"async\" class=\"alignnone  wp-image-26048161\" src=\"https:\/\/www.coflaspalmas.es\/wp-content\/uploads\/2026\/03\/Mesa-Redonda-Dia-Internacional-de-la-Mujer-06032026-16-RRSS-300x200.jpg\" alt=\"\" width=\"161\" height=\"107\" \/> <img loading=\"lazy\" decoding=\"async\" class=\"alignnone  wp-image-26048160\" src=\"https:\/\/www.coflaspalmas.es\/wp-content\/uploads\/2026\/03\/Mesa-Redonda-Dia-Internacional-de-la-Mujer-06032026-15-RRSS-300x200.jpg\" alt=\"\" width=\"161\" height=\"108\" \/> <img loading=\"lazy\" decoding=\"async\" class=\"alignnone  wp-image-26048159\" src=\"https:\/\/www.coflaspalmas.es\/wp-content\/uploads\/2026\/03\/Mesa-Redonda-Dia-Internacional-de-la-Mujer-06032026-4-RRSS-300x200.jpg\" alt=\"\" width=\"160\" height=\"106\" \/><\/p>\n<p align=\"justify\"><img loading=\"lazy\" decoding=\"async\" class=\"alignnone size-full wp-image-26048158\" src=\"https:\/\/www.coflaspalmas.es\/wp-content\/uploads\/2026\/03\/Mesa-Redonda-Dia-Internacional-de-la-Mujer-06032026-21-RRSS.jpg\" alt=\"\" width=\"984\" height=\"654\" srcset=\"https:\/\/www.coflaspalmas.es\/wp-content\/uploads\/2026\/03\/Mesa-Redonda-Dia-Internacional-de-la-Mujer-06032026-21-RRSS.jpg 984w, https:\/\/www.coflaspalmas.es\/wp-content\/uploads\/2026\/03\/Mesa-Redonda-Dia-Internacional-de-la-Mujer-06032026-21-RRSS-980x651.jpg 980w, https:\/\/www.coflaspalmas.es\/wp-content\/uploads\/2026\/03\/Mesa-Redonda-Dia-Internacional-de-la-Mujer-06032026-21-RRSS-480x319.jpg 480w\" sizes=\"(min-width: 0px) and (max-width: 480px) 480px, (min-width: 481px) and (max-width: 980px) 980px, (min-width: 981px) 984px, 100vw\" \/><\/p>\n<p align=\"justify\">\u00a0<\/p>","protected":false},"excerpt":{"rendered":"<p>Las Palmas de G.C. \u2013 06\/03\/2025. Las profesiones sanitarias llevan a\u00f1os contando con una mayor\u00eda significativa de mujeres entre sus profesionales. Sin embargo, hasta hace relativamente poco, los colegios profesionales y los \u00f3rganos gestores de la Administraci\u00f3n estaban ocupados mayoritariamente por hombres. Los cambios sociales y la creciente reivindicaci\u00f3n del papel de la mujer han [&hellip;]<\/p>\n","protected":false},"author":694,"featured_media":26048156,"comment_status":"closed","ping_status":"closed","sticky":false,"template":"","format":"standard","meta":{"_et_pb_use_builder":"off","_et_pb_old_content":"","_et_gb_content_width":"","footnotes":""},"categories":[369,11],"tags":[630,629],"class_list":["post-26048155","post","type-post","status-publish","format-standard","has-post-thumbnail","hentry","category-boletin-2026","category-noticias","tag-dia-de-la-mujer","tag-mesa-redonda"],"yoast_head":"<!-- This site is optimized with the Yoast SEO plugin v24.7 - https:\/\/yoast.com\/wordpress\/plugins\/seo\/ -->\n<title>La sanidad canaria avanza hacia un nuevo paradigma con mayor liderazgo femenino en la gesti\u00f3n - COFLP<\/title>\n<meta name=\"robots\" content=\"index, follow, max-snippet:-1, max-image-preview:large, max-video-preview:-1\" \/>\n<link rel=\"canonical\" href=\"https:\/\/www.coflaspalmas.es\/fr\/la-sanidad-canaria-avanza-hacia-un-nuevo-paradigma-con-mayor-liderazgo-femenino-en-la-gestion\/\" \/>\n<meta property=\"og:locale\" content=\"fr_FR\" \/>\n<meta property=\"og:type\" content=\"article\" \/>\n<meta property=\"og:title\" content=\"La sanidad canaria avanza hacia un nuevo paradigma con mayor liderazgo femenino en la gesti\u00f3n - COFLP\" \/>\n<meta property=\"og:description\" content=\"Las Palmas de G.C. \u2013 06\/03\/2025. Las profesiones sanitarias llevan a\u00f1os contando con una mayor\u00eda significativa de mujeres entre sus profesionales. Sin embargo, hasta hace relativamente poco, los colegios profesionales y los \u00f3rganos gestores de la Administraci\u00f3n estaban ocupados mayoritariamente por hombres. Los cambios sociales y la creciente reivindicaci\u00f3n del papel de la mujer han [&hellip;]\" \/>\n<meta property=\"og:url\" content=\"https:\/\/www.coflaspalmas.es\/fr\/la-sanidad-canaria-avanza-hacia-un-nuevo-paradigma-con-mayor-liderazgo-femenino-en-la-gestion\/\" \/>\n<meta property=\"og:site_name\" content=\"COFLP\" \/>\n<meta property=\"article:published_time\" content=\"2026-03-11T12:26:05+00:00\" \/>\n<meta property=\"article:modified_time\" content=\"2026-03-18T17:09:48+00:00\" \/>\n<meta property=\"og:image\" content=\"https:\/\/www.coflaspalmas.es\/wp-content\/uploads\/2026\/03\/Mesa-Redonda-Dia-Internacional-de-la-Mujer-06032026-5-RRSS.jpg?wsr\" \/>\n\t<meta property=\"og:image:width\" content=\"984\" \/>\n\t<meta property=\"og:image:height\" content=\"654\" \/>\n\t<meta property=\"og:image:type\" content=\"image\/jpeg\" \/>\n<meta name=\"author\" content=\"Yiyo\" \/>\n<meta name=\"twitter:card\" content=\"summary_large_image\" \/>\n<meta name=\"twitter:label1\" content=\"\u00c9crit par\" \/>\n\t<meta name=\"twitter:data1\" content=\"Yiyo\" \/>\n\t<meta name=\"twitter:label2\" content=\"Dur\u00e9e de lecture estim\u00e9e\" \/>\n\t<meta name=\"twitter:data2\" content=\"4 minutes\" \/>\n<script type=\"application\/ld+json\" class=\"yoast-schema-graph\">{\"@context\":\"https:\/\/schema.org\",\"@graph\":[{\"@type\":\"WebPage\",\"@id\":\"https:\/\/www.coflaspalmas.es\/la-sanidad-canaria-avanza-hacia-un-nuevo-paradigma-con-mayor-liderazgo-femenino-en-la-gestion\/\",\"url\":\"https:\/\/www.coflaspalmas.es\/la-sanidad-canaria-avanza-hacia-un-nuevo-paradigma-con-mayor-liderazgo-femenino-en-la-gestion\/\",\"name\":\"La sanidad canaria avanza hacia un nuevo paradigma con mayor liderazgo femenino en la gesti\u00f3n - COFLP\",\"isPartOf\":{\"@id\":\"https:\/\/www.coflaspalmas.es\/#website\"},\"primaryImageOfPage\":{\"@id\":\"https:\/\/www.coflaspalmas.es\/la-sanidad-canaria-avanza-hacia-un-nuevo-paradigma-con-mayor-liderazgo-femenino-en-la-gestion\/#primaryimage\"},\"image\":{\"@id\":\"https:\/\/www.coflaspalmas.es\/la-sanidad-canaria-avanza-hacia-un-nuevo-paradigma-con-mayor-liderazgo-femenino-en-la-gestion\/#primaryimage\"},\"thumbnailUrl\":\"https:\/\/www.coflaspalmas.es\/wp-content\/uploads\/2026\/03\/Mesa-Redonda-Dia-Internacional-de-la-Mujer-06032026-5-RRSS.jpg?wsr\",\"datePublished\":\"2026-03-11T12:26:05+00:00\",\"dateModified\":\"2026-03-18T17:09:48+00:00\",\"author\":{\"@id\":\"https:\/\/www.coflaspalmas.es\/#\/schema\/person\/406f00d3e51fc959b0d9bbfbcf8b502a\"},\"breadcrumb\":{\"@id\":\"https:\/\/www.coflaspalmas.es\/la-sanidad-canaria-avanza-hacia-un-nuevo-paradigma-con-mayor-liderazgo-femenino-en-la-gestion\/#breadcrumb\"},\"inLanguage\":\"fr-FR\",\"potentialAction\":[{\"@type\":\"ReadAction\",\"target\":[\"https:\/\/www.coflaspalmas.es\/la-sanidad-canaria-avanza-hacia-un-nuevo-paradigma-con-mayor-liderazgo-femenino-en-la-gestion\/\"]}]},{\"@type\":\"ImageObject\",\"inLanguage\":\"fr-FR\",\"@id\":\"https:\/\/www.coflaspalmas.es\/la-sanidad-canaria-avanza-hacia-un-nuevo-paradigma-con-mayor-liderazgo-femenino-en-la-gestion\/#primaryimage\",\"url\":\"https:\/\/www.coflaspalmas.es\/wp-content\/uploads\/2026\/03\/Mesa-Redonda-Dia-Internacional-de-la-Mujer-06032026-5-RRSS.jpg?wsr\",\"contentUrl\":\"https:\/\/www.coflaspalmas.es\/wp-content\/uploads\/2026\/03\/Mesa-Redonda-Dia-Internacional-de-la-Mujer-06032026-5-RRSS.jpg?wsr\",\"width\":984,\"height\":654},{\"@type\":\"BreadcrumbList\",\"@id\":\"https:\/\/www.coflaspalmas.es\/la-sanidad-canaria-avanza-hacia-un-nuevo-paradigma-con-mayor-liderazgo-femenino-en-la-gestion\/#breadcrumb\",\"itemListElement\":[{\"@type\":\"ListItem\",\"position\":1,\"name\":\"Portada\",\"item\":\"https:\/\/www.coflaspalmas.es\/\"},{\"@type\":\"ListItem\",\"position\":2,\"name\":\"La sanidad canaria avanza hacia un nuevo paradigma con mayor liderazgo femenino en la gesti\u00f3n\"}]},{\"@type\":\"WebSite\",\"@id\":\"https:\/\/www.coflaspalmas.es\/#website\",\"url\":\"https:\/\/www.coflaspalmas.es\/\",\"name\":\"COF Las Palmas\",\"description\":\"Colegio de Farmac\u00e9uticos Las Palmas.\",\"potentialAction\":[{\"@type\":\"SearchAction\",\"target\":{\"@type\":\"EntryPoint\",\"urlTemplate\":\"https:\/\/www.coflaspalmas.es\/?s={search_term_string}\"},\"query-input\":{\"@type\":\"PropertyValueSpecification\",\"valueRequired\":true,\"valueName\":\"search_term_string\"}}],\"inLanguage\":\"fr-FR\"},{\"@type\":\"Person\",\"@id\":\"https:\/\/www.coflaspalmas.es\/#\/schema\/person\/406f00d3e51fc959b0d9bbfbcf8b502a\",\"name\":\"Yiyo\",\"image\":{\"@type\":\"ImageObject\",\"inLanguage\":\"fr-FR\",\"@id\":\"https:\/\/www.coflaspalmas.es\/#\/schema\/person\/image\/\",\"url\":\"https:\/\/secure.gravatar.com\/avatar\/a2cf0e08880f7bad13657b9b621d7d6e61e5ba091b0375533bf9fd2a33300e6b?s=96&d=mm&r=g\",\"contentUrl\":\"https:\/\/secure.gravatar.com\/avatar\/a2cf0e08880f7bad13657b9b621d7d6e61e5ba091b0375533bf9fd2a33300e6b?s=96&d=mm&r=g\",\"caption\":\"Yiyo\"},\"url\":\"https:\/\/www.coflaspalmas.es\/fr\/author\/yiyo\/\"}]}<\/script>\n<!-- \/ Yoast SEO plugin. -->","yoast_head_json":{"title":"La sanidad canaria avanza hacia un nuevo paradigma con mayor liderazgo femenino en la gesti\u00f3n - COFLP","robots":{"index":"index","follow":"follow","max-snippet":"max-snippet:-1","max-image-preview":"max-image-preview:large","max-video-preview":"max-video-preview:-1"},"canonical":"https:\/\/www.coflaspalmas.es\/fr\/la-sanidad-canaria-avanza-hacia-un-nuevo-paradigma-con-mayor-liderazgo-femenino-en-la-gestion\/","og_locale":"fr_FR","og_type":"article","og_title":"La sanidad canaria avanza hacia un nuevo paradigma con mayor liderazgo femenino en la gesti\u00f3n - COFLP","og_description":"Las Palmas de G.C. \u2013 06\/03\/2025. Las profesiones sanitarias llevan a\u00f1os contando con una mayor\u00eda significativa de mujeres entre sus profesionales. Sin embargo, hasta hace relativamente poco, los colegios profesionales y los \u00f3rganos gestores de la Administraci\u00f3n estaban ocupados mayoritariamente por hombres. Los cambios sociales y la creciente reivindicaci\u00f3n del papel de la mujer han [&hellip;]","og_url":"https:\/\/www.coflaspalmas.es\/fr\/la-sanidad-canaria-avanza-hacia-un-nuevo-paradigma-con-mayor-liderazgo-femenino-en-la-gestion\/","og_site_name":"COFLP","article_published_time":"2026-03-11T12:26:05+00:00","article_modified_time":"2026-03-18T17:09:48+00:00","og_image":[{"width":984,"height":654,"url":"https:\/\/www.coflaspalmas.es\/wp-content\/uploads\/2026\/03\/Mesa-Redonda-Dia-Internacional-de-la-Mujer-06032026-5-RRSS.jpg?wsr","type":"image\/jpeg"}],"author":"Yiyo","twitter_card":"summary_large_image","twitter_misc":{"\u00c9crit par":"Yiyo","Dur\u00e9e de lecture estim\u00e9e":"4 minutes"},"schema":{"@context":"https:\/\/schema.org","@graph":[{"@type":"WebPage","@id":"https:\/\/www.coflaspalmas.es\/la-sanidad-canaria-avanza-hacia-un-nuevo-paradigma-con-mayor-liderazgo-femenino-en-la-gestion\/","url":"https:\/\/www.coflaspalmas.es\/la-sanidad-canaria-avanza-hacia-un-nuevo-paradigma-con-mayor-liderazgo-femenino-en-la-gestion\/","name":"La sanidad canaria avanza hacia un nuevo paradigma con mayor liderazgo femenino en la gesti\u00f3n - COFLP","isPartOf":{"@id":"https:\/\/www.coflaspalmas.es\/#website"},"primaryImageOfPage":{"@id":"https:\/\/www.coflaspalmas.es\/la-sanidad-canaria-avanza-hacia-un-nuevo-paradigma-con-mayor-liderazgo-femenino-en-la-gestion\/#primaryimage"},"image":{"@id":"https:\/\/www.coflaspalmas.es\/la-sanidad-canaria-avanza-hacia-un-nuevo-paradigma-con-mayor-liderazgo-femenino-en-la-gestion\/#primaryimage"},"thumbnailUrl":"https:\/\/www.coflaspalmas.es\/wp-content\/uploads\/2026\/03\/Mesa-Redonda-Dia-Internacional-de-la-Mujer-06032026-5-RRSS.jpg?wsr","datePublished":"2026-03-11T12:26:05+00:00","dateModified":"2026-03-18T17:09:48+00:00","author":{"@id":"https:\/\/www.coflaspalmas.es\/#\/schema\/person\/406f00d3e51fc959b0d9bbfbcf8b502a"},"breadcrumb":{"@id":"https:\/\/www.coflaspalmas.es\/la-sanidad-canaria-avanza-hacia-un-nuevo-paradigma-con-mayor-liderazgo-femenino-en-la-gestion\/#breadcrumb"},"inLanguage":"fr-FR","potentialAction":[{"@type":"ReadAction","target":["https:\/\/www.coflaspalmas.es\/la-sanidad-canaria-avanza-hacia-un-nuevo-paradigma-con-mayor-liderazgo-femenino-en-la-gestion\/"]}]},{"@type":"ImageObject","inLanguage":"fr-FR","@id":"https:\/\/www.coflaspalmas.es\/la-sanidad-canaria-avanza-hacia-un-nuevo-paradigma-con-mayor-liderazgo-femenino-en-la-gestion\/#primaryimage","url":"https:\/\/www.coflaspalmas.es\/wp-content\/uploads\/2026\/03\/Mesa-Redonda-Dia-Internacional-de-la-Mujer-06032026-5-RRSS.jpg?wsr","contentUrl":"https:\/\/www.coflaspalmas.es\/wp-content\/uploads\/2026\/03\/Mesa-Redonda-Dia-Internacional-de-la-Mujer-06032026-5-RRSS.jpg?wsr","width":984,"height":654},{"@type":"BreadcrumbList","@id":"https:\/\/www.coflaspalmas.es\/la-sanidad-canaria-avanza-hacia-un-nuevo-paradigma-con-mayor-liderazgo-femenino-en-la-gestion\/#breadcrumb","itemListElement":[{"@type":"ListItem","position":1,"name":"Portada","item":"https:\/\/www.coflaspalmas.es\/"},{"@type":"ListItem","position":2,"name":"La sanidad canaria avanza hacia un nuevo paradigma con mayor liderazgo femenino en la gesti\u00f3n"}]},{"@type":"WebSite","@id":"https:\/\/www.coflaspalmas.es\/#website","url":"https:\/\/www.coflaspalmas.es\/","name":"COF Las Palmas","description":"Colegio de Farmac\u00e9uticos Las Palmas.","potentialAction":[{"@type":"SearchAction","target":{"@type":"EntryPoint","urlTemplate":"https:\/\/www.coflaspalmas.es\/?s={search_term_string}"},"query-input":{"@type":"PropertyValueSpecification","valueRequired":true,"valueName":"search_term_string"}}],"inLanguage":"fr-FR"},{"@type":"Person","@id":"https:\/\/www.coflaspalmas.es\/#\/schema\/person\/406f00d3e51fc959b0d9bbfbcf8b502a","name":"Yiyo","image":{"@type":"ImageObject","inLanguage":"fr-FR","@id":"https:\/\/www.coflaspalmas.es\/#\/schema\/person\/image\/","url":"https:\/\/secure.gravatar.com\/avatar\/a2cf0e08880f7bad13657b9b621d7d6e61e5ba091b0375533bf9fd2a33300e6b?s=96&d=mm&r=g","contentUrl":"https:\/\/secure.gravatar.com\/avatar\/a2cf0e08880f7bad13657b9b621d7d6e61e5ba091b0375533bf9fd2a33300e6b?s=96&d=mm&r=g","caption":"Yiyo"},"url":"https:\/\/www.coflaspalmas.es\/fr\/author\/yiyo\/"}]}},"_links":{"self":[{"href":"https:\/\/www.coflaspalmas.es\/fr\/wp-json\/wp\/v2\/posts\/26048155","targetHints":{"allow":["GET"]}}],"collection":[{"href":"https:\/\/www.coflaspalmas.es\/fr\/wp-json\/wp\/v2\/posts"}],"about":[{"href":"https:\/\/www.coflaspalmas.es\/fr\/wp-json\/wp\/v2\/types\/post"}],"author":[{"embeddable":true,"href":"https:\/\/www.coflaspalmas.es\/fr\/wp-json\/wp\/v2\/users\/694"}],"replies":[{"embeddable":true,"href":"https:\/\/www.coflaspalmas.es\/fr\/wp-json\/wp\/v2\/comments?post=26048155"}],"version-history":[{"count":2,"href":"https:\/\/www.coflaspalmas.es\/fr\/wp-json\/wp\/v2\/posts\/26048155\/revisions"}],"predecessor-version":[{"id":26053004,"href":"https:\/\/www.coflaspalmas.es\/fr\/wp-json\/wp\/v2\/posts\/26048155\/revisions\/26053004"}],"wp:featuredmedia":[{"embeddable":true,"href":"https:\/\/www.coflaspalmas.es\/fr\/wp-json\/wp\/v2\/media\/26048156"}],"wp:attachment":[{"href":"https:\/\/www.coflaspalmas.es\/fr\/wp-json\/wp\/v2\/media?parent=26048155"}],"wp:term":[{"taxonomy":"category","embeddable":true,"href":"https:\/\/www.coflaspalmas.es\/fr\/wp-json\/wp\/v2\/categories?post=26048155"},{"taxonomy":"post_tag","embeddable":true,"href":"https:\/\/www.coflaspalmas.es\/fr\/wp-json\/wp\/v2\/tags?post=26048155"}],"curies":[{"name":"wp","href":"https:\/\/api.w.org\/{rel}","templated":true}]}}