{"id":26057043,"date":"2026-04-23T19:17:53","date_gmt":"2026-04-23T17:17:53","guid":{"rendered":"https:\/\/www.coflaspalmas.es\/?p=26057043"},"modified":"2026-04-23T19:18:03","modified_gmt":"2026-04-23T17:18:03","slug":"la-junta-general-aprueba-las-cuentas-y-la-memoria-de-2025-por-unanimidad","status":"publish","type":"post","link":"https:\/\/www.coflaspalmas.es\/fr\/la-junta-general-aprueba-las-cuentas-y-la-memoria-de-2025-por-unanimidad\/","title":{"rendered":"La Junta General aprueba las cuentas y la memoria de 2025 por unanimidad"},"content":{"rendered":"<div class=\"wp-block-group is-nowrap is-layout-flex wp-container-core-group-is-layout-ad2f72ca wp-block-group-is-layout-flex\">\n<figure class=\"wp-block-image size-large\"><img loading=\"lazy\" decoding=\"async\" width=\"1024\" height=\"682\" src=\"https:\/\/www.coflaspalmas.es\/wp-content\/uploads\/2026\/04\/Junta-General-23042026-3-RRSS-1024x682.jpg?wsr\" alt=\"\" class=\"wp-image-26057048\" srcset=\"https:\/\/www.coflaspalmas.es\/wp-content\/uploads\/2026\/04\/Junta-General-23042026-3-RRSS-1024x682.jpg 1024w, https:\/\/www.coflaspalmas.es\/wp-content\/uploads\/2026\/04\/Junta-General-23042026-3-RRSS-980x653.jpg 980w, https:\/\/www.coflaspalmas.es\/wp-content\/uploads\/2026\/04\/Junta-General-23042026-3-RRSS-480x320.jpg 480w\" sizes=\"(min-width: 0px) and (max-width: 480px) 480px, (min-width: 481px) and (max-width: 980px) 980px, (min-width: 981px) 1024px, 100vw\" \/><\/figure>\n\n\n\n<p>La Junta de Gobierno del Colegio Oficial de Farmac\u00e9uticos de Las Palmas aprob\u00f3 por unanimidad todos los puntos del d\u00eda que se llevaron hoy a la misma, entre ellos, las cuentas del pasado a\u00f1o, la memoria de actividades de 2025 y los nuevos reglamentos de r\u00e9gimen interno por los que se regir\u00e1 la instituci\u00f3n. La presidenta, Loreto G\u00f3mez, habl\u00f3 tambi\u00e9n de diversos asuntos de inter\u00e9s, como la intervenci\u00f3n del presidente del CGCOF, Jes\u00fas Aguilar, ante la Subcomisi\u00f3n de Sanidad sobre el estado de la profesi\u00f3n veterinaria del Congreso para explicar la realidad de los medicamentos veterinarios; o las diferentes formaciones que se van a llevar a cabo los pr\u00f3ximos a\u00f1os.<\/p>\n<p>En cuanto a las cuentas, el tesorero, Tom\u00e1s Valido, quiso destacar la m\u00ednima desviaci\u00f3n que gastos e ingresos han tenido sobre lo presupuestado, a penas un 0,36 % en gastos y 1,9 % en ingresos, y se ha obtenido un super\u00e1vit de 45 021 euros. \u00abEsta situaci\u00f3n no es por casualidad sino por causalidad, por el seguimiento permanente y las decisiones adoptadas en cada momento y con cada gasto\u00bb.<\/p>\n<p>Julia Machado, responsable del documento <em>Memoria 2025<\/em>, se\u00f1al\u00f3 que \u00abaunque sea un documento sencillo y muy di\u00e1fano en una primera impresi\u00f3n, hemos aprovechado las posibilidades que nos brinda la tecnolog\u00eda para que, a trav\u00e9s de enlaces, se pueda acceder a toda la informaci\u00f3n que sea necesaria, pudiendo profundizar en lo que se ha hecho tanto como se necesite a trav\u00e9s de un link\u00bb.<\/p>\n<p>Sobre el Reglamento de R\u00e9gimen Interno del COFLP, Loreto G\u00f3mez proyect\u00f3 la importancia de los mismos, \u00abya que se trata de las normas b\u00e1sicas por las que nos vamos a regir\u00bb, insistiendo en la importancia de que todos los colegiados las conozcan.<\/p>\n<p>La junta pudo ser seguida por videoconferencia y presencialmente, y todos los puntos fueron aprobados por unanimidad.<\/p>\n<\/div>","protected":false},"excerpt":{"rendered":"<p>La Junta de Gobierno del Colegio Oficial de Farmac\u00e9uticos de Las Palmas aprob\u00f3 por unanimidad todos los puntos del d\u00eda que se llevaron hoy a la misma, entre ellos, las cuentas del pasado a\u00f1o, la memoria de actividades de 2025 y los nuevos reglamentos de r\u00e9gimen interno por los que se regir\u00e1 la instituci\u00f3n. La [&hellip;]<\/p>\n","protected":false},"author":694,"featured_media":26057047,"comment_status":"closed","ping_status":"closed","sticky":false,"template":"","format":"standard","meta":{"_et_pb_use_builder":"off","_et_pb_old_content":"","_et_gb_content_width":"","footnotes":""},"categories":[369],"tags":[],"class_list":["post-26057043","post","type-post","status-publish","format-standard","has-post-thumbnail","hentry","category-boletin-2026"],"yoast_head":"<!-- This site is optimized with the Yoast SEO plugin v24.7 - https:\/\/yoast.com\/wordpress\/plugins\/seo\/ -->\n<title>La Junta General aprueba las cuentas y la memoria de 2025 por unanimidad - COFLP<\/title>\n<meta name=\"robots\" content=\"index, follow, max-snippet:-1, max-image-preview:large, max-video-preview:-1\" \/>\n<link rel=\"canonical\" href=\"https:\/\/www.coflaspalmas.es\/fr\/la-junta-general-aprueba-las-cuentas-y-la-memoria-de-2025-por-unanimidad\/\" \/>\n<meta property=\"og:locale\" content=\"fr_FR\" \/>\n<meta property=\"og:type\" content=\"article\" \/>\n<meta property=\"og:title\" content=\"La Junta General aprueba las cuentas y la memoria de 2025 por unanimidad - COFLP\" \/>\n<meta property=\"og:description\" content=\"La Junta de Gobierno del Colegio Oficial de Farmac\u00e9uticos de Las Palmas aprob\u00f3 por unanimidad todos los puntos del d\u00eda que se llevaron hoy a la misma, entre ellos, las cuentas del pasado a\u00f1o, la memoria de actividades de 2025 y los nuevos reglamentos de r\u00e9gimen interno por los que se regir\u00e1 la instituci\u00f3n. La [&hellip;]\" \/>\n<meta property=\"og:url\" content=\"https:\/\/www.coflaspalmas.es\/fr\/la-junta-general-aprueba-las-cuentas-y-la-memoria-de-2025-por-unanimidad\/\" \/>\n<meta property=\"og:site_name\" content=\"COFLP\" \/>\n<meta property=\"article:published_time\" content=\"2026-04-23T17:17:53+00:00\" \/>\n<meta property=\"article:modified_time\" content=\"2026-04-23T17:18:03+00:00\" \/>\n<meta property=\"og:image\" content=\"https:\/\/www.coflaspalmas.es\/wp-content\/uploads\/2026\/04\/Junta-General-23042026-2-RRSS.jpg?wsr\" \/>\n\t<meta property=\"og:image:width\" content=\"1181\" \/>\n\t<meta property=\"og:image:height\" content=\"787\" \/>\n\t<meta property=\"og:image:type\" content=\"image\/jpeg\" \/>\n<meta name=\"author\" content=\"Yiyo\" \/>\n<meta name=\"twitter:card\" content=\"summary_large_image\" \/>\n<meta name=\"twitter:label1\" content=\"\u00c9crit par\" \/>\n\t<meta name=\"twitter:data1\" content=\"Yiyo\" \/>\n\t<meta name=\"twitter:label2\" content=\"Dur\u00e9e de lecture estim\u00e9e\" \/>\n\t<meta name=\"twitter:data2\" content=\"2 minutes\" \/>\n<script type=\"application\/ld+json\" class=\"yoast-schema-graph\">{\"@context\":\"https:\/\/schema.org\",\"@graph\":[{\"@type\":\"WebPage\",\"@id\":\"https:\/\/www.coflaspalmas.es\/la-junta-general-aprueba-las-cuentas-y-la-memoria-de-2025-por-unanimidad\/\",\"url\":\"https:\/\/www.coflaspalmas.es\/la-junta-general-aprueba-las-cuentas-y-la-memoria-de-2025-por-unanimidad\/\",\"name\":\"La Junta General aprueba las cuentas y la memoria de 2025 por unanimidad - COFLP\",\"isPartOf\":{\"@id\":\"https:\/\/www.coflaspalmas.es\/#website\"},\"primaryImageOfPage\":{\"@id\":\"https:\/\/www.coflaspalmas.es\/la-junta-general-aprueba-las-cuentas-y-la-memoria-de-2025-por-unanimidad\/#primaryimage\"},\"image\":{\"@id\":\"https:\/\/www.coflaspalmas.es\/la-junta-general-aprueba-las-cuentas-y-la-memoria-de-2025-por-unanimidad\/#primaryimage\"},\"thumbnailUrl\":\"https:\/\/www.coflaspalmas.es\/wp-content\/uploads\/2026\/04\/Junta-General-23042026-2-RRSS.jpg?wsr\",\"datePublished\":\"2026-04-23T17:17:53+00:00\",\"dateModified\":\"2026-04-23T17:18:03+00:00\",\"author\":{\"@id\":\"https:\/\/www.coflaspalmas.es\/#\/schema\/person\/406f00d3e51fc959b0d9bbfbcf8b502a\"},\"breadcrumb\":{\"@id\":\"https:\/\/www.coflaspalmas.es\/la-junta-general-aprueba-las-cuentas-y-la-memoria-de-2025-por-unanimidad\/#breadcrumb\"},\"inLanguage\":\"fr-FR\",\"potentialAction\":[{\"@type\":\"ReadAction\",\"target\":[\"https:\/\/www.coflaspalmas.es\/la-junta-general-aprueba-las-cuentas-y-la-memoria-de-2025-por-unanimidad\/\"]}]},{\"@type\":\"ImageObject\",\"inLanguage\":\"fr-FR\",\"@id\":\"https:\/\/www.coflaspalmas.es\/la-junta-general-aprueba-las-cuentas-y-la-memoria-de-2025-por-unanimidad\/#primaryimage\",\"url\":\"https:\/\/www.coflaspalmas.es\/wp-content\/uploads\/2026\/04\/Junta-General-23042026-2-RRSS.jpg?wsr\",\"contentUrl\":\"https:\/\/www.coflaspalmas.es\/wp-content\/uploads\/2026\/04\/Junta-General-23042026-2-RRSS.jpg?wsr\",\"width\":1181,\"height\":787},{\"@type\":\"BreadcrumbList\",\"@id\":\"https:\/\/www.coflaspalmas.es\/la-junta-general-aprueba-las-cuentas-y-la-memoria-de-2025-por-unanimidad\/#breadcrumb\",\"itemListElement\":[{\"@type\":\"ListItem\",\"position\":1,\"name\":\"Portada\",\"item\":\"https:\/\/www.coflaspalmas.es\/\"},{\"@type\":\"ListItem\",\"position\":2,\"name\":\"La Junta General aprueba las cuentas y la memoria de 2025 por unanimidad\"}]},{\"@type\":\"WebSite\",\"@id\":\"https:\/\/www.coflaspalmas.es\/#website\",\"url\":\"https:\/\/www.coflaspalmas.es\/\",\"name\":\"COF Las Palmas\",\"description\":\"Colegio de Farmac\u00e9uticos Las Palmas.\",\"potentialAction\":[{\"@type\":\"SearchAction\",\"target\":{\"@type\":\"EntryPoint\",\"urlTemplate\":\"https:\/\/www.coflaspalmas.es\/?s={search_term_string}\"},\"query-input\":{\"@type\":\"PropertyValueSpecification\",\"valueRequired\":true,\"valueName\":\"search_term_string\"}}],\"inLanguage\":\"fr-FR\"},{\"@type\":\"Person\",\"@id\":\"https:\/\/www.coflaspalmas.es\/#\/schema\/person\/406f00d3e51fc959b0d9bbfbcf8b502a\",\"name\":\"Yiyo\",\"image\":{\"@type\":\"ImageObject\",\"inLanguage\":\"fr-FR\",\"@id\":\"https:\/\/www.coflaspalmas.es\/#\/schema\/person\/image\/\",\"url\":\"https:\/\/secure.gravatar.com\/avatar\/a2cf0e08880f7bad13657b9b621d7d6e61e5ba091b0375533bf9fd2a33300e6b?s=96&d=mm&r=g\",\"contentUrl\":\"https:\/\/secure.gravatar.com\/avatar\/a2cf0e08880f7bad13657b9b621d7d6e61e5ba091b0375533bf9fd2a33300e6b?s=96&d=mm&r=g\",\"caption\":\"Yiyo\"},\"url\":\"https:\/\/www.coflaspalmas.es\/fr\/author\/yiyo\/\"}]}<\/script>\n<!-- \/ Yoast SEO plugin. -->","yoast_head_json":{"title":"La Junta General aprueba las cuentas y la memoria de 2025 por unanimidad - COFLP","robots":{"index":"index","follow":"follow","max-snippet":"max-snippet:-1","max-image-preview":"max-image-preview:large","max-video-preview":"max-video-preview:-1"},"canonical":"https:\/\/www.coflaspalmas.es\/fr\/la-junta-general-aprueba-las-cuentas-y-la-memoria-de-2025-por-unanimidad\/","og_locale":"fr_FR","og_type":"article","og_title":"La Junta General aprueba las cuentas y la memoria de 2025 por unanimidad - COFLP","og_description":"La Junta de Gobierno del Colegio Oficial de Farmac\u00e9uticos de Las Palmas aprob\u00f3 por unanimidad todos los puntos del d\u00eda que se llevaron hoy a la misma, entre ellos, las cuentas del pasado a\u00f1o, la memoria de actividades de 2025 y los nuevos reglamentos de r\u00e9gimen interno por los que se regir\u00e1 la instituci\u00f3n. La [&hellip;]","og_url":"https:\/\/www.coflaspalmas.es\/fr\/la-junta-general-aprueba-las-cuentas-y-la-memoria-de-2025-por-unanimidad\/","og_site_name":"COFLP","article_published_time":"2026-04-23T17:17:53+00:00","article_modified_time":"2026-04-23T17:18:03+00:00","og_image":[{"width":1181,"height":787,"url":"https:\/\/www.coflaspalmas.es\/wp-content\/uploads\/2026\/04\/Junta-General-23042026-2-RRSS.jpg?wsr","type":"image\/jpeg"}],"author":"Yiyo","twitter_card":"summary_large_image","twitter_misc":{"\u00c9crit par":"Yiyo","Dur\u00e9e de lecture estim\u00e9e":"2 minutes"},"schema":{"@context":"https:\/\/schema.org","@graph":[{"@type":"WebPage","@id":"https:\/\/www.coflaspalmas.es\/la-junta-general-aprueba-las-cuentas-y-la-memoria-de-2025-por-unanimidad\/","url":"https:\/\/www.coflaspalmas.es\/la-junta-general-aprueba-las-cuentas-y-la-memoria-de-2025-por-unanimidad\/","name":"La Junta General aprueba las cuentas y la memoria de 2025 por unanimidad - COFLP","isPartOf":{"@id":"https:\/\/www.coflaspalmas.es\/#website"},"primaryImageOfPage":{"@id":"https:\/\/www.coflaspalmas.es\/la-junta-general-aprueba-las-cuentas-y-la-memoria-de-2025-por-unanimidad\/#primaryimage"},"image":{"@id":"https:\/\/www.coflaspalmas.es\/la-junta-general-aprueba-las-cuentas-y-la-memoria-de-2025-por-unanimidad\/#primaryimage"},"thumbnailUrl":"https:\/\/www.coflaspalmas.es\/wp-content\/uploads\/2026\/04\/Junta-General-23042026-2-RRSS.jpg?wsr","datePublished":"2026-04-23T17:17:53+00:00","dateModified":"2026-04-23T17:18:03+00:00","author":{"@id":"https:\/\/www.coflaspalmas.es\/#\/schema\/person\/406f00d3e51fc959b0d9bbfbcf8b502a"},"breadcrumb":{"@id":"https:\/\/www.coflaspalmas.es\/la-junta-general-aprueba-las-cuentas-y-la-memoria-de-2025-por-unanimidad\/#breadcrumb"},"inLanguage":"fr-FR","potentialAction":[{"@type":"ReadAction","target":["https:\/\/www.coflaspalmas.es\/la-junta-general-aprueba-las-cuentas-y-la-memoria-de-2025-por-unanimidad\/"]}]},{"@type":"ImageObject","inLanguage":"fr-FR","@id":"https:\/\/www.coflaspalmas.es\/la-junta-general-aprueba-las-cuentas-y-la-memoria-de-2025-por-unanimidad\/#primaryimage","url":"https:\/\/www.coflaspalmas.es\/wp-content\/uploads\/2026\/04\/Junta-General-23042026-2-RRSS.jpg?wsr","contentUrl":"https:\/\/www.coflaspalmas.es\/wp-content\/uploads\/2026\/04\/Junta-General-23042026-2-RRSS.jpg?wsr","width":1181,"height":787},{"@type":"BreadcrumbList","@id":"https:\/\/www.coflaspalmas.es\/la-junta-general-aprueba-las-cuentas-y-la-memoria-de-2025-por-unanimidad\/#breadcrumb","itemListElement":[{"@type":"ListItem","position":1,"name":"Portada","item":"https:\/\/www.coflaspalmas.es\/"},{"@type":"ListItem","position":2,"name":"La Junta General aprueba las cuentas y la memoria de 2025 por unanimidad"}]},{"@type":"WebSite","@id":"https:\/\/www.coflaspalmas.es\/#website","url":"https:\/\/www.coflaspalmas.es\/","name":"COF Las Palmas","description":"Colegio de Farmac\u00e9uticos Las Palmas.","potentialAction":[{"@type":"SearchAction","target":{"@type":"EntryPoint","urlTemplate":"https:\/\/www.coflaspalmas.es\/?s={search_term_string}"},"query-input":{"@type":"PropertyValueSpecification","valueRequired":true,"valueName":"search_term_string"}}],"inLanguage":"fr-FR"},{"@type":"Person","@id":"https:\/\/www.coflaspalmas.es\/#\/schema\/person\/406f00d3e51fc959b0d9bbfbcf8b502a","name":"Yiyo","image":{"@type":"ImageObject","inLanguage":"fr-FR","@id":"https:\/\/www.coflaspalmas.es\/#\/schema\/person\/image\/","url":"https:\/\/secure.gravatar.com\/avatar\/a2cf0e08880f7bad13657b9b621d7d6e61e5ba091b0375533bf9fd2a33300e6b?s=96&d=mm&r=g","contentUrl":"https:\/\/secure.gravatar.com\/avatar\/a2cf0e08880f7bad13657b9b621d7d6e61e5ba091b0375533bf9fd2a33300e6b?s=96&d=mm&r=g","caption":"Yiyo"},"url":"https:\/\/www.coflaspalmas.es\/fr\/author\/yiyo\/"}]}},"_links":{"self":[{"href":"https:\/\/www.coflaspalmas.es\/fr\/wp-json\/wp\/v2\/posts\/26057043","targetHints":{"allow":["GET"]}}],"collection":[{"href":"https:\/\/www.coflaspalmas.es\/fr\/wp-json\/wp\/v2\/posts"}],"about":[{"href":"https:\/\/www.coflaspalmas.es\/fr\/wp-json\/wp\/v2\/types\/post"}],"author":[{"embeddable":true,"href":"https:\/\/www.coflaspalmas.es\/fr\/wp-json\/wp\/v2\/users\/694"}],"replies":[{"embeddable":true,"href":"https:\/\/www.coflaspalmas.es\/fr\/wp-json\/wp\/v2\/comments?post=26057043"}],"version-history":[{"count":2,"href":"https:\/\/www.coflaspalmas.es\/fr\/wp-json\/wp\/v2\/posts\/26057043\/revisions"}],"predecessor-version":[{"id":26057050,"href":"https:\/\/www.coflaspalmas.es\/fr\/wp-json\/wp\/v2\/posts\/26057043\/revisions\/26057050"}],"wp:featuredmedia":[{"embeddable":true,"href":"https:\/\/www.coflaspalmas.es\/fr\/wp-json\/wp\/v2\/media\/26057047"}],"wp:attachment":[{"href":"https:\/\/www.coflaspalmas.es\/fr\/wp-json\/wp\/v2\/media?parent=26057043"}],"wp:term":[{"taxonomy":"category","embeddable":true,"href":"https:\/\/www.coflaspalmas.es\/fr\/wp-json\/wp\/v2\/categories?post=26057043"},{"taxonomy":"post_tag","embeddable":true,"href":"https:\/\/www.coflaspalmas.es\/fr\/wp-json\/wp\/v2\/tags?post=26057043"}],"curies":[{"name":"wp","href":"https:\/\/api.w.org\/{rel}","templated":true}]}}