{"id":45376,"date":"2022-12-01T13:08:43","date_gmt":"2022-12-01T12:08:43","guid":{"rendered":"https:\/\/www.coflaspalmas.es\/?p=45376"},"modified":"2025-11-12T10:13:15","modified_gmt":"2025-11-12T09:13:15","slug":"una-sede-que-mira-al-mar-y-al-futuro","status":"publish","type":"post","link":"https:\/\/www.coflaspalmas.es\/fr\/una-sede-que-mira-al-mar-y-al-futuro\/","title":{"rendered":"Un si\u00e8ge qui regarde la mer et l'avenir"},"content":{"rendered":"<p>Le nouveau si\u00e8ge du Coll\u00e8ge officiel des pharmaciens de Las Palmas est un espace con\u00e7u pour r\u00e9pondre aux besoins que nous pouvons entrevoir pour ce si\u00e8cle. Architecturalement, c'est un endroit \u201cface \u00e0 la mer, travers\u00e9 par le paysage\u201d, comme l'explique l'architecte Eva Llorca Afonso. Mais ces locaux vont au-del\u00e0 de leur splendide conception, puisqu'ils ont \u00e9t\u00e9 dot\u00e9s des derniers syst\u00e8mes en mati\u00e8re de technologie et de domotique, en gardant \u00e0 l'esprit les besoins du XXIe si\u00e8cle. On peut dire que plus qu'un si\u00e8ge, c'est la maison des pharmaciens, l'espace de r\u00e9f\u00e9rence o\u00f9 ils sont accueillis.<\/p>\n<p>Le local a une superficie de 1532,25 m\u00e8tres carr\u00e9s r\u00e9partis sur deux \u00e9tages, bien que seulement 1236,40 m\u00e8tres carr\u00e9s aient \u00e9t\u00e9 am\u00e9nag\u00e9s : 827,68 m\u00e8tres carr\u00e9s au rez-de-chauss\u00e9e et 408,72 m\u00e8tres carr\u00e9s au sous-sol.<\/p>\n<p>Llorca d\u00e9finit le travail comme suit : \u201c on con\u00e7oit un espace diaphane et ouvert sur le paysage, organis\u00e9 avec le minimum d'\u00e9l\u00e9ments structurants. Le double objectif de cette strat\u00e9gie est, d'une part, d'optimiser au maximum la vue magnifique sur la mer, tout en favorisant des environnements de travail collaboratifs. D'autre part, il permet la multiplicit\u00e9 des usages, la transformation rapide de l'espace \u00e0 court et moyen terme, et m\u00eame la possibilit\u00e9 de croissance dans le temps. En bref, la proposition constitue une recherche sur des espaces de travail ouverts, flexibles, transformables et \u00e9volutifs, capables de s'adapter \u00e0 diff\u00e9rentes circonstances organisationnelles et \u00e9conomiques. \u201d.<\/p>\n<p>Avec cette approche, il ne faut pas s'\u00e9tonner de la luminosit\u00e9 de l'\u00e9tage principal, o\u00f9 se trouvent les espaces de travail, le hall d'entr\u00e9e, l'auditorium, les salles de formation et les salles de r\u00e9union. Le rez-de-chauss\u00e9e, o\u00f9 la lumi\u00e8re naturelle p\u00e9n\u00e8tre \u00e0 peine, est con\u00e7u pour accueillir des zones de stockage, des \u00e9quipements informatiques, des \u00e9quipements de climatisation et une salle de r\u00e9union.<\/p>\n<p>La partie la moins lumineuse de l'\u00e9tage est r\u00e9serv\u00e9e aux services et \u00e0 l'office.<\/p>\n<p>Les 73,46 m\u00e8tres carr\u00e9s de hall d'entr\u00e9e permettent au visiteur d'augurer ce qui se trouve derri\u00e8re la r\u00e9ception. La lumi\u00e8re et le mobilier rendent l'espace accueillant malgr\u00e9 ses grandes dimensions.<\/p>\n<p>L'acoustique a \u00e9galement \u00e9t\u00e9 soign\u00e9e, \u00e9vitant que l'\u00e9cho et l'inconfort typiques des espaces ouverts de cette taille ne s'y manifestent.<\/p>\n<p>La salle de conf\u00e9rence, d'une superficie de 134,52 m\u00e8tres carr\u00e9s et d'une capacit\u00e9 de 143 personnes, peut \u00eatre divis\u00e9e \u2013 au moyen de cloisons mobiles \u2013 en trois espaces de 117,92, 8,62 et 7,98 m\u00e8tres carr\u00e9s.<\/p>\n<p>L'un des espaces les plus importants, sans \u00eatre le plus grand (43,05 m\u00e8tres carr\u00e9s), est la salle de formation, dot\u00e9e des connexions n\u00e9cessaires pour y installer tout type d'appareil \u00e9lectronique. D'une capacit\u00e9 de 24 personnes, la disposition du mobilier est flexible, facilitant ainsi son adaptation \u00e0 tout type de formation. Parmi ses \u00e9quipements, on peut citer l'\u00e9cran tactile qui peut \u00eatre utilis\u00e9 comme tableau blanc.<\/p>\n<p>Le nouveau si\u00e8ge dispose \u00e9galement de quatre \u00e9crans tactiles et de deux autres \u00e9crans smart view, ainsi que d'un syst\u00e8me automatique qui r\u00e9gule l'\u00e9clairage (tout LED) par zones, en fonction de l'intensit\u00e9 lumineuse de chaque moment, facilitant ainsi les \u00e9conomies d'\u00e9nergie et la fatigue oculaire.<\/p>","protected":false},"excerpt":{"rendered":"<p>La nueva sede del Colegio Oficial de Farmac\u00e9uticos de Las Palmas es un espacio dise\u00f1ado para afrontar las necesidades que podemos vislumbrar para este siglo. Arquitect\u00f3nicamente es un lugar \u201cfrente al mar, atravesado por el paisaje\u201d, seg\u00fan explica la arquitecta, Eva Llorca Afonso. Pero este local va m\u00e1s all\u00e1 de su espl\u00e9ndido dise\u00f1o, pues ha [&hellip;]<\/p>\n","protected":false},"author":2427,"featured_media":0,"comment_status":"closed","ping_status":"closed","sticky":false,"template":"","format":"standard","meta":{"_et_pb_use_builder":"","_et_pb_old_content":"","_et_gb_content_width":"","footnotes":""},"categories":[1],"tags":[],"class_list":["post-45376","post","type-post","status-publish","format-standard","hentry","category-sin-categoria"],"yoast_head":"<!-- This site is optimized with the Yoast SEO plugin v24.7 - https:\/\/yoast.com\/wordpress\/plugins\/seo\/ -->\n<title>Una sede que mira al mar y al futuro - COFLP<\/title>\n<meta name=\"robots\" content=\"index, follow, max-snippet:-1, max-image-preview:large, max-video-preview:-1\" \/>\n<link rel=\"canonical\" href=\"https:\/\/www.coflaspalmas.es\/fr\/una-sede-que-mira-al-mar-y-al-futuro\/\" \/>\n<meta property=\"og:locale\" content=\"fr_FR\" \/>\n<meta property=\"og:type\" content=\"article\" \/>\n<meta property=\"og:title\" content=\"Una sede que mira al mar y al futuro - COFLP\" \/>\n<meta property=\"og:description\" content=\"La nueva sede del Colegio Oficial de Farmac\u00e9uticos de Las Palmas es un espacio dise\u00f1ado para afrontar las necesidades que podemos vislumbrar para este siglo. Arquitect\u00f3nicamente es un lugar \u201cfrente al mar, atravesado por el paisaje\u201d, seg\u00fan explica la arquitecta, Eva Llorca Afonso. Pero este local va m\u00e1s all\u00e1 de su espl\u00e9ndido dise\u00f1o, pues ha [&hellip;]\" \/>\n<meta property=\"og:url\" content=\"https:\/\/www.coflaspalmas.es\/fr\/una-sede-que-mira-al-mar-y-al-futuro\/\" \/>\n<meta property=\"og:site_name\" content=\"COFLP\" \/>\n<meta property=\"article:published_time\" content=\"2022-12-01T12:08:43+00:00\" \/>\n<meta property=\"article:modified_time\" content=\"2025-11-12T09:13:15+00:00\" \/>\n<meta name=\"author\" content=\"soporte\" \/>\n<meta name=\"twitter:card\" content=\"summary_large_image\" \/>\n<meta name=\"twitter:label1\" content=\"\u00c9crit par\" \/>\n\t<meta name=\"twitter:data1\" content=\"soporte\" \/>\n\t<meta name=\"twitter:label2\" content=\"Dur\u00e9e de lecture estim\u00e9e\" \/>\n\t<meta name=\"twitter:data2\" content=\"3 minutes\" \/>\n<script type=\"application\/ld+json\" class=\"yoast-schema-graph\">{\"@context\":\"https:\/\/schema.org\",\"@graph\":[{\"@type\":\"WebPage\",\"@id\":\"https:\/\/www.coflaspalmas.es\/una-sede-que-mira-al-mar-y-al-futuro\/\",\"url\":\"https:\/\/www.coflaspalmas.es\/una-sede-que-mira-al-mar-y-al-futuro\/\",\"name\":\"Una sede que mira al mar y al futuro - COFLP\",\"isPartOf\":{\"@id\":\"https:\/\/www.coflaspalmas.es\/#website\"},\"datePublished\":\"2022-12-01T12:08:43+00:00\",\"dateModified\":\"2025-11-12T09:13:15+00:00\",\"author\":{\"@id\":\"https:\/\/www.coflaspalmas.es\/#\/schema\/person\/ccf588cbe6c4345ebe4086a038142b96\"},\"breadcrumb\":{\"@id\":\"https:\/\/www.coflaspalmas.es\/una-sede-que-mira-al-mar-y-al-futuro\/#breadcrumb\"},\"inLanguage\":\"fr-FR\",\"potentialAction\":[{\"@type\":\"ReadAction\",\"target\":[\"https:\/\/www.coflaspalmas.es\/una-sede-que-mira-al-mar-y-al-futuro\/\"]}]},{\"@type\":\"BreadcrumbList\",\"@id\":\"https:\/\/www.coflaspalmas.es\/una-sede-que-mira-al-mar-y-al-futuro\/#breadcrumb\",\"itemListElement\":[{\"@type\":\"ListItem\",\"position\":1,\"name\":\"Portada\",\"item\":\"https:\/\/www.coflaspalmas.es\/\"},{\"@type\":\"ListItem\",\"position\":2,\"name\":\"Una sede que mira al mar y al futuro\"}]},{\"@type\":\"WebSite\",\"@id\":\"https:\/\/www.coflaspalmas.es\/#website\",\"url\":\"https:\/\/www.coflaspalmas.es\/\",\"name\":\"COF Las Palmas\",\"description\":\"Colegio de Farmac\u00e9uticos Las Palmas.\",\"potentialAction\":[{\"@type\":\"SearchAction\",\"target\":{\"@type\":\"EntryPoint\",\"urlTemplate\":\"https:\/\/www.coflaspalmas.es\/?s={search_term_string}\"},\"query-input\":{\"@type\":\"PropertyValueSpecification\",\"valueRequired\":true,\"valueName\":\"search_term_string\"}}],\"inLanguage\":\"fr-FR\"},{\"@type\":\"Person\",\"@id\":\"https:\/\/www.coflaspalmas.es\/#\/schema\/person\/ccf588cbe6c4345ebe4086a038142b96\",\"name\":\"soporte\",\"image\":{\"@type\":\"ImageObject\",\"inLanguage\":\"fr-FR\",\"@id\":\"https:\/\/www.coflaspalmas.es\/#\/schema\/person\/image\/\",\"url\":\"https:\/\/secure.gravatar.com\/avatar\/d654455f4c3e474456c4922a586b96e354b5a500cfe1f1f2f60ef083808bf21b?s=96&d=mm&r=g\",\"contentUrl\":\"https:\/\/secure.gravatar.com\/avatar\/d654455f4c3e474456c4922a586b96e354b5a500cfe1f1f2f60ef083808bf21b?s=96&d=mm&r=g\",\"caption\":\"soporte\"},\"url\":\"https:\/\/www.coflaspalmas.es\/fr\/author\/soporte\/\"}]}<\/script>\n<!-- \/ Yoast SEO plugin. -->","yoast_head_json":{"title":"Una sede que mira al mar y al futuro - COFLP","robots":{"index":"index","follow":"follow","max-snippet":"max-snippet:-1","max-image-preview":"max-image-preview:large","max-video-preview":"max-video-preview:-1"},"canonical":"https:\/\/www.coflaspalmas.es\/fr\/una-sede-que-mira-al-mar-y-al-futuro\/","og_locale":"fr_FR","og_type":"article","og_title":"Una sede que mira al mar y al futuro - COFLP","og_description":"La nueva sede del Colegio Oficial de Farmac\u00e9uticos de Las Palmas es un espacio dise\u00f1ado para afrontar las necesidades que podemos vislumbrar para este siglo. Arquitect\u00f3nicamente es un lugar \u201cfrente al mar, atravesado por el paisaje\u201d, seg\u00fan explica la arquitecta, Eva Llorca Afonso. Pero este local va m\u00e1s all\u00e1 de su espl\u00e9ndido dise\u00f1o, pues ha [&hellip;]","og_url":"https:\/\/www.coflaspalmas.es\/fr\/una-sede-que-mira-al-mar-y-al-futuro\/","og_site_name":"COFLP","article_published_time":"2022-12-01T12:08:43+00:00","article_modified_time":"2025-11-12T09:13:15+00:00","author":"soporte","twitter_card":"summary_large_image","twitter_misc":{"\u00c9crit par":"soporte","Dur\u00e9e de lecture estim\u00e9e":"3 minutes"},"schema":{"@context":"https:\/\/schema.org","@graph":[{"@type":"WebPage","@id":"https:\/\/www.coflaspalmas.es\/una-sede-que-mira-al-mar-y-al-futuro\/","url":"https:\/\/www.coflaspalmas.es\/una-sede-que-mira-al-mar-y-al-futuro\/","name":"Una sede que mira al mar y al futuro - COFLP","isPartOf":{"@id":"https:\/\/www.coflaspalmas.es\/#website"},"datePublished":"2022-12-01T12:08:43+00:00","dateModified":"2025-11-12T09:13:15+00:00","author":{"@id":"https:\/\/www.coflaspalmas.es\/#\/schema\/person\/ccf588cbe6c4345ebe4086a038142b96"},"breadcrumb":{"@id":"https:\/\/www.coflaspalmas.es\/una-sede-que-mira-al-mar-y-al-futuro\/#breadcrumb"},"inLanguage":"fr-FR","potentialAction":[{"@type":"ReadAction","target":["https:\/\/www.coflaspalmas.es\/una-sede-que-mira-al-mar-y-al-futuro\/"]}]},{"@type":"BreadcrumbList","@id":"https:\/\/www.coflaspalmas.es\/una-sede-que-mira-al-mar-y-al-futuro\/#breadcrumb","itemListElement":[{"@type":"ListItem","position":1,"name":"Portada","item":"https:\/\/www.coflaspalmas.es\/"},{"@type":"ListItem","position":2,"name":"Una sede que mira al mar y al futuro"}]},{"@type":"WebSite","@id":"https:\/\/www.coflaspalmas.es\/#website","url":"https:\/\/www.coflaspalmas.es\/","name":"COF Las Palmas","description":"Coll\u00e8ge des pharmaciens des Palmas.","potentialAction":[{"@type":"SearchAction","target":{"@type":"EntryPoint","urlTemplate":"https:\/\/www.coflaspalmas.es\/?s={search_term_string}"},"query-input":{"@type":"PropertyValueSpecification","valueRequired":true,"valueName":"search_term_string"}}],"inLanguage":"fr-FR"},{"@type":"Person","@id":"https:\/\/www.coflaspalmas.es\/#\/schema\/person\/ccf588cbe6c4345ebe4086a038142b96","name":"soutien","image":{"@type":"ImageObject","inLanguage":"fr-FR","@id":"https:\/\/www.coflaspalmas.es\/#\/schema\/person\/image\/","url":"https:\/\/secure.gravatar.com\/avatar\/d654455f4c3e474456c4922a586b96e354b5a500cfe1f1f2f60ef083808bf21b?s=96&d=mm&r=g","contentUrl":"https:\/\/secure.gravatar.com\/avatar\/d654455f4c3e474456c4922a586b96e354b5a500cfe1f1f2f60ef083808bf21b?s=96&d=mm&r=g","caption":"soporte"},"url":"https:\/\/www.coflaspalmas.es\/fr\/author\/soporte\/"}]}},"_links":{"self":[{"href":"https:\/\/www.coflaspalmas.es\/fr\/wp-json\/wp\/v2\/posts\/45376","targetHints":{"allow":["GET"]}}],"collection":[{"href":"https:\/\/www.coflaspalmas.es\/fr\/wp-json\/wp\/v2\/posts"}],"about":[{"href":"https:\/\/www.coflaspalmas.es\/fr\/wp-json\/wp\/v2\/types\/post"}],"author":[{"embeddable":true,"href":"https:\/\/www.coflaspalmas.es\/fr\/wp-json\/wp\/v2\/users\/2427"}],"replies":[{"embeddable":true,"href":"https:\/\/www.coflaspalmas.es\/fr\/wp-json\/wp\/v2\/comments?post=45376"}],"version-history":[{"count":1,"href":"https:\/\/www.coflaspalmas.es\/fr\/wp-json\/wp\/v2\/posts\/45376\/revisions"}],"predecessor-version":[{"id":26046658,"href":"https:\/\/www.coflaspalmas.es\/fr\/wp-json\/wp\/v2\/posts\/45376\/revisions\/26046658"}],"wp:attachment":[{"href":"https:\/\/www.coflaspalmas.es\/fr\/wp-json\/wp\/v2\/media?parent=45376"}],"wp:term":[{"taxonomy":"category","embeddable":true,"href":"https:\/\/www.coflaspalmas.es\/fr\/wp-json\/wp\/v2\/categories?post=45376"},{"taxonomy":"post_tag","embeddable":true,"href":"https:\/\/www.coflaspalmas.es\/fr\/wp-json\/wp\/v2\/tags?post=45376"}],"curies":[{"name":"wp","href":"https:\/\/api.w.org\/{rel}","templated":true}]}}