{"id":107033,"date":"2025-05-08T17:43:43","date_gmt":"2025-05-08T15:43:43","guid":{"rendered":"https:\/\/www.coflaspalmas.es\/?p=107033"},"modified":"2025-11-12T10:11:28","modified_gmt":"2025-11-12T09:11:28","slug":"los-farmaceuticos-se-reivindican-como-parte-de-la-solucion-del-sistema-nacional-de-salud-copia","status":"publish","type":"post","link":"https:\/\/www.coflaspalmas.es\/it\/los-farmaceuticos-se-reivindican-como-parte-de-la-solucion-del-sistema-nacional-de-salud-copia\/","title":{"rendered":"I farmacisti si rivendicano come parte della soluzione del Servizio Sanitario Nazionale"},"content":{"rendered":"<p><span style=\"font-family: helvetica, arial, sans-serif;\">Il ruolo che i farmacisti hanno in diversi ambiti, dall'ufficio farmaceutico alla distribuzione, passando per la Salute Pubblica, gli ospedali e la ricerca, \u00e8 stato rivendicato nelle X Giornate Farmaceutiche Canarie che, organizzate dal Consiglio dei Collegi Farmaceutici delle Canarie (COFCAN), si tengono da oggi fino a sabato prossimo, a Lanzarote, con la partecipazione di circa 200 farmacisti da tutte le comunit\u00e0 autonome e sotto il motto \u201cPer una farmacia globale con maggiore capacit\u00e0 assistenziale\u201d.<\/span><\/p>\n<p><span style=\"font-family: helvetica, arial, sans-serif;\">La presidente del COFCAN, Loreto G\u00f3mez, se\u00f1al\u00f3 que \u201clos farmac\u00e9uticos podemos ser la respuesta a muchos problemas del Sistema Nacional de Salud y tambi\u00e9n parte de la soluci\u00f3n\u201d, mientras que el vicepresidente, Manuel \u00c1ngel Galv\u00e1n destac\u00f3 la capacidad del colectivo para \u201cdar un paso adelante ante la adversidad\u201d.<\/span><\/p>\n<p><span style=\"font-family: helvetica, arial, sans-serif;\"><img loading=\"lazy\" decoding=\"async\" class=\"wp-image-107053 alignleft\" src=\"https:\/\/www.coflaspalmas.es\/wp-content\/uploads\/2025\/05\/Q6A6120-300x200.jpg\" alt=\"\" width=\"451\" height=\"300\" \/>\u201cLa farmacia asistenziale\u201d, ha detto Loreto G\u00f3mez, \u201c\u00e8 una risorsa essenziale per la sanit\u00e0 spagnola, come lo sta gi\u00e0 diventando per i sistemi sanitari di molti paesi del mondo\u201d, e ha sottolineato il potenziale che la rete farmaceutica ha per rispondere alle esigenze socio-sanitarie.<\/span><br \/>\n<span style=\"font-family: helvetica, arial, sans-serif;\">Por su parte, el director general de Salud P\u00fablica del Servicio Canario de la Salud, Jos\u00e9 D\u00edaz Flores, que abri\u00f3 y cerr\u00f3 estas jornadas, destac\u00f3 el rol cada vez m\u00e1s importante que los farmac\u00e9uticos est\u00e1n adoptando en la transformaci\u00f3n del sistema sanitario hacia un modelo m\u00e1s humanizado y de mayor calidad asistencial.<\/span><\/p>\n<p><span style=\"font-family: helvetica, arial, sans-serif;\">\u201cI farmacisti, in quanto agenti accessibili e ben formati, sono fondamentali per promuovere abitudini sane nell'intera popolazione\u201d, e in questo senso ha evidenziato diversi progetti in cui sta lavorando la Consejer\u00eda de Sanidad in collaborazione con i collegi professionali delle Canarie, in particolare quelli relativi alle vaccinazioni.<\/span><\/p>\n<p><strong><span style=\"font-family: helvetica, arial, sans-serif;\">Interlocutori privilegiati<\/span><\/strong><\/p>\n<p><span style=\"font-family: helvetica, arial, sans-serif;\">\u201cGli oltre 3500 farmacisti abilitati alle Canarie non solo conoscono i trattamenti dei nostri pazienti, ma anche le loro paure e i loro dubbi. Pertanto, sono interlocutori privilegiati per promuovere la fiducia nei vaccini e la loro importanza nella protezione della salute individuale e collettiva\u201d, ha sottolineato. <\/span><\/p>\n<p><span style=\"font-family: helvetica, arial, sans-serif;\">Il presidente del Consejo General de Colegios Farmac\u00e9uticos, Jes\u00fas Aguilar, ha evidenziato il lavoro congiunto dei Collegi Ufficiali di Farmacisti di Las Palmas e Santa Cruz de Tenerife con l'Amministrazione per promuovere l'implementazione della ricetta elettronica interoperabile, il Progetto di Comunicazione tra Farmacie e Centri Sanitari o i programmi per smettere di fumare.<\/span><\/p>\n<p><span style=\"font-family: helvetica, arial, sans-serif;\"><img loading=\"lazy\" decoding=\"async\" class=\"wp-image-107054 alignright\" src=\"https:\/\/www.coflaspalmas.es\/wp-content\/uploads\/2025\/05\/Q6A6216-Mejorado-NR-300x200.jpg\" alt=\"\" width=\"452\" height=\"301\" \/>Questi successi, ha sottolineato, acquisiscono \u00abancora pi\u00f9 valore\u00bb se si tiene conto del contesto in cui si sviluppano, con \u00abparticolarit\u00e0 uniche\u00bb come l'insularit\u00e0, la dispersione geografica e la diversit\u00e0 della popolazione.<\/span><\/p>\n<p><span style=\"font-family: helvetica, arial, sans-serif;\">\u00abContinuiamo a costruire, dalle Canarie, una Farmacia pi\u00f9 globale, pi\u00f9 assistenziale e pi\u00f9 umana, che accompagni, ascolti e trasformi la salute della nostra societ\u00e0\u00bb, ha sottolineato il presidente del Consiglio Generale.<\/span><\/p>\n<p><span style=\"font-family: helvetica, arial, sans-serif;\">Durante il suo intervento, Manuel \u00c1ngel Galv\u00e1n ha paragonato i professionisti della Farmacia a Lanzarote -isola in cui si svolgono le giornate - sottolineando che sono \u201cun raro esempio che cresce nelle avversit\u00e0\u201d, citando come esempi quanto accaduto a La Palma con il vulcano, la DANA a Valencia o la pandemia di Covid-19 a livello nazionale.<\/span><\/p>\n<p><span style=\"font-family: helvetica, arial, sans-serif;\">Ha a\u00f1adido que \u201csin el modelo farmac\u00e9utico actual esto no ser\u00eda posible\u201d, y ha destacado que, gracias a \u00e9l, \u201cciudadanos de las diferentes islas o pueblos de Canarias tienen acceso al mismo servicio de consejo sanitario, de medicamentos y, tambi\u00e9n, muchas veces, de consuelo\u201d.<\/span><\/p>\n<p><img loading=\"lazy\" decoding=\"async\" class=\"alignnone size-medium wp-image-107057\" src=\"https:\/\/www.coflaspalmas.es\/wp-content\/uploads\/2025\/05\/Q6A5835-Mejorado-NR-300x200.jpg\" alt=\"\" width=\"300\" height=\"200\" \/> \u00a0<img loading=\"lazy\" decoding=\"async\" class=\"alignnone size-medium wp-image-107056\" src=\"https:\/\/www.coflaspalmas.es\/wp-content\/uploads\/2025\/05\/Q6A5778-Mejorado-NR-300x200.jpg\" alt=\"\" width=\"300\" height=\"200\" \/>\u00a0 <img loading=\"lazy\" decoding=\"async\" class=\"alignnone size-medium wp-image-107055\" src=\"https:\/\/www.coflaspalmas.es\/wp-content\/uploads\/2025\/05\/Q6A6237-Mejorado-NR-300x200.jpg\" alt=\"\" width=\"300\" height=\"200\" \/><\/p>","protected":false},"excerpt":{"rendered":"<p>El papel que los farmac\u00e9uticos tienen en diferentes espacios, desde la oficina de farmacia a la distribuci\u00f3n, pasando por Salud P\u00fablica, hospitales e investigaci\u00f3n, ha sido reivindicado en las X Jornadas Farmac\u00e9uticas Canarias que, organizadas por el Consejo de Colegios Farmac\u00e9uticos de Canarias (COFCAN), se celebran desde hoy y hasta el pr\u00f3ximo s\u00e1bado, en Lanzarote, [&hellip;]<\/p>\n","protected":false},"author":2427,"featured_media":26046333,"comment_status":"closed","ping_status":"closed","sticky":false,"template":"","format":"standard","meta":{"_et_pb_use_builder":"","_et_pb_old_content":"","_et_gb_content_width":"","footnotes":""},"categories":[247,11],"tags":[],"class_list":["post-107033","post","type-post","status-publish","format-standard","has-post-thumbnail","hentry","category-boletin-2025","category-noticias"],"yoast_head":"<!-- This site is optimized with the Yoast SEO plugin v24.7 - https:\/\/yoast.com\/wordpress\/plugins\/seo\/ -->\n<title>Los farmac\u00e9uticos se reivindican como parte de la soluci\u00f3n del Sistema Nacional de Salud - COFLP<\/title>\n<meta name=\"robots\" content=\"index, follow, max-snippet:-1, max-image-preview:large, max-video-preview:-1\" \/>\n<link rel=\"canonical\" href=\"https:\/\/www.coflaspalmas.es\/it\/los-farmaceuticos-se-reivindican-como-parte-de-la-solucion-del-sistema-nacional-de-salud-copia\/\" \/>\n<meta property=\"og:locale\" content=\"it_IT\" \/>\n<meta property=\"og:type\" content=\"article\" \/>\n<meta property=\"og:title\" content=\"Los farmac\u00e9uticos se reivindican como parte de la soluci\u00f3n del Sistema Nacional de Salud - COFLP\" \/>\n<meta property=\"og:description\" content=\"El papel que los farmac\u00e9uticos tienen en diferentes espacios, desde la oficina de farmacia a la distribuci\u00f3n, pasando por Salud P\u00fablica, hospitales e investigaci\u00f3n, ha sido reivindicado en las X Jornadas Farmac\u00e9uticas Canarias que, organizadas por el Consejo de Colegios Farmac\u00e9uticos de Canarias (COFCAN), se celebran desde hoy y hasta el pr\u00f3ximo s\u00e1bado, en Lanzarote, [&hellip;]\" \/>\n<meta property=\"og:url\" content=\"https:\/\/www.coflaspalmas.es\/it\/los-farmaceuticos-se-reivindican-como-parte-de-la-solucion-del-sistema-nacional-de-salud-copia\/\" \/>\n<meta property=\"og:site_name\" content=\"COFLP\" \/>\n<meta property=\"article:published_time\" content=\"2025-05-08T15:43:43+00:00\" \/>\n<meta property=\"article:modified_time\" content=\"2025-11-12T09:11:28+00:00\" \/>\n<meta property=\"og:image\" content=\"https:\/\/www.coflaspalmas.es\/wp-content\/uploads\/2025\/05\/Q6A6493-Mejorado-NR-500x500-1.jpg?wsr\" \/>\n\t<meta property=\"og:image:width\" content=\"500\" \/>\n\t<meta property=\"og:image:height\" content=\"500\" \/>\n\t<meta property=\"og:image:type\" content=\"image\/jpeg\" \/>\n<meta name=\"author\" content=\"soporte\" \/>\n<meta name=\"twitter:card\" content=\"summary_large_image\" \/>\n<meta name=\"twitter:label1\" content=\"Scritto da\" \/>\n\t<meta name=\"twitter:data1\" content=\"soporte\" \/>\n\t<meta name=\"twitter:label2\" content=\"Tempo di lettura stimato\" \/>\n\t<meta name=\"twitter:data2\" content=\"4 minuti\" \/>\n<script type=\"application\/ld+json\" class=\"yoast-schema-graph\">{\"@context\":\"https:\/\/schema.org\",\"@graph\":[{\"@type\":\"WebPage\",\"@id\":\"https:\/\/www.coflaspalmas.es\/los-farmaceuticos-se-reivindican-como-parte-de-la-solucion-del-sistema-nacional-de-salud-copia\/\",\"url\":\"https:\/\/www.coflaspalmas.es\/los-farmaceuticos-se-reivindican-como-parte-de-la-solucion-del-sistema-nacional-de-salud-copia\/\",\"name\":\"Los farmac\u00e9uticos se reivindican como parte de la soluci\u00f3n del Sistema Nacional de Salud - COFLP\",\"isPartOf\":{\"@id\":\"https:\/\/www.coflaspalmas.es\/#website\"},\"primaryImageOfPage\":{\"@id\":\"https:\/\/www.coflaspalmas.es\/los-farmaceuticos-se-reivindican-como-parte-de-la-solucion-del-sistema-nacional-de-salud-copia\/#primaryimage\"},\"image\":{\"@id\":\"https:\/\/www.coflaspalmas.es\/los-farmaceuticos-se-reivindican-como-parte-de-la-solucion-del-sistema-nacional-de-salud-copia\/#primaryimage\"},\"thumbnailUrl\":\"https:\/\/www.coflaspalmas.es\/wp-content\/uploads\/2025\/05\/Q6A6493-Mejorado-NR-500x500-1.jpg?wsr\",\"datePublished\":\"2025-05-08T15:43:43+00:00\",\"dateModified\":\"2025-11-12T09:11:28+00:00\",\"author\":{\"@id\":\"https:\/\/www.coflaspalmas.es\/#\/schema\/person\/ccf588cbe6c4345ebe4086a038142b96\"},\"breadcrumb\":{\"@id\":\"https:\/\/www.coflaspalmas.es\/los-farmaceuticos-se-reivindican-como-parte-de-la-solucion-del-sistema-nacional-de-salud-copia\/#breadcrumb\"},\"inLanguage\":\"it-IT\",\"potentialAction\":[{\"@type\":\"ReadAction\",\"target\":[\"https:\/\/www.coflaspalmas.es\/los-farmaceuticos-se-reivindican-como-parte-de-la-solucion-del-sistema-nacional-de-salud-copia\/\"]}]},{\"@type\":\"ImageObject\",\"inLanguage\":\"it-IT\",\"@id\":\"https:\/\/www.coflaspalmas.es\/los-farmaceuticos-se-reivindican-como-parte-de-la-solucion-del-sistema-nacional-de-salud-copia\/#primaryimage\",\"url\":\"https:\/\/www.coflaspalmas.es\/wp-content\/uploads\/2025\/05\/Q6A6493-Mejorado-NR-500x500-1.jpg?wsr\",\"contentUrl\":\"https:\/\/www.coflaspalmas.es\/wp-content\/uploads\/2025\/05\/Q6A6493-Mejorado-NR-500x500-1.jpg?wsr\",\"width\":500,\"height\":500},{\"@type\":\"BreadcrumbList\",\"@id\":\"https:\/\/www.coflaspalmas.es\/los-farmaceuticos-se-reivindican-como-parte-de-la-solucion-del-sistema-nacional-de-salud-copia\/#breadcrumb\",\"itemListElement\":[{\"@type\":\"ListItem\",\"position\":1,\"name\":\"Portada\",\"item\":\"https:\/\/www.coflaspalmas.es\/\"},{\"@type\":\"ListItem\",\"position\":2,\"name\":\"Los farmac\u00e9uticos se reivindican como parte de la soluci\u00f3n del Sistema Nacional de Salud\"}]},{\"@type\":\"WebSite\",\"@id\":\"https:\/\/www.coflaspalmas.es\/#website\",\"url\":\"https:\/\/www.coflaspalmas.es\/\",\"name\":\"COF Las Palmas\",\"description\":\"Colegio de Farmac\u00e9uticos Las Palmas.\",\"potentialAction\":[{\"@type\":\"SearchAction\",\"target\":{\"@type\":\"EntryPoint\",\"urlTemplate\":\"https:\/\/www.coflaspalmas.es\/?s={search_term_string}\"},\"query-input\":{\"@type\":\"PropertyValueSpecification\",\"valueRequired\":true,\"valueName\":\"search_term_string\"}}],\"inLanguage\":\"it-IT\"},{\"@type\":\"Person\",\"@id\":\"https:\/\/www.coflaspalmas.es\/#\/schema\/person\/ccf588cbe6c4345ebe4086a038142b96\",\"name\":\"soporte\",\"image\":{\"@type\":\"ImageObject\",\"inLanguage\":\"it-IT\",\"@id\":\"https:\/\/www.coflaspalmas.es\/#\/schema\/person\/image\/\",\"url\":\"https:\/\/secure.gravatar.com\/avatar\/d654455f4c3e474456c4922a586b96e354b5a500cfe1f1f2f60ef083808bf21b?s=96&d=mm&r=g\",\"contentUrl\":\"https:\/\/secure.gravatar.com\/avatar\/d654455f4c3e474456c4922a586b96e354b5a500cfe1f1f2f60ef083808bf21b?s=96&d=mm&r=g\",\"caption\":\"soporte\"},\"url\":\"https:\/\/www.coflaspalmas.es\/it\/author\/soporte\/\"}]}<\/script>\n<!-- \/ Yoast SEO plugin. -->","yoast_head_json":{"title":"Los farmac\u00e9uticos se reivindican como parte de la soluci\u00f3n del Sistema Nacional de Salud - COFLP","robots":{"index":"index","follow":"follow","max-snippet":"max-snippet:-1","max-image-preview":"max-image-preview:large","max-video-preview":"max-video-preview:-1"},"canonical":"https:\/\/www.coflaspalmas.es\/it\/los-farmaceuticos-se-reivindican-como-parte-de-la-solucion-del-sistema-nacional-de-salud-copia\/","og_locale":"it_IT","og_type":"article","og_title":"Los farmac\u00e9uticos se reivindican como parte de la soluci\u00f3n del Sistema Nacional de Salud - COFLP","og_description":"El papel que los farmac\u00e9uticos tienen en diferentes espacios, desde la oficina de farmacia a la distribuci\u00f3n, pasando por Salud P\u00fablica, hospitales e investigaci\u00f3n, ha sido reivindicado en las X Jornadas Farmac\u00e9uticas Canarias que, organizadas por el Consejo de Colegios Farmac\u00e9uticos de Canarias (COFCAN), se celebran desde hoy y hasta el pr\u00f3ximo s\u00e1bado, en Lanzarote, [&hellip;]","og_url":"https:\/\/www.coflaspalmas.es\/it\/los-farmaceuticos-se-reivindican-como-parte-de-la-solucion-del-sistema-nacional-de-salud-copia\/","og_site_name":"COFLP","article_published_time":"2025-05-08T15:43:43+00:00","article_modified_time":"2025-11-12T09:11:28+00:00","og_image":[{"width":500,"height":500,"url":"https:\/\/www.coflaspalmas.es\/wp-content\/uploads\/2025\/05\/Q6A6493-Mejorado-NR-500x500-1.jpg?wsr","type":"image\/jpeg"}],"author":"soporte","twitter_card":"summary_large_image","twitter_misc":{"Scritto da":"soporte","Tempo di lettura stimato":"4 minuti"},"schema":{"@context":"https:\/\/schema.org","@graph":[{"@type":"WebPage","@id":"https:\/\/www.coflaspalmas.es\/los-farmaceuticos-se-reivindican-como-parte-de-la-solucion-del-sistema-nacional-de-salud-copia\/","url":"https:\/\/www.coflaspalmas.es\/los-farmaceuticos-se-reivindican-como-parte-de-la-solucion-del-sistema-nacional-de-salud-copia\/","name":"Los farmac\u00e9uticos se reivindican como parte de la soluci\u00f3n del Sistema Nacional de Salud - COFLP","isPartOf":{"@id":"https:\/\/www.coflaspalmas.es\/#website"},"primaryImageOfPage":{"@id":"https:\/\/www.coflaspalmas.es\/los-farmaceuticos-se-reivindican-como-parte-de-la-solucion-del-sistema-nacional-de-salud-copia\/#primaryimage"},"image":{"@id":"https:\/\/www.coflaspalmas.es\/los-farmaceuticos-se-reivindican-como-parte-de-la-solucion-del-sistema-nacional-de-salud-copia\/#primaryimage"},"thumbnailUrl":"https:\/\/www.coflaspalmas.es\/wp-content\/uploads\/2025\/05\/Q6A6493-Mejorado-NR-500x500-1.jpg?wsr","datePublished":"2025-05-08T15:43:43+00:00","dateModified":"2025-11-12T09:11:28+00:00","author":{"@id":"https:\/\/www.coflaspalmas.es\/#\/schema\/person\/ccf588cbe6c4345ebe4086a038142b96"},"breadcrumb":{"@id":"https:\/\/www.coflaspalmas.es\/los-farmaceuticos-se-reivindican-como-parte-de-la-solucion-del-sistema-nacional-de-salud-copia\/#breadcrumb"},"inLanguage":"it-IT","potentialAction":[{"@type":"ReadAction","target":["https:\/\/www.coflaspalmas.es\/los-farmaceuticos-se-reivindican-como-parte-de-la-solucion-del-sistema-nacional-de-salud-copia\/"]}]},{"@type":"ImageObject","inLanguage":"it-IT","@id":"https:\/\/www.coflaspalmas.es\/los-farmaceuticos-se-reivindican-como-parte-de-la-solucion-del-sistema-nacional-de-salud-copia\/#primaryimage","url":"https:\/\/www.coflaspalmas.es\/wp-content\/uploads\/2025\/05\/Q6A6493-Mejorado-NR-500x500-1.jpg?wsr","contentUrl":"https:\/\/www.coflaspalmas.es\/wp-content\/uploads\/2025\/05\/Q6A6493-Mejorado-NR-500x500-1.jpg?wsr","width":500,"height":500},{"@type":"BreadcrumbList","@id":"https:\/\/www.coflaspalmas.es\/los-farmaceuticos-se-reivindican-como-parte-de-la-solucion-del-sistema-nacional-de-salud-copia\/#breadcrumb","itemListElement":[{"@type":"ListItem","position":1,"name":"Portada","item":"https:\/\/www.coflaspalmas.es\/"},{"@type":"ListItem","position":2,"name":"Los farmac\u00e9uticos se reivindican como parte de la soluci\u00f3n del Sistema Nacional de Salud"}]},{"@type":"WebSite","@id":"https:\/\/www.coflaspalmas.es\/#website","url":"https:\/\/www.coflaspalmas.es\/","name":"COF Las Palmas","description":"Colegio de Farmac\u00e9uticos Las Palmas.","potentialAction":[{"@type":"SearchAction","target":{"@type":"EntryPoint","urlTemplate":"https:\/\/www.coflaspalmas.es\/?s={search_term_string}"},"query-input":{"@type":"PropertyValueSpecification","valueRequired":true,"valueName":"search_term_string"}}],"inLanguage":"it-IT"},{"@type":"Person","@id":"https:\/\/www.coflaspalmas.es\/#\/schema\/person\/ccf588cbe6c4345ebe4086a038142b96","name":"soporte","image":{"@type":"ImageObject","inLanguage":"it-IT","@id":"https:\/\/www.coflaspalmas.es\/#\/schema\/person\/image\/","url":"https:\/\/secure.gravatar.com\/avatar\/d654455f4c3e474456c4922a586b96e354b5a500cfe1f1f2f60ef083808bf21b?s=96&d=mm&r=g","contentUrl":"https:\/\/secure.gravatar.com\/avatar\/d654455f4c3e474456c4922a586b96e354b5a500cfe1f1f2f60ef083808bf21b?s=96&d=mm&r=g","caption":"soporte"},"url":"https:\/\/www.coflaspalmas.es\/it\/author\/soporte\/"}]}},"_links":{"self":[{"href":"https:\/\/www.coflaspalmas.es\/it\/wp-json\/wp\/v2\/posts\/107033","targetHints":{"allow":["GET"]}}],"collection":[{"href":"https:\/\/www.coflaspalmas.es\/it\/wp-json\/wp\/v2\/posts"}],"about":[{"href":"https:\/\/www.coflaspalmas.es\/it\/wp-json\/wp\/v2\/types\/post"}],"author":[{"embeddable":true,"href":"https:\/\/www.coflaspalmas.es\/it\/wp-json\/wp\/v2\/users\/2427"}],"replies":[{"embeddable":true,"href":"https:\/\/www.coflaspalmas.es\/it\/wp-json\/wp\/v2\/comments?post=107033"}],"version-history":[{"count":1,"href":"https:\/\/www.coflaspalmas.es\/it\/wp-json\/wp\/v2\/posts\/107033\/revisions"}],"predecessor-version":[{"id":26046082,"href":"https:\/\/www.coflaspalmas.es\/it\/wp-json\/wp\/v2\/posts\/107033\/revisions\/26046082"}],"wp:featuredmedia":[{"embeddable":true,"href":"https:\/\/www.coflaspalmas.es\/it\/wp-json\/wp\/v2\/media\/26046333"}],"wp:attachment":[{"href":"https:\/\/www.coflaspalmas.es\/it\/wp-json\/wp\/v2\/media?parent=107033"}],"wp:term":[{"taxonomy":"category","embeddable":true,"href":"https:\/\/www.coflaspalmas.es\/it\/wp-json\/wp\/v2\/categories?post=107033"},{"taxonomy":"post_tag","embeddable":true,"href":"https:\/\/www.coflaspalmas.es\/it\/wp-json\/wp\/v2\/tags?post=107033"}],"curies":[{"name":"wp","href":"https:\/\/api.w.org\/{rel}","templated":true}]}}