{"id":107061,"date":"2025-05-09T18:02:17","date_gmt":"2025-05-09T16:02:17","guid":{"rendered":"https:\/\/www.coflaspalmas.es\/?p=107061"},"modified":"2025-11-12T10:11:28","modified_gmt":"2025-11-12T09:11:28","slug":"canarias-necesita-una-entidad-institucional-para-afrontar-el-futuro-de-la-salud-publica","status":"publish","type":"post","link":"https:\/\/www.coflaspalmas.es\/it\/canarias-necesita-una-entidad-institucional-para-afrontar-el-futuro-de-la-salud-publica\/","title":{"rendered":"Le Canarie necessitano di un'entit\u00e0 istituzionale per affrontare il futuro della sanit\u00e0 pubblica"},"content":{"rendered":"<p><span style=\"font-family: helvetica, arial, sans-serif;\">Manuel Herrera, coordinatore dell'Unit\u00e0 di Supporto della Direzione Generale di Sanit\u00e0 Pubblica del Servizio Canario di Salute e membro della Sanit\u00e0 Pubblica del COFLP, ha sottolineato che le Canarie \u201cdevono gi\u00e0 considerare la creazione di una nuova istituzione di carattere pubblico che si occupi delle sfide emergenti della sanit\u00e0 pubblica\u201d. Herrera ha fatto queste affermazioni durante il tavolo Rotondi Farmaceutici e Sanit\u00e0 Pubblica: Formazione e funzioni essenziali, sostenendo che \u201cin una societ\u00e0 in evoluzione, la Sanit\u00e0 Pubblica deve anticipare la malattia ed evitarla prima di curarla\u201d.<\/span><\/p>\n<p><span style=\"font-family: helvetica, arial, sans-serif;\">\u201cNelle Canarie\u201d, ha aggiunto, \u201cesiste una popolazione superiore a due milioni di abitanti, ma il turismo porta la popolazione a circa tre milioni e mezzo, quindi il trattamento dei rifiuti, la loro generazione, l'alimentazione, eccetera, obbliga ad essere previdenti e a stabilire controlli necessari per evitare malattie e parassiti\u201d.<\/span><\/p>\n<p><span style=\"font-family: helvetica, arial, sans-serif;\">L'importanza della professione farmaceutica in questo campo diventa pi\u00f9 evidente considerando che il 20 % dei professionisti che operano in questo settore appartiene a questo collettivo.<\/span><\/p>\n<p><strong><span style=\"font-family: helvetica, arial, sans-serif;\"><img loading=\"lazy\" decoding=\"async\" class=\"wp-image-107063 alignleft\" src=\"https:\/\/www.coflaspalmas.es\/wp-content\/uploads\/2025\/05\/Q6A6621-Mejorado-NR-300x200.jpg\" alt=\"\" width=\"455\" height=\"303\" \/>Ricerca oncologica<\/span><\/strong><br \/>\n<span style=\"font-family: helvetica, arial, sans-serif;\">Il tavolo di dibattito sui farmacisti nella ricerca oncologica ha valorizzato il ruolo essenziale del farmacista nell'approccio integrale al trattamento del cancro, sottolineando il suo lavoro nella dispensazione, nel monitoraggio e nell'ottimizzazione terapeutica. Si \u00e8 evidenziata l'importanza della gestione efficiente della farmacoterapia oncologica e dell'approccio multidisciplinare, che consente di migliorare l'aderenza terapeutica e minimizzare gli effetti avversi.<\/span><\/p>\n<p><span style=\"font-family: helvetica, arial, sans-serif;\">Inoltre, \u00e8 stato sottolineato il ruolo della farmacia comunitaria come snodo tra la rete di farmacisti e gli ordini professionali, favorendo la vicinanza al paziente e un maggiore coinvolgimento assistenziale. Sono stati inoltre analizzati i progressi nelle terapie personalizzate, dove la farmacogenetica e i nuovi modelli di gestione dei farmaci oncologici rafforzano la visione integrata del farmacista.<\/span><\/p>\n<p><span style=\"font-family: helvetica, arial, sans-serif;\">In definitiva, la tavola ha riaffermato l'impegno del farmacista per la qualit\u00e0 assistenziale e l'innovazione terapeutica, sottolineando l'importanza della pratica collaborativa in cui i farmacisti, dai loro diversi ambiti di esercizio, devono lavorare insieme per massimizzare l'impatto sull'assistenza e la gestione dei trattamenti oncologici.<\/span><\/p>\n<p><strong><span style=\"font-family: helvetica, arial, sans-serif;\">IA applicata alla salute<img loading=\"lazy\" decoding=\"async\" class=\"wp-image-107064 alignright\" src=\"https:\/\/www.coflaspalmas.es\/wp-content\/uploads\/2025\/05\/Q6A6237-Mejorado-NR-1-300x200.jpg\" alt=\"\" width=\"432\" height=\"288\" \/><\/span><\/strong><br \/>\n<span style=\"font-family: helvetica, arial, sans-serif;\">Julio Lorca G\u00f3mez, esperto in IA applicata alla salute, ha discusso dell'uso di questa per migliorare la qualit\u00e0 e ha sottolineato l'importanza di integrare l'IA nell'ambito sanitario in modo etico ed efficiente.<\/span><\/p>\n<p><span style=\"font-family: helvetica, arial, sans-serif;\">Ha affrontato aspetti chiave come l'utilit\u00e0 clinica dell'IA, la sua applicazione nel monitoraggio terapeutico, la sua integrazione nei programmi di gestione, l'ottimizzazione dei processi nell'assistenza farmaceutica e la necessit\u00e0 di regolamentazione e formazione per garantirne un'implementazione responsabile.<\/span><\/p>\n<p><span style=\"font-family: helvetica, arial, sans-serif;\">Tra le conclusioni pi\u00f9 rilevanti, ha sottolineato che \u201cl\u2019IA non sostituisce i professionisti sanitari, ma agisce come uno strumento che ne rafforza le capacit\u00e0, consentendo una gestione pi\u00f9 efficace del trattamento farmacologico e una migliore assistenza al paziente\u201d. Ha inoltre evidenziato l\u2019importanza della pratica collaborativa tra i professionisti dell\u2019ambito tecnologico e sanitario per sviluppare soluzioni che contribuiscano realmente a migliorare la qualit\u00e0 dell\u2019assistenza.<\/span><\/p>\n<p><strong><span style=\"font-family: helvetica, arial, sans-serif;\"><img loading=\"lazy\" decoding=\"async\" class=\"wp-image-107065 alignleft\" src=\"https:\/\/www.coflaspalmas.es\/wp-content\/uploads\/2025\/05\/Q6A6759-Mejorado-NR-300x200.jpg\" alt=\"\" width=\"527\" height=\"351\" \/>Esperienze assistenziali<\/span><\/strong><br \/>\n<span style=\"font-family: helvetica, arial, sans-serif;\">Il primo dei tavoli, tenutosi ieri e moderato dal presidente del Consiglio Generale dei Collegi Ufficiali Farmaceutici, Jes\u00fas Aguilar, ha affrontato le reali opportunit\u00e0 della capacit\u00e0 assistenziale della farmacia.<\/span><\/p>\n<p><span style=\"font-family: helvetica, arial, sans-serif;\">Da essa si \u00e8 dedotto che il lavoro della farmacia assistenziale si articola in tre grandi ambiti: promozione della salute e prevenzione delle malattie, accessibilit\u00e0 e coordinamento assistenziale, e assistenza e monitoraggio farmacoterapeutico.<\/span><\/p>\n<p><span style=\"font-family: helvetica, arial, sans-serif;\">Si inquadrano qui servizi di screening e diagnosi precoce di malattie, la dispensazione collaborativa di farmaci ospedalieri, le farmacie sentinella o la SPD.<\/span><\/p>\n<p><span style=\"font-family: helvetica, arial, sans-serif;\">Risalta soprattutto la necessit\u00e0 di comunicazione tra ambiti assistenziali, centri sanitari, farmacie e distribuzione farmaceutica, che deve poter avvenire in modo semplice e sicuro affinch\u00e9 vengano offerti con qualit\u00e0 e sostenibilit\u00e0.<\/span><\/p>\n<p><span style=\"font-family: helvetica, arial, sans-serif;\">I rappresentanti delle comunit\u00e0 autonome della Catalogna, Navarra, Asturie e Castiglia e Le\u00f3n, che hanno costituito la tavola, hanno illustrato i servizi professionali farmaceutici assistenziali (SPFA) che sviluppano collaborando con la loro amministrazione sanitaria e concordando le priorit\u00e0 tra i diversi agenti sanitari, focalizzando la loro attivit\u00e0 sulle reali esigenze dei pazienti, sfruttando la rete di professionisti fornita dalla farmacia comunitaria per migliorare la portata e l'accesso al sistema sanitario da parte della popolazione, nonch\u00e9 i tassi e le coperture di successo dei diversi programmi.<\/span><\/p>\n<p><span style=\"font-family: helvetica, arial, sans-serif;\">In questo modo, hanno concordato tutti nel sottolineare, si contribuisce a diminuire la domanda e la pressione sanitaria avvicinando il sistema sanitario ai pazienti.<\/span><\/p>\n<p><img loading=\"lazy\" decoding=\"async\" class=\"alignnone size-medium wp-image-107067\" src=\"https:\/\/www.coflaspalmas.es\/wp-content\/uploads\/2025\/05\/Q6A6265-Mejorado-NR-300x200.jpg\" alt=\"\" width=\"300\" height=\"200\" \/>\u00a0<img loading=\"lazy\" decoding=\"async\" class=\"alignnone size-medium wp-image-107069\" src=\"https:\/\/www.coflaspalmas.es\/wp-content\/uploads\/2025\/05\/Q6A6178-Mejorado-NR-300x200.jpg\" alt=\"\" width=\"300\" height=\"200\" \/>\u00a0<img loading=\"lazy\" decoding=\"async\" class=\"alignnone size-medium wp-image-107068\" src=\"https:\/\/www.coflaspalmas.es\/wp-content\/uploads\/2025\/05\/Q6A6636-Mejorado-NR-300x200.jpg\" alt=\"\" width=\"300\" height=\"200\" \/><\/p>","protected":false},"excerpt":{"rendered":"<p>Manuel Herrera, coordinador de la Unidad de Apoyo de la Direcci\u00f3n General de Salud P\u00fablica del Servicio Canario de la Salud y vocal de Salud P\u00fablica del COFLP, se\u00f1al\u00f3 que Canarias \u201cdebe plantearse ya la creaci\u00f3n de una nueva instituci\u00f3n de car\u00e1cter p\u00fablico que vele por los retos emergentes de la salud p\u00fablica\u201d. Herrera hizo [&hellip;]<\/p>\n","protected":false},"author":2427,"featured_media":26046332,"comment_status":"closed","ping_status":"closed","sticky":false,"template":"","format":"standard","meta":{"_et_pb_use_builder":"","_et_pb_old_content":"","_et_gb_content_width":"","footnotes":""},"categories":[247,11,1],"tags":[],"class_list":["post-107061","post","type-post","status-publish","format-standard","has-post-thumbnail","hentry","category-boletin-2025","category-noticias","category-sin-categoria"],"yoast_head":"<!-- This site is optimized with the Yoast SEO plugin v24.7 - https:\/\/yoast.com\/wordpress\/plugins\/seo\/ -->\n<title>Canarias necesita una entidad institucional para afrontar el futuro de la salud p\u00fablica - COFLP<\/title>\n<meta name=\"robots\" content=\"index, follow, max-snippet:-1, max-image-preview:large, max-video-preview:-1\" \/>\n<link rel=\"canonical\" href=\"https:\/\/www.coflaspalmas.es\/it\/canarias-necesita-una-entidad-institucional-para-afrontar-el-futuro-de-la-salud-publica\/\" \/>\n<meta property=\"og:locale\" content=\"it_IT\" \/>\n<meta property=\"og:type\" content=\"article\" \/>\n<meta property=\"og:title\" content=\"Canarias necesita una entidad institucional para afrontar el futuro de la salud p\u00fablica - COFLP\" \/>\n<meta property=\"og:description\" content=\"Manuel Herrera, coordinador de la Unidad de Apoyo de la Direcci\u00f3n General de Salud P\u00fablica del Servicio Canario de la Salud y vocal de Salud P\u00fablica del COFLP, se\u00f1al\u00f3 que Canarias \u201cdebe plantearse ya la creaci\u00f3n de una nueva instituci\u00f3n de car\u00e1cter p\u00fablico que vele por los retos emergentes de la salud p\u00fablica\u201d. Herrera hizo [&hellip;]\" \/>\n<meta property=\"og:url\" content=\"https:\/\/www.coflaspalmas.es\/it\/canarias-necesita-una-entidad-institucional-para-afrontar-el-futuro-de-la-salud-publica\/\" \/>\n<meta property=\"og:site_name\" content=\"COFLP\" \/>\n<meta property=\"article:published_time\" content=\"2025-05-09T16:02:17+00:00\" \/>\n<meta property=\"article:modified_time\" content=\"2025-11-12T09:11:28+00:00\" \/>\n<meta property=\"og:image\" content=\"https:\/\/www.coflaspalmas.es\/wp-content\/uploads\/2025\/05\/Q6A6357-Mejorado-NR-500x500-1.jpg?wsr\" \/>\n\t<meta property=\"og:image:width\" content=\"500\" \/>\n\t<meta property=\"og:image:height\" content=\"500\" \/>\n\t<meta property=\"og:image:type\" content=\"image\/jpeg\" \/>\n<meta name=\"author\" content=\"soporte\" \/>\n<meta name=\"twitter:card\" content=\"summary_large_image\" \/>\n<meta name=\"twitter:label1\" content=\"Scritto da\" \/>\n\t<meta name=\"twitter:data1\" content=\"soporte\" \/>\n\t<meta name=\"twitter:label2\" content=\"Tempo di lettura stimato\" \/>\n\t<meta name=\"twitter:data2\" content=\"5 minuti\" \/>\n<script type=\"application\/ld+json\" class=\"yoast-schema-graph\">{\"@context\":\"https:\/\/schema.org\",\"@graph\":[{\"@type\":\"WebPage\",\"@id\":\"https:\/\/www.coflaspalmas.es\/canarias-necesita-una-entidad-institucional-para-afrontar-el-futuro-de-la-salud-publica\/\",\"url\":\"https:\/\/www.coflaspalmas.es\/canarias-necesita-una-entidad-institucional-para-afrontar-el-futuro-de-la-salud-publica\/\",\"name\":\"Canarias necesita una entidad institucional para afrontar el futuro de la salud p\u00fablica - COFLP\",\"isPartOf\":{\"@id\":\"https:\/\/www.coflaspalmas.es\/#website\"},\"primaryImageOfPage\":{\"@id\":\"https:\/\/www.coflaspalmas.es\/canarias-necesita-una-entidad-institucional-para-afrontar-el-futuro-de-la-salud-publica\/#primaryimage\"},\"image\":{\"@id\":\"https:\/\/www.coflaspalmas.es\/canarias-necesita-una-entidad-institucional-para-afrontar-el-futuro-de-la-salud-publica\/#primaryimage\"},\"thumbnailUrl\":\"https:\/\/www.coflaspalmas.es\/wp-content\/uploads\/2025\/05\/Q6A6357-Mejorado-NR-500x500-1.jpg?wsr\",\"datePublished\":\"2025-05-09T16:02:17+00:00\",\"dateModified\":\"2025-11-12T09:11:28+00:00\",\"author\":{\"@id\":\"https:\/\/www.coflaspalmas.es\/#\/schema\/person\/ccf588cbe6c4345ebe4086a038142b96\"},\"breadcrumb\":{\"@id\":\"https:\/\/www.coflaspalmas.es\/canarias-necesita-una-entidad-institucional-para-afrontar-el-futuro-de-la-salud-publica\/#breadcrumb\"},\"inLanguage\":\"it-IT\",\"potentialAction\":[{\"@type\":\"ReadAction\",\"target\":[\"https:\/\/www.coflaspalmas.es\/canarias-necesita-una-entidad-institucional-para-afrontar-el-futuro-de-la-salud-publica\/\"]}]},{\"@type\":\"ImageObject\",\"inLanguage\":\"it-IT\",\"@id\":\"https:\/\/www.coflaspalmas.es\/canarias-necesita-una-entidad-institucional-para-afrontar-el-futuro-de-la-salud-publica\/#primaryimage\",\"url\":\"https:\/\/www.coflaspalmas.es\/wp-content\/uploads\/2025\/05\/Q6A6357-Mejorado-NR-500x500-1.jpg?wsr\",\"contentUrl\":\"https:\/\/www.coflaspalmas.es\/wp-content\/uploads\/2025\/05\/Q6A6357-Mejorado-NR-500x500-1.jpg?wsr\",\"width\":500,\"height\":500},{\"@type\":\"BreadcrumbList\",\"@id\":\"https:\/\/www.coflaspalmas.es\/canarias-necesita-una-entidad-institucional-para-afrontar-el-futuro-de-la-salud-publica\/#breadcrumb\",\"itemListElement\":[{\"@type\":\"ListItem\",\"position\":1,\"name\":\"Portada\",\"item\":\"https:\/\/www.coflaspalmas.es\/\"},{\"@type\":\"ListItem\",\"position\":2,\"name\":\"Canarias necesita una entidad institucional para afrontar el futuro de la salud p\u00fablica\"}]},{\"@type\":\"WebSite\",\"@id\":\"https:\/\/www.coflaspalmas.es\/#website\",\"url\":\"https:\/\/www.coflaspalmas.es\/\",\"name\":\"COF Las Palmas\",\"description\":\"Colegio de Farmac\u00e9uticos Las Palmas.\",\"potentialAction\":[{\"@type\":\"SearchAction\",\"target\":{\"@type\":\"EntryPoint\",\"urlTemplate\":\"https:\/\/www.coflaspalmas.es\/?s={search_term_string}\"},\"query-input\":{\"@type\":\"PropertyValueSpecification\",\"valueRequired\":true,\"valueName\":\"search_term_string\"}}],\"inLanguage\":\"it-IT\"},{\"@type\":\"Person\",\"@id\":\"https:\/\/www.coflaspalmas.es\/#\/schema\/person\/ccf588cbe6c4345ebe4086a038142b96\",\"name\":\"soporte\",\"image\":{\"@type\":\"ImageObject\",\"inLanguage\":\"it-IT\",\"@id\":\"https:\/\/www.coflaspalmas.es\/#\/schema\/person\/image\/\",\"url\":\"https:\/\/secure.gravatar.com\/avatar\/d654455f4c3e474456c4922a586b96e354b5a500cfe1f1f2f60ef083808bf21b?s=96&d=mm&r=g\",\"contentUrl\":\"https:\/\/secure.gravatar.com\/avatar\/d654455f4c3e474456c4922a586b96e354b5a500cfe1f1f2f60ef083808bf21b?s=96&d=mm&r=g\",\"caption\":\"soporte\"},\"url\":\"https:\/\/www.coflaspalmas.es\/it\/author\/soporte\/\"}]}<\/script>\n<!-- \/ Yoast SEO plugin. -->","yoast_head_json":{"title":"Canarias necesita una entidad institucional para afrontar el futuro de la salud p\u00fablica - COFLP","robots":{"index":"index","follow":"follow","max-snippet":"max-snippet:-1","max-image-preview":"max-image-preview:large","max-video-preview":"max-video-preview:-1"},"canonical":"https:\/\/www.coflaspalmas.es\/it\/canarias-necesita-una-entidad-institucional-para-afrontar-el-futuro-de-la-salud-publica\/","og_locale":"it_IT","og_type":"article","og_title":"Canarias necesita una entidad institucional para afrontar el futuro de la salud p\u00fablica - COFLP","og_description":"Manuel Herrera, coordinador de la Unidad de Apoyo de la Direcci\u00f3n General de Salud P\u00fablica del Servicio Canario de la Salud y vocal de Salud P\u00fablica del COFLP, se\u00f1al\u00f3 que Canarias \u201cdebe plantearse ya la creaci\u00f3n de una nueva instituci\u00f3n de car\u00e1cter p\u00fablico que vele por los retos emergentes de la salud p\u00fablica\u201d. Herrera hizo [&hellip;]","og_url":"https:\/\/www.coflaspalmas.es\/it\/canarias-necesita-una-entidad-institucional-para-afrontar-el-futuro-de-la-salud-publica\/","og_site_name":"COFLP","article_published_time":"2025-05-09T16:02:17+00:00","article_modified_time":"2025-11-12T09:11:28+00:00","og_image":[{"width":500,"height":500,"url":"https:\/\/www.coflaspalmas.es\/wp-content\/uploads\/2025\/05\/Q6A6357-Mejorado-NR-500x500-1.jpg?wsr","type":"image\/jpeg"}],"author":"soporte","twitter_card":"summary_large_image","twitter_misc":{"Scritto da":"soporte","Tempo di lettura stimato":"5 minuti"},"schema":{"@context":"https:\/\/schema.org","@graph":[{"@type":"WebPage","@id":"https:\/\/www.coflaspalmas.es\/canarias-necesita-una-entidad-institucional-para-afrontar-el-futuro-de-la-salud-publica\/","url":"https:\/\/www.coflaspalmas.es\/canarias-necesita-una-entidad-institucional-para-afrontar-el-futuro-de-la-salud-publica\/","name":"Canarias necesita una entidad institucional para afrontar el futuro de la salud p\u00fablica - COFLP","isPartOf":{"@id":"https:\/\/www.coflaspalmas.es\/#website"},"primaryImageOfPage":{"@id":"https:\/\/www.coflaspalmas.es\/canarias-necesita-una-entidad-institucional-para-afrontar-el-futuro-de-la-salud-publica\/#primaryimage"},"image":{"@id":"https:\/\/www.coflaspalmas.es\/canarias-necesita-una-entidad-institucional-para-afrontar-el-futuro-de-la-salud-publica\/#primaryimage"},"thumbnailUrl":"https:\/\/www.coflaspalmas.es\/wp-content\/uploads\/2025\/05\/Q6A6357-Mejorado-NR-500x500-1.jpg?wsr","datePublished":"2025-05-09T16:02:17+00:00","dateModified":"2025-11-12T09:11:28+00:00","author":{"@id":"https:\/\/www.coflaspalmas.es\/#\/schema\/person\/ccf588cbe6c4345ebe4086a038142b96"},"breadcrumb":{"@id":"https:\/\/www.coflaspalmas.es\/canarias-necesita-una-entidad-institucional-para-afrontar-el-futuro-de-la-salud-publica\/#breadcrumb"},"inLanguage":"it-IT","potentialAction":[{"@type":"ReadAction","target":["https:\/\/www.coflaspalmas.es\/canarias-necesita-una-entidad-institucional-para-afrontar-el-futuro-de-la-salud-publica\/"]}]},{"@type":"ImageObject","inLanguage":"it-IT","@id":"https:\/\/www.coflaspalmas.es\/canarias-necesita-una-entidad-institucional-para-afrontar-el-futuro-de-la-salud-publica\/#primaryimage","url":"https:\/\/www.coflaspalmas.es\/wp-content\/uploads\/2025\/05\/Q6A6357-Mejorado-NR-500x500-1.jpg?wsr","contentUrl":"https:\/\/www.coflaspalmas.es\/wp-content\/uploads\/2025\/05\/Q6A6357-Mejorado-NR-500x500-1.jpg?wsr","width":500,"height":500},{"@type":"BreadcrumbList","@id":"https:\/\/www.coflaspalmas.es\/canarias-necesita-una-entidad-institucional-para-afrontar-el-futuro-de-la-salud-publica\/#breadcrumb","itemListElement":[{"@type":"ListItem","position":1,"name":"Portada","item":"https:\/\/www.coflaspalmas.es\/"},{"@type":"ListItem","position":2,"name":"Canarias necesita una entidad institucional para afrontar el futuro de la salud p\u00fablica"}]},{"@type":"WebSite","@id":"https:\/\/www.coflaspalmas.es\/#website","url":"https:\/\/www.coflaspalmas.es\/","name":"COF Las Palmas","description":"Colegio de Farmac\u00e9uticos Las Palmas.","potentialAction":[{"@type":"SearchAction","target":{"@type":"EntryPoint","urlTemplate":"https:\/\/www.coflaspalmas.es\/?s={search_term_string}"},"query-input":{"@type":"PropertyValueSpecification","valueRequired":true,"valueName":"search_term_string"}}],"inLanguage":"it-IT"},{"@type":"Person","@id":"https:\/\/www.coflaspalmas.es\/#\/schema\/person\/ccf588cbe6c4345ebe4086a038142b96","name":"soporte","image":{"@type":"ImageObject","inLanguage":"it-IT","@id":"https:\/\/www.coflaspalmas.es\/#\/schema\/person\/image\/","url":"https:\/\/secure.gravatar.com\/avatar\/d654455f4c3e474456c4922a586b96e354b5a500cfe1f1f2f60ef083808bf21b?s=96&d=mm&r=g","contentUrl":"https:\/\/secure.gravatar.com\/avatar\/d654455f4c3e474456c4922a586b96e354b5a500cfe1f1f2f60ef083808bf21b?s=96&d=mm&r=g","caption":"soporte"},"url":"https:\/\/www.coflaspalmas.es\/it\/author\/soporte\/"}]}},"_links":{"self":[{"href":"https:\/\/www.coflaspalmas.es\/it\/wp-json\/wp\/v2\/posts\/107061","targetHints":{"allow":["GET"]}}],"collection":[{"href":"https:\/\/www.coflaspalmas.es\/it\/wp-json\/wp\/v2\/posts"}],"about":[{"href":"https:\/\/www.coflaspalmas.es\/it\/wp-json\/wp\/v2\/types\/post"}],"author":[{"embeddable":true,"href":"https:\/\/www.coflaspalmas.es\/it\/wp-json\/wp\/v2\/users\/2427"}],"replies":[{"embeddable":true,"href":"https:\/\/www.coflaspalmas.es\/it\/wp-json\/wp\/v2\/comments?post=107061"}],"version-history":[{"count":1,"href":"https:\/\/www.coflaspalmas.es\/it\/wp-json\/wp\/v2\/posts\/107061\/revisions"}],"predecessor-version":[{"id":26046081,"href":"https:\/\/www.coflaspalmas.es\/it\/wp-json\/wp\/v2\/posts\/107061\/revisions\/26046081"}],"wp:featuredmedia":[{"embeddable":true,"href":"https:\/\/www.coflaspalmas.es\/it\/wp-json\/wp\/v2\/media\/26046332"}],"wp:attachment":[{"href":"https:\/\/www.coflaspalmas.es\/it\/wp-json\/wp\/v2\/media?parent=107061"}],"wp:term":[{"taxonomy":"category","embeddable":true,"href":"https:\/\/www.coflaspalmas.es\/it\/wp-json\/wp\/v2\/categories?post=107061"},{"taxonomy":"post_tag","embeddable":true,"href":"https:\/\/www.coflaspalmas.es\/it\/wp-json\/wp\/v2\/tags?post=107061"}],"curies":[{"name":"wp","href":"https:\/\/api.w.org\/{rel}","templated":true}]}}