{"id":107072,"date":"2025-05-10T16:33:55","date_gmt":"2025-05-10T14:33:55","guid":{"rendered":"https:\/\/www.coflaspalmas.es\/?p=107072"},"modified":"2025-11-12T10:11:28","modified_gmt":"2025-11-12T09:11:28","slug":"canarias-cuenta-desde-hoy-con-el-libro-blanco-de-servicios-asistenciales-farmaceuticos","status":"publish","type":"post","link":"https:\/\/www.coflaspalmas.es\/it\/canarias-cuenta-desde-hoy-con-el-libro-blanco-de-servicios-asistenciales-farmaceuticos\/","title":{"rendered":"Le Canarie dispongono da oggi del \u201cLibro bianco dei servizi assistenziali farmaceutici\u201d.\u201d"},"content":{"rendered":"<p><span style=\"font-family: helvetica, arial, sans-serif;\"><img loading=\"lazy\" decoding=\"async\" class=\"wp-image-107074 alignleft\" src=\"https:\/\/www.coflaspalmas.es\/wp-content\/uploads\/2025\/05\/Q6A6711-Mejorado-NR-300x200.jpg\" alt=\"\" width=\"541\" height=\"360\" \/>Nell'ambito delle X Giornate Farmaceutiche delle Canarie, il segretario del Consiglio dei Collegi Farmaceutici delle Canarie (COFCAN), Francisco Miranda, ha presentato il documento Servizi Farmaceutici Assistenziali (SPFA) nelle farmacie delle Canarie, il cosiddetto Libro Bianco, che raccoglie il riconoscimento della formazione dei professionisti e dell'accreditamento della farmacia per l'erogazione di servizi assistenziali alla popolazione.<\/span><\/p>\n<p><span style=\"font-family: helvetica, arial, sans-serif;\">Miranda ha sottolineato che \u201cci sono due pilastri fondamentali su cui deve svolgersi l'esercizio della professione. Da un lato, ci\u00f2 che la legislazione definisce come competenze e, dall'altro, ci\u00f2 che la societ\u00e0 si aspetta dai farmacisti per soddisfare le loro esigenze sanitarie\u201d.<\/span><\/p>\n<p><span style=\"font-family: helvetica, arial, sans-serif;\">Per quanto riguarda il primo punto, \u00e8 sufficiente fare riferimento alle norme che regolano le competenze, i doveri e gli obblighi del professionista, ma per quanto riguarda il secondo, \u201csi tratta di affinare l'offerta assistenziale della farmacia comunitaria per soddisfare le esigenze manifestate dalla popolazione, e questo deve essere affrontato professionalmente in modo omogeneo sulla base di servizi perfettamente definiti, strutturati e tracciabili. Allo stesso modo, valorizza l'elevato numero di professionisti presenti nella farmacia canaria, che fa s\u00ec che siamo la regione europea con il maggior numero di laureati in farmacia per paziente, il che rappresenta una conquista sociale nel nostro territorio\u201d.<\/span><\/p>\n<p><span style=\"font-family: helvetica, arial, sans-serif;\">\u201cDobbiamo essere sempre attenti a ci\u00f2 che i pazienti ci chiedono e apprezzano di noi, come professionisti accessibili, vicini, affidabili e con cui possono stabilire una relazione a lungo termine e, sulla base di questi punti di forza, rispondere alle loro richieste di una farmacia comunitaria pi\u00f9 integrata nel sistema sanitario, che li aiuti ad affrontare meglio la malattia e li accompagni nella sfida della longevit\u00e0 che abbiamo come societ\u00e0\u201d, ha affermato.<\/span><\/p>\n<p><span style=\"font-family: helvetica, arial, sans-serif;\">Si tratta quindi di creare un quadro che aiuti la popolazione a individuare i servizi professionali di cui necessita, al di l\u00e0 della tradizionale dispensazione di farmaci, e che siano erogati da professionisti eccellenti sotto un ombrello di unificazione dei criteri di qualit\u00e0 che garantisca l'equit\u00e0 nell'accesso agli stessi.<\/span><\/p>\n<p><span style=\"font-family: helvetica, arial, sans-serif;\">Per aiutare i professionisti a raggiungere tale obiettivo, gli ordini farmaceutici delle Canarie offriranno una formazione continua per la qualificazione.<img loading=\"lazy\" decoding=\"async\" class=\"wp-image-107075 alignright\" src=\"https:\/\/www.coflaspalmas.es\/wp-content\/uploads\/2025\/05\/Q6A6261-Mejorado-NR-300x200.jpg\" alt=\"\" width=\"390\" height=\"260\" \/><\/span><\/p>\n<p><span style=\"font-family: helvetica, arial, sans-serif;\">Tra i PSFA rientrano la conciliazione della terapia farmacologica, la vaccinazione, il ripristino dei medicinali tramite SDI, la farmacovigilanza, la cessazione del fumo, l'educazione sanitaria, la sicurezza e l'igiene alimentare, la salute ambientale, la misurazione dei parametri clinici, lo screening, la consulenza nutrizionale e la determinazione del rischio di sviluppare una malattia, tra gli altri.<\/span><\/p>\n<p><span style=\"font-family: helvetica, arial, sans-serif;\">Il tavolo sulla Dispensazione Collaborativa di Farmaci DHDH, al quale hanno partecipato la direttrice generale dei Programmi Assistenziali del Governo delle Canarie, Antonia Mar\u00eda P\u00e9rez; il capo del Servizio di Ordinazione Farmaceutica del Servizio Sanitario delle Canarie, Rodolfo R\u00edos Rull; il fondatore di SEFAC Canarias, Bartolom\u00e9 Dom\u00ednguez del R\u00edo; e la tecnica della Direzione Generale del Paziente, Marina Mart\u00edn, ha messo in evidenza come sia possibile un modello di lavoro congiunto tra diversi ambiti del sistema sanitario (farmacie ospedaliere, distribuzione farmaceutica a gamma completa e farmacia comunitaria) che consente un avvicinamento efficiente al paziente, facilitandone l'accesso attraverso la farmacia comunitaria ai trattamenti ristretti all'ambiente ospedaliero, in modo controllato e sicuro con la continuit\u00e0 assistenziale fornita dalla custodia del farmaco da parte del farmacista.<\/span><\/p>\n<p><span style=\"font-family: helvetica, arial, sans-serif;\">Combina il rigore dell'ambiente ospedaliero con l'accessibilit\u00e0, la flessibilit\u00e0 e la vicinanza della farmacia comunitaria in un processo che \u00e8 stato protocolizzato, garantendo la riservatezza e la tracciabilit\u00e0 in tempo reale.<\/span><\/p>\n<p><span style=\"font-family: helvetica, arial, sans-serif;\">La qualit\u00e0 si riflette nella soddisfazione dei pazienti e i benefici sono visibili a tutti gli attori coinvolti, sottolineando la comodit\u00e0 per il paziente, la distribuzione sicura da parte di uno specialista e la decongestione del sistema ospedaliero.<\/span><\/p>\n<p><span style=\"font-family: helvetica, arial, sans-serif;\">Per poter essere realizzato, oltre all'indispensabile coordinamento, richiede di disporre di un sistema di registrazione e monitoraggio in tempo reale.<\/span><br \/>\n<span style=\"font-family: helvetica, arial, sans-serif;\">I partecipanti hanno concordato sulla capacit\u00e0 del farmacista comunitario, oltre alla dispensazione del trattamento, di rafforzare il sistema migliorando le informazioni fornite al paziente al riguardo, nonch\u00e9 di condurre un monitoraggio farmacoterapeutico e di aderenza che consenta di valutarne i risultati.<\/span><\/p>\n<p><span style=\"font-family: helvetica, arial, sans-serif;\">Sia la formazione che le informazioni specifiche sono fondamentali per sviluppare questo lavoro.<\/span><\/p>\n<p><strong><span style=\"font-family: helvetica, arial, sans-serif;\">SPD<\/span><\/strong><br \/>\n<span style=\"font-family: helvetica, arial, sans-serif;\">Il SPD \u00e8 una SPFA di riconfezionamento settimanale della medicazione il cui obiettivo principale \u00e8 il miglioramento dell'aderenza al trattamento farmacologico facilitando il suo corretto utilizzo mediante un'adeguata preparazione e supervisione da parte di un farmacista.<\/span><\/p>\n<p><span style=\"font-family: helvetica, arial, sans-serif;\">La normativa que aplica en su regulaci\u00f3n determina que las condiciones y requisitos deben ser establecidas por las administraciones sanitarias competentes, con regulaciones auton\u00f3micas muy diversas.<\/span><\/p>\n<p><span style=\"font-family: helvetica, arial, sans-serif;\">Nelle Canarie si sta lavorando a una bozza in linea con i criteri concordati dal Comitato Tecnico di Ispezione dell'AEMPS e il sistema sanitario sta lavorando al miglioramento degli strumenti che permettano di svilupparla in modo coordinato tra tutti gli agenti coinvolti.<\/span><\/p>\n<p><strong><span style=\"font-family: helvetica, arial, sans-serif;\"><img loading=\"lazy\" decoding=\"async\" class=\"wp-image-107076 alignleft\" src=\"https:\/\/www.coflaspalmas.es\/wp-content\/uploads\/2025\/05\/Q6A7163-Mejorado-NR-300x200.jpg\" alt=\"\" width=\"409\" height=\"273\" \/>L'allegato<\/span><\/strong><br \/>\n<span style=\"font-family: helvetica, arial, sans-serif;\">Il tavolo sviluppato sul ruolo del farmacista assistente ha sottolineato l'importanza di rafforzare il loro ruolo per promuovere una maggiore capacit\u00e0 assistenziale, enfatizzando il loro contributo all'assistenza sanitaria e promuovendo una farmacia pi\u00f9 globale e accessibile.<\/span><br \/>\n<span style=\"font-family: helvetica, arial, sans-serif;\">\u00c8 stata sottolineata la necessit\u00e0 di trasformare il modello di lavoro nelle farmacie territoriali, dove il farmacista collaboratore guidi un team che lavori in modo integrato e collaborativo, potenziando la vicinanza con i pazienti e l'individuazione di bisogni specifici.<\/span><br \/>\n<span style=\"font-family: helvetica, arial, sans-serif;\">Inoltre, \u00e8 stato evidenziato il valore della farmacia nello sviluppo di competenze professionali e nel consolidamento di una rete di farmacisti.<\/span><\/p>\n<p><span style=\"font-family: helvetica, arial, sans-serif;\">Il ruolo della formazione continua e dello sviluppo delle competenze \u00e8 stato un altro punto chiave, considerato un pilastro fondamentale per promuovere i servizi professionali in farmacia.<\/span><\/p>\n<p><span style=\"font-family: helvetica, arial, sans-serif;\">Infine, sono state affrontate le sfide attuali del farmacista associato, sottolineando la necessit\u00e0 di un maggiore riconoscimento professionale e di una maggiore autonomia decisionale.<\/span><\/p>\n<p><span style=\"font-family: helvetica, arial, sans-serif;\">La sua vicinanza al paziente gli conferisce una capacit\u00e0 unica di individuare bisogni specifici, contribuendo in modo significativo alla prevenzione delle malattie e alla promozione di abitudini sane nella comunit\u00e0.<\/span><\/p>\n<p><strong><span style=\"font-family: helvetica, arial, sans-serif;\">Chiusura<\/span><\/strong><br \/>\n<span style=\"font-family: helvetica, arial, sans-serif;\"><img loading=\"lazy\" decoding=\"async\" class=\"wp-image-107077 alignleft\" src=\"https:\/\/www.coflaspalmas.es\/wp-content\/uploads\/2025\/05\/Q6A7024-Mejorado-NR-300x200.jpg\" alt=\"\" width=\"335\" height=\"223\" \/>La presidente del COFLP, Loreto G\u00f3mez, che ha chiuso il convegno, ha sottolineato l\u2019importanza dell\u2019impegno che i farmacisti hanno nei confronti della societ\u00e0 e il loro ruolo in ambito sanitario, ma ha avvertito che tale impegno \u201cobbliga a una formazione e aggiornamento permanente\u201d, e ha esortato a lottare e applicare i servizi farmaceutici in tutta la loro dimensione.<\/span><\/p>\n<p><span style=\"font-family: helvetica, arial, sans-serif;\">Sono stati inoltre consegnati i premi per i poster scientifici presentati, pi\u00f9 di una trentina, con il primo premio a Juan Ram\u00f3n Santana Ayal (<em>Uso de Omeprazolo e Rischi di Interazione Farmacologica: Rilevamento e Prevenzione nell'Assistenza Farmaceutica<\/em>); il secondo per Cecilia Monz\u00f3n Rodr\u00edguez (<em>Impatto di una Strategia di Ricertificazione Continua del Farmacista: un anno di implementazione<\/em>), e il terzo per Manuel \u00c1ngel Galv\u00e1n Gonz\u00e1lez (<em>Evoluzione del Progetto di Comunicazione tra Centri Sanitari e Farmacie: Impatto sull'assistenza farmaceutica e riduzione delle visite in presenza<\/em>).<\/span><\/p>\n<p><img loading=\"lazy\" decoding=\"async\" class=\"alignnone size-medium wp-image-107078\" src=\"https:\/\/www.coflaspalmas.es\/wp-content\/uploads\/2025\/05\/Q6A6181-Mejorado-NR-300x200.jpg\" alt=\"\" width=\"300\" height=\"200\" \/> \u00a0<img loading=\"lazy\" decoding=\"async\" class=\"alignnone size-medium wp-image-107079\" src=\"https:\/\/www.coflaspalmas.es\/wp-content\/uploads\/2025\/05\/Q6A6878-Mejorado-NR-300x200.jpg\" alt=\"\" width=\"300\" height=\"200\" \/> \u00a0<img loading=\"lazy\" decoding=\"async\" class=\"alignnone size-medium wp-image-107080\" src=\"https:\/\/www.coflaspalmas.es\/wp-content\/uploads\/2025\/05\/Q6A6979-Mejorado-NR-300x200.jpg\" alt=\"\" width=\"300\" height=\"200\" \/><img loading=\"lazy\" decoding=\"async\" class=\"alignnone size-medium wp-image-107081\" src=\"https:\/\/www.coflaspalmas.es\/wp-content\/uploads\/2025\/05\/Q6A7062-Mejorado-NR-300x200.jpg\" alt=\"\" width=\"300\" height=\"200\" \/> \u00a0<img loading=\"lazy\" decoding=\"async\" class=\"alignnone size-medium wp-image-107082\" src=\"https:\/\/www.coflaspalmas.es\/wp-content\/uploads\/2025\/05\/Q6A7117-Mejorado-NR-300x200.jpg\" alt=\"\" width=\"300\" height=\"200\" \/> \u00a0<img loading=\"lazy\" decoding=\"async\" class=\"alignnone size-medium wp-image-107083\" src=\"https:\/\/www.coflaspalmas.es\/wp-content\/uploads\/2025\/05\/Q6A7293-300x200.jpg\" alt=\"\" width=\"300\" height=\"200\" \/><\/p>","protected":false},"excerpt":{"rendered":"<p>En el marco de las X Jornadas Farmac\u00e9utica Canarias, el secretario del Consejo de Colegios Farmac\u00e9uticos de Canarias (COFCAN), Francisco Miranda, present\u00f3 el documento Servicios Profesionales Farmac\u00e9uticos Asistenciales (SPFA) en las oficinas de farmacia de Canarias, el llamado Libro Blanco, y que recoge el reconocimiento de la capacitaci\u00f3n de los profesionales y acreditaci\u00f3n de la [&hellip;]<\/p>\n","protected":false},"author":2427,"featured_media":26046330,"comment_status":"closed","ping_status":"closed","sticky":false,"template":"","format":"standard","meta":{"_et_pb_use_builder":"","_et_pb_old_content":"","_et_gb_content_width":"","footnotes":""},"categories":[247,11],"tags":[],"class_list":["post-107072","post","type-post","status-publish","format-standard","has-post-thumbnail","hentry","category-boletin-2025","category-noticias"],"yoast_head":"<!-- This site is optimized with the Yoast SEO plugin v24.7 - https:\/\/yoast.com\/wordpress\/plugins\/seo\/ -->\n<title>Canarias cuenta desde hoy con el \u201cLibro blanco de Servicios Asistenciales Farmac\u00e9uticos\u201d - COFLP<\/title>\n<meta name=\"robots\" content=\"index, follow, max-snippet:-1, max-image-preview:large, max-video-preview:-1\" \/>\n<link rel=\"canonical\" href=\"https:\/\/www.coflaspalmas.es\/it\/canarias-cuenta-desde-hoy-con-el-libro-blanco-de-servicios-asistenciales-farmaceuticos\/\" \/>\n<meta property=\"og:locale\" content=\"it_IT\" \/>\n<meta property=\"og:type\" content=\"article\" \/>\n<meta property=\"og:title\" content=\"Canarias cuenta desde hoy con el \u201cLibro blanco de Servicios Asistenciales Farmac\u00e9uticos\u201d - COFLP\" \/>\n<meta property=\"og:description\" content=\"En el marco de las X Jornadas Farmac\u00e9utica Canarias, el secretario del Consejo de Colegios Farmac\u00e9uticos de Canarias (COFCAN), Francisco Miranda, present\u00f3 el documento Servicios Profesionales Farmac\u00e9uticos Asistenciales (SPFA) en las oficinas de farmacia de Canarias, el llamado Libro Blanco, y que recoge el reconocimiento de la capacitaci\u00f3n de los profesionales y acreditaci\u00f3n de la [&hellip;]\" \/>\n<meta property=\"og:url\" content=\"https:\/\/www.coflaspalmas.es\/it\/canarias-cuenta-desde-hoy-con-el-libro-blanco-de-servicios-asistenciales-farmaceuticos\/\" \/>\n<meta property=\"og:site_name\" content=\"COFLP\" \/>\n<meta property=\"article:published_time\" content=\"2025-05-10T14:33:55+00:00\" \/>\n<meta property=\"article:modified_time\" content=\"2025-11-12T09:11:28+00:00\" \/>\n<meta property=\"og:image\" content=\"https:\/\/www.coflaspalmas.es\/wp-content\/uploads\/2025\/05\/Q6A6988-500x500-1.jpg?wsr\" \/>\n\t<meta property=\"og:image:width\" content=\"500\" \/>\n\t<meta property=\"og:image:height\" content=\"500\" \/>\n\t<meta property=\"og:image:type\" content=\"image\/jpeg\" \/>\n<meta name=\"author\" content=\"soporte\" \/>\n<meta name=\"twitter:card\" content=\"summary_large_image\" \/>\n<meta name=\"twitter:label1\" content=\"Scritto da\" \/>\n\t<meta name=\"twitter:data1\" content=\"soporte\" \/>\n\t<meta name=\"twitter:label2\" content=\"Tempo di lettura stimato\" \/>\n\t<meta name=\"twitter:data2\" content=\"8 minuti\" \/>\n<script type=\"application\/ld+json\" class=\"yoast-schema-graph\">{\"@context\":\"https:\/\/schema.org\",\"@graph\":[{\"@type\":\"WebPage\",\"@id\":\"https:\/\/www.coflaspalmas.es\/canarias-cuenta-desde-hoy-con-el-libro-blanco-de-servicios-asistenciales-farmaceuticos\/\",\"url\":\"https:\/\/www.coflaspalmas.es\/canarias-cuenta-desde-hoy-con-el-libro-blanco-de-servicios-asistenciales-farmaceuticos\/\",\"name\":\"Canarias cuenta desde hoy con el \u201cLibro blanco de Servicios Asistenciales Farmac\u00e9uticos\u201d - COFLP\",\"isPartOf\":{\"@id\":\"https:\/\/www.coflaspalmas.es\/#website\"},\"primaryImageOfPage\":{\"@id\":\"https:\/\/www.coflaspalmas.es\/canarias-cuenta-desde-hoy-con-el-libro-blanco-de-servicios-asistenciales-farmaceuticos\/#primaryimage\"},\"image\":{\"@id\":\"https:\/\/www.coflaspalmas.es\/canarias-cuenta-desde-hoy-con-el-libro-blanco-de-servicios-asistenciales-farmaceuticos\/#primaryimage\"},\"thumbnailUrl\":\"https:\/\/www.coflaspalmas.es\/wp-content\/uploads\/2025\/05\/Q6A6988-500x500-1.jpg?wsr\",\"datePublished\":\"2025-05-10T14:33:55+00:00\",\"dateModified\":\"2025-11-12T09:11:28+00:00\",\"author\":{\"@id\":\"https:\/\/www.coflaspalmas.es\/#\/schema\/person\/ccf588cbe6c4345ebe4086a038142b96\"},\"breadcrumb\":{\"@id\":\"https:\/\/www.coflaspalmas.es\/canarias-cuenta-desde-hoy-con-el-libro-blanco-de-servicios-asistenciales-farmaceuticos\/#breadcrumb\"},\"inLanguage\":\"it-IT\",\"potentialAction\":[{\"@type\":\"ReadAction\",\"target\":[\"https:\/\/www.coflaspalmas.es\/canarias-cuenta-desde-hoy-con-el-libro-blanco-de-servicios-asistenciales-farmaceuticos\/\"]}]},{\"@type\":\"ImageObject\",\"inLanguage\":\"it-IT\",\"@id\":\"https:\/\/www.coflaspalmas.es\/canarias-cuenta-desde-hoy-con-el-libro-blanco-de-servicios-asistenciales-farmaceuticos\/#primaryimage\",\"url\":\"https:\/\/www.coflaspalmas.es\/wp-content\/uploads\/2025\/05\/Q6A6988-500x500-1.jpg?wsr\",\"contentUrl\":\"https:\/\/www.coflaspalmas.es\/wp-content\/uploads\/2025\/05\/Q6A6988-500x500-1.jpg?wsr\",\"width\":500,\"height\":500},{\"@type\":\"BreadcrumbList\",\"@id\":\"https:\/\/www.coflaspalmas.es\/canarias-cuenta-desde-hoy-con-el-libro-blanco-de-servicios-asistenciales-farmaceuticos\/#breadcrumb\",\"itemListElement\":[{\"@type\":\"ListItem\",\"position\":1,\"name\":\"Portada\",\"item\":\"https:\/\/www.coflaspalmas.es\/\"},{\"@type\":\"ListItem\",\"position\":2,\"name\":\"Canarias cuenta desde hoy con el \u201cLibro blanco de Servicios Asistenciales Farmac\u00e9uticos\u201d\"}]},{\"@type\":\"WebSite\",\"@id\":\"https:\/\/www.coflaspalmas.es\/#website\",\"url\":\"https:\/\/www.coflaspalmas.es\/\",\"name\":\"COF Las Palmas\",\"description\":\"Colegio de Farmac\u00e9uticos Las Palmas.\",\"potentialAction\":[{\"@type\":\"SearchAction\",\"target\":{\"@type\":\"EntryPoint\",\"urlTemplate\":\"https:\/\/www.coflaspalmas.es\/?s={search_term_string}\"},\"query-input\":{\"@type\":\"PropertyValueSpecification\",\"valueRequired\":true,\"valueName\":\"search_term_string\"}}],\"inLanguage\":\"it-IT\"},{\"@type\":\"Person\",\"@id\":\"https:\/\/www.coflaspalmas.es\/#\/schema\/person\/ccf588cbe6c4345ebe4086a038142b96\",\"name\":\"soporte\",\"image\":{\"@type\":\"ImageObject\",\"inLanguage\":\"it-IT\",\"@id\":\"https:\/\/www.coflaspalmas.es\/#\/schema\/person\/image\/\",\"url\":\"https:\/\/secure.gravatar.com\/avatar\/d654455f4c3e474456c4922a586b96e354b5a500cfe1f1f2f60ef083808bf21b?s=96&d=mm&r=g\",\"contentUrl\":\"https:\/\/secure.gravatar.com\/avatar\/d654455f4c3e474456c4922a586b96e354b5a500cfe1f1f2f60ef083808bf21b?s=96&d=mm&r=g\",\"caption\":\"soporte\"},\"url\":\"https:\/\/www.coflaspalmas.es\/it\/author\/soporte\/\"}]}<\/script>\n<!-- \/ Yoast SEO plugin. -->","yoast_head_json":{"title":"Canarias cuenta desde hoy con el \u201cLibro blanco de Servicios Asistenciales Farmac\u00e9uticos\u201d - COFLP","robots":{"index":"index","follow":"follow","max-snippet":"max-snippet:-1","max-image-preview":"max-image-preview:large","max-video-preview":"max-video-preview:-1"},"canonical":"https:\/\/www.coflaspalmas.es\/it\/canarias-cuenta-desde-hoy-con-el-libro-blanco-de-servicios-asistenciales-farmaceuticos\/","og_locale":"it_IT","og_type":"article","og_title":"Canarias cuenta desde hoy con el \u201cLibro blanco de Servicios Asistenciales Farmac\u00e9uticos\u201d - COFLP","og_description":"En el marco de las X Jornadas Farmac\u00e9utica Canarias, el secretario del Consejo de Colegios Farmac\u00e9uticos de Canarias (COFCAN), Francisco Miranda, present\u00f3 el documento Servicios Profesionales Farmac\u00e9uticos Asistenciales (SPFA) en las oficinas de farmacia de Canarias, el llamado Libro Blanco, y que recoge el reconocimiento de la capacitaci\u00f3n de los profesionales y acreditaci\u00f3n de la [&hellip;]","og_url":"https:\/\/www.coflaspalmas.es\/it\/canarias-cuenta-desde-hoy-con-el-libro-blanco-de-servicios-asistenciales-farmaceuticos\/","og_site_name":"COFLP","article_published_time":"2025-05-10T14:33:55+00:00","article_modified_time":"2025-11-12T09:11:28+00:00","og_image":[{"width":500,"height":500,"url":"https:\/\/www.coflaspalmas.es\/wp-content\/uploads\/2025\/05\/Q6A6988-500x500-1.jpg?wsr","type":"image\/jpeg"}],"author":"soporte","twitter_card":"summary_large_image","twitter_misc":{"Scritto da":"soporte","Tempo di lettura stimato":"8 minuti"},"schema":{"@context":"https:\/\/schema.org","@graph":[{"@type":"WebPage","@id":"https:\/\/www.coflaspalmas.es\/canarias-cuenta-desde-hoy-con-el-libro-blanco-de-servicios-asistenciales-farmaceuticos\/","url":"https:\/\/www.coflaspalmas.es\/canarias-cuenta-desde-hoy-con-el-libro-blanco-de-servicios-asistenciales-farmaceuticos\/","name":"Canarias cuenta desde hoy con el \u201cLibro blanco de Servicios Asistenciales Farmac\u00e9uticos\u201d - COFLP","isPartOf":{"@id":"https:\/\/www.coflaspalmas.es\/#website"},"primaryImageOfPage":{"@id":"https:\/\/www.coflaspalmas.es\/canarias-cuenta-desde-hoy-con-el-libro-blanco-de-servicios-asistenciales-farmaceuticos\/#primaryimage"},"image":{"@id":"https:\/\/www.coflaspalmas.es\/canarias-cuenta-desde-hoy-con-el-libro-blanco-de-servicios-asistenciales-farmaceuticos\/#primaryimage"},"thumbnailUrl":"https:\/\/www.coflaspalmas.es\/wp-content\/uploads\/2025\/05\/Q6A6988-500x500-1.jpg?wsr","datePublished":"2025-05-10T14:33:55+00:00","dateModified":"2025-11-12T09:11:28+00:00","author":{"@id":"https:\/\/www.coflaspalmas.es\/#\/schema\/person\/ccf588cbe6c4345ebe4086a038142b96"},"breadcrumb":{"@id":"https:\/\/www.coflaspalmas.es\/canarias-cuenta-desde-hoy-con-el-libro-blanco-de-servicios-asistenciales-farmaceuticos\/#breadcrumb"},"inLanguage":"it-IT","potentialAction":[{"@type":"ReadAction","target":["https:\/\/www.coflaspalmas.es\/canarias-cuenta-desde-hoy-con-el-libro-blanco-de-servicios-asistenciales-farmaceuticos\/"]}]},{"@type":"ImageObject","inLanguage":"it-IT","@id":"https:\/\/www.coflaspalmas.es\/canarias-cuenta-desde-hoy-con-el-libro-blanco-de-servicios-asistenciales-farmaceuticos\/#primaryimage","url":"https:\/\/www.coflaspalmas.es\/wp-content\/uploads\/2025\/05\/Q6A6988-500x500-1.jpg?wsr","contentUrl":"https:\/\/www.coflaspalmas.es\/wp-content\/uploads\/2025\/05\/Q6A6988-500x500-1.jpg?wsr","width":500,"height":500},{"@type":"BreadcrumbList","@id":"https:\/\/www.coflaspalmas.es\/canarias-cuenta-desde-hoy-con-el-libro-blanco-de-servicios-asistenciales-farmaceuticos\/#breadcrumb","itemListElement":[{"@type":"ListItem","position":1,"name":"Portada","item":"https:\/\/www.coflaspalmas.es\/"},{"@type":"ListItem","position":2,"name":"Canarias cuenta desde hoy con el \u201cLibro blanco de Servicios Asistenciales Farmac\u00e9uticos\u201d"}]},{"@type":"WebSite","@id":"https:\/\/www.coflaspalmas.es\/#website","url":"https:\/\/www.coflaspalmas.es\/","name":"COF Las Palmas","description":"Colegio de Farmac\u00e9uticos Las Palmas.","potentialAction":[{"@type":"SearchAction","target":{"@type":"EntryPoint","urlTemplate":"https:\/\/www.coflaspalmas.es\/?s={search_term_string}"},"query-input":{"@type":"PropertyValueSpecification","valueRequired":true,"valueName":"search_term_string"}}],"inLanguage":"it-IT"},{"@type":"Person","@id":"https:\/\/www.coflaspalmas.es\/#\/schema\/person\/ccf588cbe6c4345ebe4086a038142b96","name":"supporto","image":{"@type":"ImageObject","inLanguage":"it-IT","@id":"https:\/\/www.coflaspalmas.es\/#\/schema\/person\/image\/","url":"https:\/\/secure.gravatar.com\/avatar\/d654455f4c3e474456c4922a586b96e354b5a500cfe1f1f2f60ef083808bf21b?s=96&d=mm&r=g","contentUrl":"https:\/\/secure.gravatar.com\/avatar\/d654455f4c3e474456c4922a586b96e354b5a500cfe1f1f2f60ef083808bf21b?s=96&d=mm&r=g","caption":"soporte"},"url":"https:\/\/www.coflaspalmas.es\/it\/author\/soporte\/"}]}},"_links":{"self":[{"href":"https:\/\/www.coflaspalmas.es\/it\/wp-json\/wp\/v2\/posts\/107072","targetHints":{"allow":["GET"]}}],"collection":[{"href":"https:\/\/www.coflaspalmas.es\/it\/wp-json\/wp\/v2\/posts"}],"about":[{"href":"https:\/\/www.coflaspalmas.es\/it\/wp-json\/wp\/v2\/types\/post"}],"author":[{"embeddable":true,"href":"https:\/\/www.coflaspalmas.es\/it\/wp-json\/wp\/v2\/users\/2427"}],"replies":[{"embeddable":true,"href":"https:\/\/www.coflaspalmas.es\/it\/wp-json\/wp\/v2\/comments?post=107072"}],"version-history":[{"count":1,"href":"https:\/\/www.coflaspalmas.es\/it\/wp-json\/wp\/v2\/posts\/107072\/revisions"}],"predecessor-version":[{"id":26046080,"href":"https:\/\/www.coflaspalmas.es\/it\/wp-json\/wp\/v2\/posts\/107072\/revisions\/26046080"}],"wp:featuredmedia":[{"embeddable":true,"href":"https:\/\/www.coflaspalmas.es\/it\/wp-json\/wp\/v2\/media\/26046330"}],"wp:attachment":[{"href":"https:\/\/www.coflaspalmas.es\/it\/wp-json\/wp\/v2\/media?parent=107072"}],"wp:term":[{"taxonomy":"category","embeddable":true,"href":"https:\/\/www.coflaspalmas.es\/it\/wp-json\/wp\/v2\/categories?post=107072"},{"taxonomy":"post_tag","embeddable":true,"href":"https:\/\/www.coflaspalmas.es\/it\/wp-json\/wp\/v2\/tags?post=107072"}],"curies":[{"name":"wp","href":"https:\/\/api.w.org\/{rel}","templated":true}]}}