{"id":107554,"date":"2025-06-04T12:28:14","date_gmt":"2025-06-04T10:28:14","guid":{"rendered":"https:\/\/www.coflaspalmas.es\/?p=107554"},"modified":"2025-11-12T10:11:28","modified_gmt":"2025-11-12T09:11:28","slug":"la-mesa-electoral-proclama-las-candidaturas-para-las-elecciones-del-28-de-junio","status":"publish","type":"post","link":"https:\/\/www.coflaspalmas.es\/it\/la-mesa-electoral-proclama-las-candidaturas-para-las-elecciones-del-28-de-junio\/","title":{"rendered":"La Mesa Electoral proclama las candidaturas para las elecciones del 28 de junio"},"content":{"rendered":"<p><span style=\"font-family: helvetica, arial, sans-serif;\">La Mesa Electoral, reunita il 3 giugno 2025, ha deciso di proclamare le candidature per le elezioni al Consiglio Direttivo del Collegio Ufficiale dei Farmacisti di Las Palmas (COFLP) che si svolgeranno il prossimo 28 giugno 2025, sabato, e in cui sar\u00e0 possibile votare sia di persona che per posta elettronica. Per quanto riguarda la candidatura generale, l'organo direttivo ha approvato le seguenti.<\/span><\/p>\n<p><span style=\"font-family: helvetica, arial, sans-serif;\"><strong>Prima candidatura:<\/strong><\/span><\/p>\n<p><span style=\"font-family: helvetica, arial, sans-serif;\">Presidentessa: Mar\u00eda Loreto G\u00f3mez Guedes.<\/span><br \/>\n<span style=\"font-family: helvetica, arial, sans-serif;\">Vicepresidente: Margarita Ben\u00edtez Armas.<\/span><br \/>\n<span style=\"font-family: helvetica, arial, sans-serif;\">Segretaria: Julia Machado Roa.<\/span><br \/>\n<span style=\"font-family: helvetica, arial, sans-serif;\">Tesoriere: Tom\u00e1s Valido Sanrom\u00e1n.<\/span><br \/>\n<span style=\"font-family: helvetica, arial, sans-serif;\">Contabile: Fernando Artiles Campelo.<\/span><\/p>\n<p><span style=\"font-family: helvetica, arial, sans-serif;\"><strong>Seconda candidatura:<\/strong><\/span><\/p>\n<p><span style=\"font-family: helvetica, arial, sans-serif;\">Presidente: Mar\u00eda Elena Hern\u00e1ndez Navarro.<\/span><br \/>\n<span style=\"font-family: helvetica, arial, sans-serif;\">Vicepresidente: Isabel Concepci\u00f3n del Campo Viedma.<\/span><br \/>\n<span style=\"font-family: helvetica, arial, sans-serif;\">Segretaria: Marta P\u00e9rez Vadillo.<\/span><br \/>\n<span style=\"font-family: helvetica, arial, sans-serif;\">Tesoriere: Arturo Aragon\u00e9s Miranda.<\/span><br \/>\n<span style=\"font-family: helvetica, arial, sans-serif;\">Contabile: Francisco Jos\u00e9 Medina Hermoso.<\/span><\/p>\n<p><span style=\"font-family: helvetica, arial, sans-serif;\">Per quanto riguarda le cariche elettive, sono state definite le seguenti:<\/span><\/p>\n<p><span style=\"font-family: helvetica, arial, sans-serif;\"><strong>-Canzone di Numero Primo<\/strong><\/span><br \/>\n<span style=\"font-family: helvetica, arial, sans-serif;\">Mar\u00eda del Pino Morales Fari\u00f1a.<\/span><br \/>\n<span style=\"font-family: helvetica, arial, sans-serif;\">Valent\u00edn Robledano Cort\u00e9s.<\/span><\/p>\n<p><span style=\"font-family: helvetica, arial, sans-serif;\"><strong>-Voce di Numero Secondo<\/strong><\/span><br \/>\n<span style=\"font-family: helvetica, arial, sans-serif;\">Yeray Miguel Guti\u00e9rrez Brito.<\/span><br \/>\n<span style=\"font-family: helvetica, arial, sans-serif;\">Cynthia D\u00e9niz Da\u2019Costa.<\/span><\/p>\n<p><span style=\"font-family: helvetica, arial, sans-serif;\"><strong>- Vocale del Personale Ausiliario<\/strong><\/span><br \/>\n<span style=\"font-family: helvetica, arial, sans-serif;\">Abraham Ben\u00edtez D\u00edaz.<\/span><br \/>\n<span style=\"font-family: helvetica, arial, sans-serif;\">Idaira S\u00e1nchez Santana.<\/span><\/p>\n<p><span style=\"font-family: helvetica, arial, sans-serif;\"><strong>-Vocal de Distribuci\u00f3n<\/strong><\/span><br \/>\n<span style=\"font-family: helvetica, arial, sans-serif;\">Mar\u00eda Auxiliadora Del Rosario Dom\u00ednguez.<\/span><br \/>\n<span style=\"font-family: helvetica, arial, sans-serif;\">Davinia Meli\u00e1n Marrero.<\/span><\/p>\n<p><span style=\"font-family: helvetica, arial, sans-serif;\"><strong>Ortopedia Vocale<\/strong><\/span><br \/>\n<span style=\"font-family: helvetica, arial, sans-serif;\">David Mayor Gom\u00e1.<\/span><br \/>\n<span style=\"font-family: helvetica, arial, sans-serif;\">Josefa Mar\u00eda Gonz\u00e1lez Arbelo.<\/span><\/p>\n<p><span style=\"font-family: helvetica, arial, sans-serif;\">Infine, ed in applicazione di quanto disposto al punto 3 del Processo Elettorale contemplato nelle presenti Norme Elettorali, secondo cui quando sia stata presentata una sola candidatura, sia per i posti della Candidatura Generale, sia per le vocal\u00ece di numero, tecniche e territoriali, saranno proclamati eletti tutti i candidati della candidatura generale o le corrispondenti vocal\u00ece, vengono proclamati eletti i seguenti:<\/span><\/p>\n<p><span style=\"font-family: helvetica, arial, sans-serif;\"><strong>Salubrit\u00e0 Pubblica e Gestione Vocale<\/strong> Manuel Herrera Artiles.<\/span><br \/>\n<span style=\"font-family: helvetica, arial, sans-serif;\"><strong>Vocale di Analisi Cliniche:<\/strong> Patricia Nogueira Salgueiro.<\/span><br \/>\n<span style=\"font-family: helvetica, arial, sans-serif;\"><strong>Vocal de Farmacia Hospitalaria:<\/strong> Cristina Crespo Mart\u00ednez.<\/span><br \/>\n<span style=\"font-family: helvetica, arial, sans-serif;\"><strong>Voce di Didattica e Ricerca:<\/strong> C\u00e9sar Montealegre G\u00f3mez.<\/span><br \/>\n<span style=\"font-family: helvetica, arial, sans-serif;\"><strong>Voce di Farmacia<\/strong> Roc\u00edo Pulido S\u00e1nchez.<\/span><br \/>\n<span style=\"font-family: helvetica, arial, sans-serif;\"><strong>Canto dell'Alimentazione<\/strong> Silvia Lara Afonso Trujillo.<\/span><br \/>\n<span style=\"font-family: helvetica, arial, sans-serif;\"><strong>Vocale di Dermofarmacia:<\/strong> Ingrid Granados S\u00e1nchez.<\/span><\/p>","protected":false},"excerpt":{"rendered":"<p>La Mesa Electoral, reunida el 3 de junio de 2025, acord\u00f3 proclamar las candidaturas para las elecciones a la Junta de Gobierno del Colegio Oficial de Farmac\u00e9uticos de Las Palmas (COFLP) que tendr\u00e1n lugar el pr\u00f3ximo 28 de junio de 2025, s\u00e1bado, y en la que se podr\u00e1 votar tanto presencialmente como por correo electr\u00f3nico. [&hellip;]<\/p>\n","protected":false},"author":2427,"featured_media":26046328,"comment_status":"closed","ping_status":"closed","sticky":false,"template":"","format":"standard","meta":{"_et_pb_use_builder":"","_et_pb_old_content":"","_et_gb_content_width":"","footnotes":""},"categories":[247,11,1],"tags":[],"class_list":["post-107554","post","type-post","status-publish","format-standard","has-post-thumbnail","hentry","category-boletin-2025","category-noticias","category-sin-categoria"],"yoast_head":"<!-- This site is optimized with the Yoast SEO plugin v24.7 - https:\/\/yoast.com\/wordpress\/plugins\/seo\/ -->\n<title>La Mesa Electoral proclama las candidaturas para las elecciones del 28 de junio - COFLP<\/title>\n<meta name=\"robots\" content=\"index, follow, max-snippet:-1, max-image-preview:large, max-video-preview:-1\" \/>\n<link rel=\"canonical\" href=\"https:\/\/www.coflaspalmas.es\/it\/la-mesa-electoral-proclama-las-candidaturas-para-las-elecciones-del-28-de-junio\/\" \/>\n<meta property=\"og:locale\" content=\"it_IT\" \/>\n<meta property=\"og:type\" content=\"article\" \/>\n<meta property=\"og:title\" content=\"La Mesa Electoral proclama las candidaturas para las elecciones del 28 de junio - COFLP\" \/>\n<meta property=\"og:description\" content=\"La Mesa Electoral, reunida el 3 de junio de 2025, acord\u00f3 proclamar las candidaturas para las elecciones a la Junta de Gobierno del Colegio Oficial de Farmac\u00e9uticos de Las Palmas (COFLP) que tendr\u00e1n lugar el pr\u00f3ximo 28 de junio de 2025, s\u00e1bado, y en la que se podr\u00e1 votar tanto presencialmente como por correo electr\u00f3nico. [&hellip;]\" \/>\n<meta property=\"og:url\" content=\"https:\/\/www.coflaspalmas.es\/it\/la-mesa-electoral-proclama-las-candidaturas-para-las-elecciones-del-28-de-junio\/\" \/>\n<meta property=\"og:site_name\" content=\"COFLP\" \/>\n<meta property=\"article:published_time\" content=\"2025-06-04T10:28:14+00:00\" \/>\n<meta property=\"article:modified_time\" content=\"2025-11-12T09:11:28+00:00\" \/>\n<meta property=\"og:image\" content=\"https:\/\/www.coflaspalmas.es\/wp-content\/uploads\/2025\/06\/Elecciones-28J-04062025-500x500-1.jpg?wsr\" \/>\n\t<meta property=\"og:image:width\" content=\"500\" \/>\n\t<meta property=\"og:image:height\" content=\"500\" \/>\n\t<meta property=\"og:image:type\" content=\"image\/jpeg\" \/>\n<meta name=\"author\" content=\"soporte\" \/>\n<meta name=\"twitter:card\" content=\"summary_large_image\" \/>\n<meta name=\"twitter:label1\" content=\"Scritto da\" \/>\n\t<meta name=\"twitter:data1\" content=\"soporte\" \/>\n\t<meta name=\"twitter:label2\" content=\"Tempo di lettura stimato\" \/>\n\t<meta name=\"twitter:data2\" content=\"2 minuti\" \/>\n<script type=\"application\/ld+json\" class=\"yoast-schema-graph\">{\"@context\":\"https:\/\/schema.org\",\"@graph\":[{\"@type\":\"WebPage\",\"@id\":\"https:\/\/www.coflaspalmas.es\/la-mesa-electoral-proclama-las-candidaturas-para-las-elecciones-del-28-de-junio\/\",\"url\":\"https:\/\/www.coflaspalmas.es\/la-mesa-electoral-proclama-las-candidaturas-para-las-elecciones-del-28-de-junio\/\",\"name\":\"La Mesa Electoral proclama las candidaturas para las elecciones del 28 de junio - COFLP\",\"isPartOf\":{\"@id\":\"https:\/\/www.coflaspalmas.es\/#website\"},\"primaryImageOfPage\":{\"@id\":\"https:\/\/www.coflaspalmas.es\/la-mesa-electoral-proclama-las-candidaturas-para-las-elecciones-del-28-de-junio\/#primaryimage\"},\"image\":{\"@id\":\"https:\/\/www.coflaspalmas.es\/la-mesa-electoral-proclama-las-candidaturas-para-las-elecciones-del-28-de-junio\/#primaryimage\"},\"thumbnailUrl\":\"https:\/\/www.coflaspalmas.es\/wp-content\/uploads\/2025\/06\/Elecciones-28J-04062025-500x500-1.jpg?wsr\",\"datePublished\":\"2025-06-04T10:28:14+00:00\",\"dateModified\":\"2025-11-12T09:11:28+00:00\",\"author\":{\"@id\":\"https:\/\/www.coflaspalmas.es\/#\/schema\/person\/ccf588cbe6c4345ebe4086a038142b96\"},\"breadcrumb\":{\"@id\":\"https:\/\/www.coflaspalmas.es\/la-mesa-electoral-proclama-las-candidaturas-para-las-elecciones-del-28-de-junio\/#breadcrumb\"},\"inLanguage\":\"it-IT\",\"potentialAction\":[{\"@type\":\"ReadAction\",\"target\":[\"https:\/\/www.coflaspalmas.es\/la-mesa-electoral-proclama-las-candidaturas-para-las-elecciones-del-28-de-junio\/\"]}]},{\"@type\":\"ImageObject\",\"inLanguage\":\"it-IT\",\"@id\":\"https:\/\/www.coflaspalmas.es\/la-mesa-electoral-proclama-las-candidaturas-para-las-elecciones-del-28-de-junio\/#primaryimage\",\"url\":\"https:\/\/www.coflaspalmas.es\/wp-content\/uploads\/2025\/06\/Elecciones-28J-04062025-500x500-1.jpg?wsr\",\"contentUrl\":\"https:\/\/www.coflaspalmas.es\/wp-content\/uploads\/2025\/06\/Elecciones-28J-04062025-500x500-1.jpg?wsr\",\"width\":500,\"height\":500,\"caption\":\"Hand of a voter putting vote in the ballot box. Election concept.\"},{\"@type\":\"BreadcrumbList\",\"@id\":\"https:\/\/www.coflaspalmas.es\/la-mesa-electoral-proclama-las-candidaturas-para-las-elecciones-del-28-de-junio\/#breadcrumb\",\"itemListElement\":[{\"@type\":\"ListItem\",\"position\":1,\"name\":\"Portada\",\"item\":\"https:\/\/www.coflaspalmas.es\/\"},{\"@type\":\"ListItem\",\"position\":2,\"name\":\"La Mesa Electoral proclama las candidaturas para las elecciones del 28 de junio\"}]},{\"@type\":\"WebSite\",\"@id\":\"https:\/\/www.coflaspalmas.es\/#website\",\"url\":\"https:\/\/www.coflaspalmas.es\/\",\"name\":\"COF Las Palmas\",\"description\":\"Colegio de Farmac\u00e9uticos Las Palmas.\",\"potentialAction\":[{\"@type\":\"SearchAction\",\"target\":{\"@type\":\"EntryPoint\",\"urlTemplate\":\"https:\/\/www.coflaspalmas.es\/?s={search_term_string}\"},\"query-input\":{\"@type\":\"PropertyValueSpecification\",\"valueRequired\":true,\"valueName\":\"search_term_string\"}}],\"inLanguage\":\"it-IT\"},{\"@type\":\"Person\",\"@id\":\"https:\/\/www.coflaspalmas.es\/#\/schema\/person\/ccf588cbe6c4345ebe4086a038142b96\",\"name\":\"soporte\",\"image\":{\"@type\":\"ImageObject\",\"inLanguage\":\"it-IT\",\"@id\":\"https:\/\/www.coflaspalmas.es\/#\/schema\/person\/image\/\",\"url\":\"https:\/\/secure.gravatar.com\/avatar\/d654455f4c3e474456c4922a586b96e354b5a500cfe1f1f2f60ef083808bf21b?s=96&d=mm&r=g\",\"contentUrl\":\"https:\/\/secure.gravatar.com\/avatar\/d654455f4c3e474456c4922a586b96e354b5a500cfe1f1f2f60ef083808bf21b?s=96&d=mm&r=g\",\"caption\":\"soporte\"},\"url\":\"https:\/\/www.coflaspalmas.es\/it\/author\/soporte\/\"}]}<\/script>\n<!-- \/ Yoast SEO plugin. -->","yoast_head_json":{"title":"La Mesa Electoral proclama las candidaturas para las elecciones del 28 de junio - COFLP","robots":{"index":"index","follow":"follow","max-snippet":"max-snippet:-1","max-image-preview":"max-image-preview:large","max-video-preview":"max-video-preview:-1"},"canonical":"https:\/\/www.coflaspalmas.es\/it\/la-mesa-electoral-proclama-las-candidaturas-para-las-elecciones-del-28-de-junio\/","og_locale":"it_IT","og_type":"article","og_title":"La Mesa Electoral proclama las candidaturas para las elecciones del 28 de junio - COFLP","og_description":"La Mesa Electoral, reunida el 3 de junio de 2025, acord\u00f3 proclamar las candidaturas para las elecciones a la Junta de Gobierno del Colegio Oficial de Farmac\u00e9uticos de Las Palmas (COFLP) que tendr\u00e1n lugar el pr\u00f3ximo 28 de junio de 2025, s\u00e1bado, y en la que se podr\u00e1 votar tanto presencialmente como por correo electr\u00f3nico. [&hellip;]","og_url":"https:\/\/www.coflaspalmas.es\/it\/la-mesa-electoral-proclama-las-candidaturas-para-las-elecciones-del-28-de-junio\/","og_site_name":"COFLP","article_published_time":"2025-06-04T10:28:14+00:00","article_modified_time":"2025-11-12T09:11:28+00:00","og_image":[{"width":500,"height":500,"url":"https:\/\/www.coflaspalmas.es\/wp-content\/uploads\/2025\/06\/Elecciones-28J-04062025-500x500-1.jpg?wsr","type":"image\/jpeg"}],"author":"soporte","twitter_card":"summary_large_image","twitter_misc":{"Scritto da":"soporte","Tempo di lettura stimato":"2 minuti"},"schema":{"@context":"https:\/\/schema.org","@graph":[{"@type":"WebPage","@id":"https:\/\/www.coflaspalmas.es\/la-mesa-electoral-proclama-las-candidaturas-para-las-elecciones-del-28-de-junio\/","url":"https:\/\/www.coflaspalmas.es\/la-mesa-electoral-proclama-las-candidaturas-para-las-elecciones-del-28-de-junio\/","name":"La Mesa Electoral proclama las candidaturas para las elecciones del 28 de junio - COFLP","isPartOf":{"@id":"https:\/\/www.coflaspalmas.es\/#website"},"primaryImageOfPage":{"@id":"https:\/\/www.coflaspalmas.es\/la-mesa-electoral-proclama-las-candidaturas-para-las-elecciones-del-28-de-junio\/#primaryimage"},"image":{"@id":"https:\/\/www.coflaspalmas.es\/la-mesa-electoral-proclama-las-candidaturas-para-las-elecciones-del-28-de-junio\/#primaryimage"},"thumbnailUrl":"https:\/\/www.coflaspalmas.es\/wp-content\/uploads\/2025\/06\/Elecciones-28J-04062025-500x500-1.jpg?wsr","datePublished":"2025-06-04T10:28:14+00:00","dateModified":"2025-11-12T09:11:28+00:00","author":{"@id":"https:\/\/www.coflaspalmas.es\/#\/schema\/person\/ccf588cbe6c4345ebe4086a038142b96"},"breadcrumb":{"@id":"https:\/\/www.coflaspalmas.es\/la-mesa-electoral-proclama-las-candidaturas-para-las-elecciones-del-28-de-junio\/#breadcrumb"},"inLanguage":"it-IT","potentialAction":[{"@type":"ReadAction","target":["https:\/\/www.coflaspalmas.es\/la-mesa-electoral-proclama-las-candidaturas-para-las-elecciones-del-28-de-junio\/"]}]},{"@type":"ImageObject","inLanguage":"it-IT","@id":"https:\/\/www.coflaspalmas.es\/la-mesa-electoral-proclama-las-candidaturas-para-las-elecciones-del-28-de-junio\/#primaryimage","url":"https:\/\/www.coflaspalmas.es\/wp-content\/uploads\/2025\/06\/Elecciones-28J-04062025-500x500-1.jpg?wsr","contentUrl":"https:\/\/www.coflaspalmas.es\/wp-content\/uploads\/2025\/06\/Elecciones-28J-04062025-500x500-1.jpg?wsr","width":500,"height":500,"caption":"Hand of a voter putting vote in the ballot box. Election concept."},{"@type":"BreadcrumbList","@id":"https:\/\/www.coflaspalmas.es\/la-mesa-electoral-proclama-las-candidaturas-para-las-elecciones-del-28-de-junio\/#breadcrumb","itemListElement":[{"@type":"ListItem","position":1,"name":"Portada","item":"https:\/\/www.coflaspalmas.es\/"},{"@type":"ListItem","position":2,"name":"La Mesa Electoral proclama las candidaturas para las elecciones del 28 de junio"}]},{"@type":"WebSite","@id":"https:\/\/www.coflaspalmas.es\/#website","url":"https:\/\/www.coflaspalmas.es\/","name":"COF Las Palmas","description":"Colegio de Farmac\u00e9uticos Las Palmas.","potentialAction":[{"@type":"SearchAction","target":{"@type":"EntryPoint","urlTemplate":"https:\/\/www.coflaspalmas.es\/?s={search_term_string}"},"query-input":{"@type":"PropertyValueSpecification","valueRequired":true,"valueName":"search_term_string"}}],"inLanguage":"it-IT"},{"@type":"Person","@id":"https:\/\/www.coflaspalmas.es\/#\/schema\/person\/ccf588cbe6c4345ebe4086a038142b96","name":"supporto","image":{"@type":"ImageObject","inLanguage":"it-IT","@id":"https:\/\/www.coflaspalmas.es\/#\/schema\/person\/image\/","url":"https:\/\/secure.gravatar.com\/avatar\/d654455f4c3e474456c4922a586b96e354b5a500cfe1f1f2f60ef083808bf21b?s=96&d=mm&r=g","contentUrl":"https:\/\/secure.gravatar.com\/avatar\/d654455f4c3e474456c4922a586b96e354b5a500cfe1f1f2f60ef083808bf21b?s=96&d=mm&r=g","caption":"soporte"},"url":"https:\/\/www.coflaspalmas.es\/it\/author\/soporte\/"}]}},"_links":{"self":[{"href":"https:\/\/www.coflaspalmas.es\/it\/wp-json\/wp\/v2\/posts\/107554","targetHints":{"allow":["GET"]}}],"collection":[{"href":"https:\/\/www.coflaspalmas.es\/it\/wp-json\/wp\/v2\/posts"}],"about":[{"href":"https:\/\/www.coflaspalmas.es\/it\/wp-json\/wp\/v2\/types\/post"}],"author":[{"embeddable":true,"href":"https:\/\/www.coflaspalmas.es\/it\/wp-json\/wp\/v2\/users\/2427"}],"replies":[{"embeddable":true,"href":"https:\/\/www.coflaspalmas.es\/it\/wp-json\/wp\/v2\/comments?post=107554"}],"version-history":[{"count":1,"href":"https:\/\/www.coflaspalmas.es\/it\/wp-json\/wp\/v2\/posts\/107554\/revisions"}],"predecessor-version":[{"id":26046078,"href":"https:\/\/www.coflaspalmas.es\/it\/wp-json\/wp\/v2\/posts\/107554\/revisions\/26046078"}],"wp:featuredmedia":[{"embeddable":true,"href":"https:\/\/www.coflaspalmas.es\/it\/wp-json\/wp\/v2\/media\/26046328"}],"wp:attachment":[{"href":"https:\/\/www.coflaspalmas.es\/it\/wp-json\/wp\/v2\/media?parent=107554"}],"wp:term":[{"taxonomy":"category","embeddable":true,"href":"https:\/\/www.coflaspalmas.es\/it\/wp-json\/wp\/v2\/categories?post=107554"},{"taxonomy":"post_tag","embeddable":true,"href":"https:\/\/www.coflaspalmas.es\/it\/wp-json\/wp\/v2\/tags?post=107554"}],"curies":[{"name":"wp","href":"https:\/\/api.w.org\/{rel}","templated":true}]}}