{"id":110858,"date":"2025-07-10T15:32:26","date_gmt":"2025-07-10T13:32:26","guid":{"rendered":"https:\/\/www.coflaspalmas.es\/?p=110858"},"modified":"2025-11-12T10:11:28","modified_gmt":"2025-11-12T09:11:28","slug":"una-treintena-de-colegiados-se-forman-en-dominar-los-recursos-para-la-dispensacion-en-la-farmacia-comunitaria","status":"publish","type":"post","link":"https:\/\/www.coflaspalmas.es\/it\/una-treintena-de-colegiados-se-forman-en-dominar-los-recursos-para-la-dispensacion-en-la-farmacia-comunitaria\/","title":{"rendered":"Una trentina di iscritti si forma per padroneggiare le risorse per la dispensazione in farmacia comunitaria"},"content":{"rendered":"<p data-olk-copy-source=\"MessageBody\"><span style=\"font-family: tahoma, arial, helvetica, sans-serif;\">La profonda conoscenza dei diversi strumenti e risorse a disposizione del professionista farmaceutico per la risoluzione di quesiti quotidiani, cos\u00ec come per il processo decisionale sulla dispensazione di farmaci e prodotti sanitari, \u00e8 fondamentale per una corretta assistenza al paziente. Per questo motivo, organizzato dalla Sezione Farmacia Ospedaliera del COFLP, il cui titolare \u00e8 Roc\u00edo Pulido, si \u00e8 tenuto il primo workshop \u00abAula di Dispensazione: come sfruttare al meglio gli strumenti a disposizione per la dispensazione\u00bb, una formazione pratica organizzata dalla Sezione Farmacia Ospedaliera, in cui sono stati ripassati gli strumenti e le risorse a disposizione della farmacia comunitaria per la risoluzione di quesiti quotidiani e il processo decisionale sulla dispensazione di farmaci e prodotti sanitari. Al workshop hanno partecipato una trentina di iscritti.<\/span><\/p>\n<p class=\"x_MsoNormal\" aria-hidden=\"true\"><span style=\"font-family: tahoma, arial, helvetica, sans-serif;\"><img loading=\"lazy\" decoding=\"async\" class=\"wp-image-110864 alignleft\" src=\"https:\/\/www.coflaspalmas.es\/wp-content\/uploads\/2025\/07\/Taller-dispensacion-09072025-4-RRSS-300x199.jpg\" alt=\"\" width=\"435\" height=\"289\" \/>La formazione \u00e8 stata impartita da Mercedes Herrera S\u00e1nchez-Maroto e Mar\u00eda Isabel \u00c1vila Pallar\u00e9s, farmaciste del Dipartimento di Risposta Professionale e Assistenza alla Dispensazione del Collegio Ufficiale dei Farmacisti di Las Palmas.<\/span><\/p>\n<p class=\"x_MsoNormal\"><span style=\"font-family: tahoma, arial, helvetica, sans-serif;\">Durante il workshop sono stati affrontati concetti chiave, come le variazioni di prezzo e le sostituzioni di farmaci e prodotti sanitari. Sono stati inoltre risolti dubbi frequenti su prescrizioni cartacee, prescrizioni elettroniche e prescrizioni veterinarie.<\/span><\/p>\n<p class=\"x_MsoNormal\"><span style=\"font-family: tahoma, arial, helvetica, sans-serif;\">Il laboratorio si \u00e8 svolto attraverso una metodologia pratica incentrata su esempi reali. I partecipanti hanno utilizzato le risorse disponibili - Bot Plus, sito web COF, infografiche elaborate dal COF... - per risolvere dubbi e ottimizzare in modo efficiente il processo decisionale al banco.<\/span><\/p>\n<p class=\"x_MsoNormal\" aria-hidden=\"true\">\n<p class=\"x_MsoNormal\">\n<p class=\"x_MsoNormal\" aria-hidden=\"true\">","protected":false},"excerpt":{"rendered":"<p>El conocimiento profundo de las diferentes herramientas y recursos al alcance del profesional farmac\u00e9utico para la resoluci\u00f3n de consultas diarias, as\u00ed como para la toma de decisiones sobre la dispensaci\u00f3n de medicamentos y productos sanitarios es fundamental para la atenci\u00f3n correcta del paciente. Es por ello que, organizado por la Vocal\u00eda de Oficina de Farmacia [&hellip;]<\/p>\n","protected":false},"author":2427,"featured_media":26046326,"comment_status":"closed","ping_status":"closed","sticky":false,"template":"","format":"standard","meta":{"_et_pb_use_builder":"","_et_pb_old_content":"","_et_gb_content_width":"","footnotes":""},"categories":[247,11],"tags":[],"class_list":["post-110858","post","type-post","status-publish","format-standard","has-post-thumbnail","hentry","category-boletin-2025","category-noticias"],"yoast_head":"<!-- This site is optimized with the Yoast SEO plugin v24.7 - https:\/\/yoast.com\/wordpress\/plugins\/seo\/ -->\n<title>Una treintena de colegiados se forman en dominar los recursos para la dispensaci\u00f3n en la farmacia comunitaria - COFLP<\/title>\n<meta name=\"robots\" content=\"index, follow, max-snippet:-1, max-image-preview:large, max-video-preview:-1\" \/>\n<link rel=\"canonical\" href=\"https:\/\/www.coflaspalmas.es\/it\/una-treintena-de-colegiados-se-forman-en-dominar-los-recursos-para-la-dispensacion-en-la-farmacia-comunitaria\/\" \/>\n<meta property=\"og:locale\" content=\"it_IT\" \/>\n<meta property=\"og:type\" content=\"article\" \/>\n<meta property=\"og:title\" content=\"Una treintena de colegiados se forman en dominar los recursos para la dispensaci\u00f3n en la farmacia comunitaria - COFLP\" \/>\n<meta property=\"og:description\" content=\"El conocimiento profundo de las diferentes herramientas y recursos al alcance del profesional farmac\u00e9utico para la resoluci\u00f3n de consultas diarias, as\u00ed como para la toma de decisiones sobre la dispensaci\u00f3n de medicamentos y productos sanitarios es fundamental para la atenci\u00f3n correcta del paciente. Es por ello que, organizado por la Vocal\u00eda de Oficina de Farmacia [&hellip;]\" \/>\n<meta property=\"og:url\" content=\"https:\/\/www.coflaspalmas.es\/it\/una-treintena-de-colegiados-se-forman-en-dominar-los-recursos-para-la-dispensacion-en-la-farmacia-comunitaria\/\" \/>\n<meta property=\"og:site_name\" content=\"COFLP\" \/>\n<meta property=\"article:published_time\" content=\"2025-07-10T13:32:26+00:00\" \/>\n<meta property=\"article:modified_time\" content=\"2025-11-12T09:11:28+00:00\" \/>\n<meta property=\"og:image\" content=\"https:\/\/www.coflaspalmas.es\/wp-content\/uploads\/2025\/07\/Taller-dispensacion-09072025-7-RRSS-500x500-1.jpg?wsr\" \/>\n\t<meta property=\"og:image:width\" content=\"500\" \/>\n\t<meta property=\"og:image:height\" content=\"500\" \/>\n\t<meta property=\"og:image:type\" content=\"image\/jpeg\" \/>\n<meta name=\"author\" content=\"soporte\" \/>\n<meta name=\"twitter:card\" content=\"summary_large_image\" \/>\n<meta name=\"twitter:label1\" content=\"Scritto da\" \/>\n\t<meta name=\"twitter:data1\" content=\"soporte\" \/>\n\t<meta name=\"twitter:label2\" content=\"Tempo di lettura stimato\" \/>\n\t<meta name=\"twitter:data2\" content=\"2 minuti\" \/>\n<script type=\"application\/ld+json\" class=\"yoast-schema-graph\">{\"@context\":\"https:\/\/schema.org\",\"@graph\":[{\"@type\":\"WebPage\",\"@id\":\"https:\/\/www.coflaspalmas.es\/una-treintena-de-colegiados-se-forman-en-dominar-los-recursos-para-la-dispensacion-en-la-farmacia-comunitaria\/\",\"url\":\"https:\/\/www.coflaspalmas.es\/una-treintena-de-colegiados-se-forman-en-dominar-los-recursos-para-la-dispensacion-en-la-farmacia-comunitaria\/\",\"name\":\"Una treintena de colegiados se forman en dominar los recursos para la dispensaci\u00f3n en la farmacia comunitaria - COFLP\",\"isPartOf\":{\"@id\":\"https:\/\/www.coflaspalmas.es\/#website\"},\"primaryImageOfPage\":{\"@id\":\"https:\/\/www.coflaspalmas.es\/una-treintena-de-colegiados-se-forman-en-dominar-los-recursos-para-la-dispensacion-en-la-farmacia-comunitaria\/#primaryimage\"},\"image\":{\"@id\":\"https:\/\/www.coflaspalmas.es\/una-treintena-de-colegiados-se-forman-en-dominar-los-recursos-para-la-dispensacion-en-la-farmacia-comunitaria\/#primaryimage\"},\"thumbnailUrl\":\"https:\/\/www.coflaspalmas.es\/wp-content\/uploads\/2025\/07\/Taller-dispensacion-09072025-7-RRSS-500x500-1.jpg?wsr\",\"datePublished\":\"2025-07-10T13:32:26+00:00\",\"dateModified\":\"2025-11-12T09:11:28+00:00\",\"author\":{\"@id\":\"https:\/\/www.coflaspalmas.es\/#\/schema\/person\/ccf588cbe6c4345ebe4086a038142b96\"},\"breadcrumb\":{\"@id\":\"https:\/\/www.coflaspalmas.es\/una-treintena-de-colegiados-se-forman-en-dominar-los-recursos-para-la-dispensacion-en-la-farmacia-comunitaria\/#breadcrumb\"},\"inLanguage\":\"it-IT\",\"potentialAction\":[{\"@type\":\"ReadAction\",\"target\":[\"https:\/\/www.coflaspalmas.es\/una-treintena-de-colegiados-se-forman-en-dominar-los-recursos-para-la-dispensacion-en-la-farmacia-comunitaria\/\"]}]},{\"@type\":\"ImageObject\",\"inLanguage\":\"it-IT\",\"@id\":\"https:\/\/www.coflaspalmas.es\/una-treintena-de-colegiados-se-forman-en-dominar-los-recursos-para-la-dispensacion-en-la-farmacia-comunitaria\/#primaryimage\",\"url\":\"https:\/\/www.coflaspalmas.es\/wp-content\/uploads\/2025\/07\/Taller-dispensacion-09072025-7-RRSS-500x500-1.jpg?wsr\",\"contentUrl\":\"https:\/\/www.coflaspalmas.es\/wp-content\/uploads\/2025\/07\/Taller-dispensacion-09072025-7-RRSS-500x500-1.jpg?wsr\",\"width\":500,\"height\":500},{\"@type\":\"BreadcrumbList\",\"@id\":\"https:\/\/www.coflaspalmas.es\/una-treintena-de-colegiados-se-forman-en-dominar-los-recursos-para-la-dispensacion-en-la-farmacia-comunitaria\/#breadcrumb\",\"itemListElement\":[{\"@type\":\"ListItem\",\"position\":1,\"name\":\"Portada\",\"item\":\"https:\/\/www.coflaspalmas.es\/\"},{\"@type\":\"ListItem\",\"position\":2,\"name\":\"Una treintena de colegiados se forman en dominar los recursos para la dispensaci\u00f3n en la farmacia comunitaria\"}]},{\"@type\":\"WebSite\",\"@id\":\"https:\/\/www.coflaspalmas.es\/#website\",\"url\":\"https:\/\/www.coflaspalmas.es\/\",\"name\":\"COF Las Palmas\",\"description\":\"Colegio de Farmac\u00e9uticos Las Palmas.\",\"potentialAction\":[{\"@type\":\"SearchAction\",\"target\":{\"@type\":\"EntryPoint\",\"urlTemplate\":\"https:\/\/www.coflaspalmas.es\/?s={search_term_string}\"},\"query-input\":{\"@type\":\"PropertyValueSpecification\",\"valueRequired\":true,\"valueName\":\"search_term_string\"}}],\"inLanguage\":\"it-IT\"},{\"@type\":\"Person\",\"@id\":\"https:\/\/www.coflaspalmas.es\/#\/schema\/person\/ccf588cbe6c4345ebe4086a038142b96\",\"name\":\"soporte\",\"image\":{\"@type\":\"ImageObject\",\"inLanguage\":\"it-IT\",\"@id\":\"https:\/\/www.coflaspalmas.es\/#\/schema\/person\/image\/\",\"url\":\"https:\/\/secure.gravatar.com\/avatar\/d654455f4c3e474456c4922a586b96e354b5a500cfe1f1f2f60ef083808bf21b?s=96&d=mm&r=g\",\"contentUrl\":\"https:\/\/secure.gravatar.com\/avatar\/d654455f4c3e474456c4922a586b96e354b5a500cfe1f1f2f60ef083808bf21b?s=96&d=mm&r=g\",\"caption\":\"soporte\"},\"url\":\"https:\/\/www.coflaspalmas.es\/it\/author\/soporte\/\"}]}<\/script>\n<!-- \/ Yoast SEO plugin. -->","yoast_head_json":{"title":"Una treintena de colegiados se forman en dominar los recursos para la dispensaci\u00f3n en la farmacia comunitaria - COFLP","robots":{"index":"index","follow":"follow","max-snippet":"max-snippet:-1","max-image-preview":"max-image-preview:large","max-video-preview":"max-video-preview:-1"},"canonical":"https:\/\/www.coflaspalmas.es\/it\/una-treintena-de-colegiados-se-forman-en-dominar-los-recursos-para-la-dispensacion-en-la-farmacia-comunitaria\/","og_locale":"it_IT","og_type":"article","og_title":"Una treintena de colegiados se forman en dominar los recursos para la dispensaci\u00f3n en la farmacia comunitaria - COFLP","og_description":"El conocimiento profundo de las diferentes herramientas y recursos al alcance del profesional farmac\u00e9utico para la resoluci\u00f3n de consultas diarias, as\u00ed como para la toma de decisiones sobre la dispensaci\u00f3n de medicamentos y productos sanitarios es fundamental para la atenci\u00f3n correcta del paciente. Es por ello que, organizado por la Vocal\u00eda de Oficina de Farmacia [&hellip;]","og_url":"https:\/\/www.coflaspalmas.es\/it\/una-treintena-de-colegiados-se-forman-en-dominar-los-recursos-para-la-dispensacion-en-la-farmacia-comunitaria\/","og_site_name":"COFLP","article_published_time":"2025-07-10T13:32:26+00:00","article_modified_time":"2025-11-12T09:11:28+00:00","og_image":[{"width":500,"height":500,"url":"https:\/\/www.coflaspalmas.es\/wp-content\/uploads\/2025\/07\/Taller-dispensacion-09072025-7-RRSS-500x500-1.jpg?wsr","type":"image\/jpeg"}],"author":"soporte","twitter_card":"summary_large_image","twitter_misc":{"Scritto da":"soporte","Tempo di lettura stimato":"2 minuti"},"schema":{"@context":"https:\/\/schema.org","@graph":[{"@type":"WebPage","@id":"https:\/\/www.coflaspalmas.es\/una-treintena-de-colegiados-se-forman-en-dominar-los-recursos-para-la-dispensacion-en-la-farmacia-comunitaria\/","url":"https:\/\/www.coflaspalmas.es\/una-treintena-de-colegiados-se-forman-en-dominar-los-recursos-para-la-dispensacion-en-la-farmacia-comunitaria\/","name":"Una treintena de colegiados se forman en dominar los recursos para la dispensaci\u00f3n en la farmacia comunitaria - COFLP","isPartOf":{"@id":"https:\/\/www.coflaspalmas.es\/#website"},"primaryImageOfPage":{"@id":"https:\/\/www.coflaspalmas.es\/una-treintena-de-colegiados-se-forman-en-dominar-los-recursos-para-la-dispensacion-en-la-farmacia-comunitaria\/#primaryimage"},"image":{"@id":"https:\/\/www.coflaspalmas.es\/una-treintena-de-colegiados-se-forman-en-dominar-los-recursos-para-la-dispensacion-en-la-farmacia-comunitaria\/#primaryimage"},"thumbnailUrl":"https:\/\/www.coflaspalmas.es\/wp-content\/uploads\/2025\/07\/Taller-dispensacion-09072025-7-RRSS-500x500-1.jpg?wsr","datePublished":"2025-07-10T13:32:26+00:00","dateModified":"2025-11-12T09:11:28+00:00","author":{"@id":"https:\/\/www.coflaspalmas.es\/#\/schema\/person\/ccf588cbe6c4345ebe4086a038142b96"},"breadcrumb":{"@id":"https:\/\/www.coflaspalmas.es\/una-treintena-de-colegiados-se-forman-en-dominar-los-recursos-para-la-dispensacion-en-la-farmacia-comunitaria\/#breadcrumb"},"inLanguage":"it-IT","potentialAction":[{"@type":"ReadAction","target":["https:\/\/www.coflaspalmas.es\/una-treintena-de-colegiados-se-forman-en-dominar-los-recursos-para-la-dispensacion-en-la-farmacia-comunitaria\/"]}]},{"@type":"ImageObject","inLanguage":"it-IT","@id":"https:\/\/www.coflaspalmas.es\/una-treintena-de-colegiados-se-forman-en-dominar-los-recursos-para-la-dispensacion-en-la-farmacia-comunitaria\/#primaryimage","url":"https:\/\/www.coflaspalmas.es\/wp-content\/uploads\/2025\/07\/Taller-dispensacion-09072025-7-RRSS-500x500-1.jpg?wsr","contentUrl":"https:\/\/www.coflaspalmas.es\/wp-content\/uploads\/2025\/07\/Taller-dispensacion-09072025-7-RRSS-500x500-1.jpg?wsr","width":500,"height":500},{"@type":"BreadcrumbList","@id":"https:\/\/www.coflaspalmas.es\/una-treintena-de-colegiados-se-forman-en-dominar-los-recursos-para-la-dispensacion-en-la-farmacia-comunitaria\/#breadcrumb","itemListElement":[{"@type":"ListItem","position":1,"name":"Portada","item":"https:\/\/www.coflaspalmas.es\/"},{"@type":"ListItem","position":2,"name":"Una treintena de colegiados se forman en dominar los recursos para la dispensaci\u00f3n en la farmacia comunitaria"}]},{"@type":"WebSite","@id":"https:\/\/www.coflaspalmas.es\/#website","url":"https:\/\/www.coflaspalmas.es\/","name":"COF Las Palmas","description":"Colegio de Farmac\u00e9uticos Las Palmas.","potentialAction":[{"@type":"SearchAction","target":{"@type":"EntryPoint","urlTemplate":"https:\/\/www.coflaspalmas.es\/?s={search_term_string}"},"query-input":{"@type":"PropertyValueSpecification","valueRequired":true,"valueName":"search_term_string"}}],"inLanguage":"it-IT"},{"@type":"Person","@id":"https:\/\/www.coflaspalmas.es\/#\/schema\/person\/ccf588cbe6c4345ebe4086a038142b96","name":"supporto","image":{"@type":"ImageObject","inLanguage":"it-IT","@id":"https:\/\/www.coflaspalmas.es\/#\/schema\/person\/image\/","url":"https:\/\/secure.gravatar.com\/avatar\/d654455f4c3e474456c4922a586b96e354b5a500cfe1f1f2f60ef083808bf21b?s=96&d=mm&r=g","contentUrl":"https:\/\/secure.gravatar.com\/avatar\/d654455f4c3e474456c4922a586b96e354b5a500cfe1f1f2f60ef083808bf21b?s=96&d=mm&r=g","caption":"soporte"},"url":"https:\/\/www.coflaspalmas.es\/it\/author\/soporte\/"}]}},"_links":{"self":[{"href":"https:\/\/www.coflaspalmas.es\/it\/wp-json\/wp\/v2\/posts\/110858","targetHints":{"allow":["GET"]}}],"collection":[{"href":"https:\/\/www.coflaspalmas.es\/it\/wp-json\/wp\/v2\/posts"}],"about":[{"href":"https:\/\/www.coflaspalmas.es\/it\/wp-json\/wp\/v2\/types\/post"}],"author":[{"embeddable":true,"href":"https:\/\/www.coflaspalmas.es\/it\/wp-json\/wp\/v2\/users\/2427"}],"replies":[{"embeddable":true,"href":"https:\/\/www.coflaspalmas.es\/it\/wp-json\/wp\/v2\/comments?post=110858"}],"version-history":[{"count":1,"href":"https:\/\/www.coflaspalmas.es\/it\/wp-json\/wp\/v2\/posts\/110858\/revisions"}],"predecessor-version":[{"id":26046076,"href":"https:\/\/www.coflaspalmas.es\/it\/wp-json\/wp\/v2\/posts\/110858\/revisions\/26046076"}],"wp:featuredmedia":[{"embeddable":true,"href":"https:\/\/www.coflaspalmas.es\/it\/wp-json\/wp\/v2\/media\/26046326"}],"wp:attachment":[{"href":"https:\/\/www.coflaspalmas.es\/it\/wp-json\/wp\/v2\/media?parent=110858"}],"wp:term":[{"taxonomy":"category","embeddable":true,"href":"https:\/\/www.coflaspalmas.es\/it\/wp-json\/wp\/v2\/categories?post=110858"},{"taxonomy":"post_tag","embeddable":true,"href":"https:\/\/www.coflaspalmas.es\/it\/wp-json\/wp\/v2\/tags?post=110858"}],"curies":[{"name":"wp","href":"https:\/\/api.w.org\/{rel}","templated":true}]}}