{"id":111487,"date":"2025-07-17T11:39:45","date_gmt":"2025-07-17T09:39:45","guid":{"rendered":"https:\/\/www.coflaspalmas.es\/?p=111487"},"modified":"2025-11-12T10:11:28","modified_gmt":"2025-11-12T09:11:28","slug":"111487-2","status":"publish","type":"post","link":"https:\/\/www.coflaspalmas.es\/it\/111487-2\/","title":{"rendered":"Il nuovo Consiglio di Amministrazione entra in carica accompagnato dalle autorit\u00e0 sanitarie"},"content":{"rendered":"<p class=\"Standard\" style=\"text-align: justify; text-justify: inter-ideograph;\"><span style=\"font-family: Karla;\">Il nuovo Consiglio di Amministrazione del Collegio Ufficiale dei Farmacisti di Las Palmas, presieduto da Loreto G\u00f3mez Guedes, si \u00e8 insediato accompagnato da alcuni dei principali rappresentanti delle istituzioni e delle entit\u00e0 sanitarie. Nel suo intervento, Loreto G\u00f3mez, ha sottolineato proprio che questa unit\u00e0 \u00e8 una <\/span><span style=\"font-family: 'Arial',sans-serif;\">\u201c<\/span><span style=\"font-family: Karla;\">mostra la realt\u00e0 della collaborazione e dell'impegno che ci unisce tutti per il bene della nostra comunit\u00e0 e in stretta coordinazione con il resto del paese<\/span><span style=\"font-family: 'Arial',sans-serif;\">\u201d<\/span><span style=\"font-family: Karla;\">. G\u00f3mez, rivolgendosi ai membri del consiglio, disse loro: <\/span><span style=\"font-family: 'Arial',sans-serif;\">\u201c<\/span><span style=\"font-family: Karla;\">Vorrei che i miei colleghi e le mie colleghe che a breve assumeranno le loro cariche abbiano sempre presente che il nostro impegno in questa istituzione centenaria va oltre i nostri iscritti e i loro interessi, che anche<\/span><span style=\"font-family: 'Arial',sans-serif;\">\u201d<\/span><span style=\"font-family: Karla;\">.<\/span><\/p>\n<p class=\"Standard\" style=\"text-align: justify; text-justify: inter-ideograph;\"><span style=\"font-family: Karla;\"><img loading=\"lazy\" decoding=\"async\" class=\"wp-image-111489 alignleft\" src=\"https:\/\/www.coflaspalmas.es\/wp-content\/uploads\/2025\/07\/WhatsApp-Image-2025-07-16-at-11.33.40-300x200.jpeg\" alt=\"\" width=\"428\" height=\"285\" \/>Tra i presenti figuravano la Consigliera della Sanit\u00e0 del Governo delle Canarie, Esther Monz\u00f3n; il Presidente del Consiglio Generale dei Collegi Ufficiali di Farmacia (CGCOF), Jes\u00fas Aguilar; il Rettore dell'Universit\u00e0 di Las Palmas de Gran Canaria (ULPGC), Lluis Serra; il Decano della Facolt\u00e0 di Scienze della Salute dell'Universit\u00e0 Fernando Pessoa, Dionisio Lorenzo; il Vice-Decano della Facolt\u00e0 di Salute dell'Universit\u00e0 Atlantico Medio, Aday Infante; cos\u00ec come presidenti dei collegi professionali di Medici, Psicologi e Fisioterapisti, rappresentanti dei collegi di Veterinari, Dentisti e Infermieri, associazioni di pazienti, cooperative farmaceutiche, associazioni professionali farmaceutiche, ex presidenti del Collegio e altre entit\u00e0 legate al COFLP.<\/span><\/p>\n<p class=\"Standard\" style=\"text-align: justify; text-justify: inter-ideograph;\"><span style=\"font-family: Karla;\">La consigliera ha evidenziato la <\/span><span style=\"font-family: 'Arial',sans-serif;\">\u201c<\/span><span style=\"font-family: Karla;\">collaborazione e la disponibilit\u00e0 che i collegi professionali farmaceutici delle Canarie hanno sempre dimostrato nel migliorare i servizi sanitari e le prestazioni farmaceutiche: <\/span><span style=\"font-family: 'Arial',sans-serif;\">\u201c<\/span><span style=\"font-family: Karla;\">Sono stati i primi a incontrarmi quando ho assunto la carica di consigliere<\/span><span style=\"font-family: 'Arial',sans-serif;\">\u201d<\/span><span style=\"font-family: Karla;\">, disse, <\/span><span style=\"font-family: 'Arial',sans-serif;\">\u201c<\/span><span style=\"font-family: Karla;\">e hanno sempre mostrato la loro disponibilit\u00e0 e interesse a collaborare in tutto ci\u00f2 che riguarda la salute della popolazione<\/span><span style=\"font-family: 'Arial',sans-serif;\">\u201d<\/span><span style=\"font-family: Karla;\">.<\/span><\/p>\n<p class=\"Standard\" style=\"text-align: justify; text-justify: inter-ideograph;\"><span style=\"font-family: Karla;\">Da parte sua, il presidente del CGCOF ha colto l'occasione per sottolineare l'importanza che il farmacista riveste nel sistema sanitario, ricordando la sua presenza in spazi rurali e lontani dagli ambienti in cui sono disponibili infrastrutture sanitarie.<\/span><\/p>\n<p class=\"Standard\" style=\"text-align: justify; text-justify: inter-ideograph;\"><span style=\"font-family: Karla;\">Sia Monz\u00f3n che Aguilar hanno concordato sull'evidenziare il ruolo collaborativo che il COFLP ha avuto con le istituzioni che rappresentano.<\/span><\/p>\n<p><img loading=\"lazy\" decoding=\"async\" class=\"alignnone wp-image-111490 alignleft\" src=\"https:\/\/www.coflaspalmas.es\/wp-content\/uploads\/2025\/07\/WhatsApp-Image-2025-07-16-at-11.32.26-1-300x200.jpeg\" alt=\"\" width=\"356\" height=\"237\" \/> <img loading=\"lazy\" decoding=\"async\" class=\"alignnone wp-image-111491 alignleft\" src=\"https:\/\/www.coflaspalmas.es\/wp-content\/uploads\/2025\/07\/WhatsApp-Image-2025-07-16-at-11.32.30-2-300x200.jpeg\" alt=\"\" width=\"356\" height=\"237\" \/><\/p>","protected":false},"excerpt":{"rendered":"<p>La nueva Junta de Gobierno del Colegio Oficial de Farmac\u00e9uticos de Las Palmas, que preside Loreto G\u00f3mez Guedes, tom\u00f3 posesi\u00f3n de su cargo acompa\u00f1ada de algunos de los principales representantes de las instituciones y entidades sanitarias. En su intervenci\u00f3n, Loreto G\u00f3mez, destac\u00f3 precisamente que esta unidad es una \u201cmuestra la realidad de la colaboraci\u00f3n y [&hellip;]<\/p>\n","protected":false},"author":2427,"featured_media":26046325,"comment_status":"closed","ping_status":"closed","sticky":false,"template":"","format":"standard","meta":{"_et_pb_use_builder":"","_et_pb_old_content":"","_et_gb_content_width":"","footnotes":""},"categories":[247,11],"tags":[],"class_list":["post-111487","post","type-post","status-publish","format-standard","has-post-thumbnail","hentry","category-boletin-2025","category-noticias"],"yoast_head":"<!-- This site is optimized with the Yoast SEO plugin v24.7 - https:\/\/yoast.com\/wordpress\/plugins\/seo\/ -->\n<title>La nueva Junta de Gobierno toma posesi\u00f3n de su cargo acompa\u00f1ada de las autoridades sanitarias - COFLP<\/title>\n<meta name=\"robots\" content=\"index, follow, max-snippet:-1, max-image-preview:large, max-video-preview:-1\" \/>\n<link rel=\"canonical\" href=\"https:\/\/www.coflaspalmas.es\/it\/111487-2\/\" \/>\n<meta property=\"og:locale\" content=\"it_IT\" \/>\n<meta property=\"og:type\" content=\"article\" \/>\n<meta property=\"og:title\" content=\"La nueva Junta de Gobierno toma posesi\u00f3n de su cargo acompa\u00f1ada de las autoridades sanitarias - COFLP\" \/>\n<meta property=\"og:description\" content=\"La nueva Junta de Gobierno del Colegio Oficial de Farmac\u00e9uticos de Las Palmas, que preside Loreto G\u00f3mez Guedes, tom\u00f3 posesi\u00f3n de su cargo acompa\u00f1ada de algunos de los principales representantes de las instituciones y entidades sanitarias. En su intervenci\u00f3n, Loreto G\u00f3mez, destac\u00f3 precisamente que esta unidad es una \u201cmuestra la realidad de la colaboraci\u00f3n y [&hellip;]\" \/>\n<meta property=\"og:url\" content=\"https:\/\/www.coflaspalmas.es\/it\/111487-2\/\" \/>\n<meta property=\"og:site_name\" content=\"COFLP\" \/>\n<meta property=\"article:published_time\" content=\"2025-07-17T09:39:45+00:00\" \/>\n<meta property=\"article:modified_time\" content=\"2025-11-12T09:11:28+00:00\" \/>\n<meta property=\"og:image\" content=\"https:\/\/www.coflaspalmas.es\/wp-content\/uploads\/2025\/07\/WhatsApp-Image-2025-07-16-at-11.33.40-2-500x500-1.jpeg?wsr\" \/>\n\t<meta property=\"og:image:width\" content=\"500\" \/>\n\t<meta property=\"og:image:height\" content=\"500\" \/>\n\t<meta property=\"og:image:type\" content=\"image\/jpeg\" \/>\n<meta name=\"author\" content=\"soporte\" \/>\n<meta name=\"twitter:card\" content=\"summary_large_image\" \/>\n<meta name=\"twitter:label1\" content=\"Scritto da\" \/>\n\t<meta name=\"twitter:data1\" content=\"soporte\" \/>\n\t<meta name=\"twitter:label2\" content=\"Tempo di lettura stimato\" \/>\n\t<meta name=\"twitter:data2\" content=\"3 minuti\" \/>\n<script type=\"application\/ld+json\" class=\"yoast-schema-graph\">{\"@context\":\"https:\/\/schema.org\",\"@graph\":[{\"@type\":\"WebPage\",\"@id\":\"https:\/\/www.coflaspalmas.es\/111487-2\/\",\"url\":\"https:\/\/www.coflaspalmas.es\/111487-2\/\",\"name\":\"La nueva Junta de Gobierno toma posesi\u00f3n de su cargo acompa\u00f1ada de las autoridades sanitarias - COFLP\",\"isPartOf\":{\"@id\":\"https:\/\/www.coflaspalmas.es\/#website\"},\"primaryImageOfPage\":{\"@id\":\"https:\/\/www.coflaspalmas.es\/111487-2\/#primaryimage\"},\"image\":{\"@id\":\"https:\/\/www.coflaspalmas.es\/111487-2\/#primaryimage\"},\"thumbnailUrl\":\"https:\/\/www.coflaspalmas.es\/wp-content\/uploads\/2025\/07\/WhatsApp-Image-2025-07-16-at-11.33.40-2-500x500-1.jpeg?wsr\",\"datePublished\":\"2025-07-17T09:39:45+00:00\",\"dateModified\":\"2025-11-12T09:11:28+00:00\",\"author\":{\"@id\":\"https:\/\/www.coflaspalmas.es\/#\/schema\/person\/ccf588cbe6c4345ebe4086a038142b96\"},\"breadcrumb\":{\"@id\":\"https:\/\/www.coflaspalmas.es\/111487-2\/#breadcrumb\"},\"inLanguage\":\"it-IT\",\"potentialAction\":[{\"@type\":\"ReadAction\",\"target\":[\"https:\/\/www.coflaspalmas.es\/111487-2\/\"]}]},{\"@type\":\"ImageObject\",\"inLanguage\":\"it-IT\",\"@id\":\"https:\/\/www.coflaspalmas.es\/111487-2\/#primaryimage\",\"url\":\"https:\/\/www.coflaspalmas.es\/wp-content\/uploads\/2025\/07\/WhatsApp-Image-2025-07-16-at-11.33.40-2-500x500-1.jpeg?wsr\",\"contentUrl\":\"https:\/\/www.coflaspalmas.es\/wp-content\/uploads\/2025\/07\/WhatsApp-Image-2025-07-16-at-11.33.40-2-500x500-1.jpeg?wsr\",\"width\":500,\"height\":500},{\"@type\":\"BreadcrumbList\",\"@id\":\"https:\/\/www.coflaspalmas.es\/111487-2\/#breadcrumb\",\"itemListElement\":[{\"@type\":\"ListItem\",\"position\":1,\"name\":\"Portada\",\"item\":\"https:\/\/www.coflaspalmas.es\/\"},{\"@type\":\"ListItem\",\"position\":2,\"name\":\"La nueva Junta de Gobierno toma posesi\u00f3n de su cargo acompa\u00f1ada de las autoridades sanitarias\"}]},{\"@type\":\"WebSite\",\"@id\":\"https:\/\/www.coflaspalmas.es\/#website\",\"url\":\"https:\/\/www.coflaspalmas.es\/\",\"name\":\"COF Las Palmas\",\"description\":\"Colegio de Farmac\u00e9uticos Las Palmas.\",\"potentialAction\":[{\"@type\":\"SearchAction\",\"target\":{\"@type\":\"EntryPoint\",\"urlTemplate\":\"https:\/\/www.coflaspalmas.es\/?s={search_term_string}\"},\"query-input\":{\"@type\":\"PropertyValueSpecification\",\"valueRequired\":true,\"valueName\":\"search_term_string\"}}],\"inLanguage\":\"it-IT\"},{\"@type\":\"Person\",\"@id\":\"https:\/\/www.coflaspalmas.es\/#\/schema\/person\/ccf588cbe6c4345ebe4086a038142b96\",\"name\":\"soporte\",\"image\":{\"@type\":\"ImageObject\",\"inLanguage\":\"it-IT\",\"@id\":\"https:\/\/www.coflaspalmas.es\/#\/schema\/person\/image\/\",\"url\":\"https:\/\/secure.gravatar.com\/avatar\/d654455f4c3e474456c4922a586b96e354b5a500cfe1f1f2f60ef083808bf21b?s=96&d=mm&r=g\",\"contentUrl\":\"https:\/\/secure.gravatar.com\/avatar\/d654455f4c3e474456c4922a586b96e354b5a500cfe1f1f2f60ef083808bf21b?s=96&d=mm&r=g\",\"caption\":\"soporte\"},\"url\":\"https:\/\/www.coflaspalmas.es\/it\/author\/soporte\/\"}]}<\/script>\n<!-- \/ Yoast SEO plugin. -->","yoast_head_json":{"title":"La nueva Junta de Gobierno toma posesi\u00f3n de su cargo acompa\u00f1ada de las autoridades sanitarias - COFLP","robots":{"index":"index","follow":"follow","max-snippet":"max-snippet:-1","max-image-preview":"max-image-preview:large","max-video-preview":"max-video-preview:-1"},"canonical":"https:\/\/www.coflaspalmas.es\/it\/111487-2\/","og_locale":"it_IT","og_type":"article","og_title":"La nueva Junta de Gobierno toma posesi\u00f3n de su cargo acompa\u00f1ada de las autoridades sanitarias - COFLP","og_description":"La nueva Junta de Gobierno del Colegio Oficial de Farmac\u00e9uticos de Las Palmas, que preside Loreto G\u00f3mez Guedes, tom\u00f3 posesi\u00f3n de su cargo acompa\u00f1ada de algunos de los principales representantes de las instituciones y entidades sanitarias. En su intervenci\u00f3n, Loreto G\u00f3mez, destac\u00f3 precisamente que esta unidad es una \u201cmuestra la realidad de la colaboraci\u00f3n y [&hellip;]","og_url":"https:\/\/www.coflaspalmas.es\/it\/111487-2\/","og_site_name":"COFLP","article_published_time":"2025-07-17T09:39:45+00:00","article_modified_time":"2025-11-12T09:11:28+00:00","og_image":[{"width":500,"height":500,"url":"https:\/\/www.coflaspalmas.es\/wp-content\/uploads\/2025\/07\/WhatsApp-Image-2025-07-16-at-11.33.40-2-500x500-1.jpeg?wsr","type":"image\/jpeg"}],"author":"soporte","twitter_card":"summary_large_image","twitter_misc":{"Scritto da":"soporte","Tempo di lettura stimato":"3 minuti"},"schema":{"@context":"https:\/\/schema.org","@graph":[{"@type":"WebPage","@id":"https:\/\/www.coflaspalmas.es\/111487-2\/","url":"https:\/\/www.coflaspalmas.es\/111487-2\/","name":"La nueva Junta de Gobierno toma posesi\u00f3n de su cargo acompa\u00f1ada de las autoridades sanitarias - COFLP","isPartOf":{"@id":"https:\/\/www.coflaspalmas.es\/#website"},"primaryImageOfPage":{"@id":"https:\/\/www.coflaspalmas.es\/111487-2\/#primaryimage"},"image":{"@id":"https:\/\/www.coflaspalmas.es\/111487-2\/#primaryimage"},"thumbnailUrl":"https:\/\/www.coflaspalmas.es\/wp-content\/uploads\/2025\/07\/WhatsApp-Image-2025-07-16-at-11.33.40-2-500x500-1.jpeg?wsr","datePublished":"2025-07-17T09:39:45+00:00","dateModified":"2025-11-12T09:11:28+00:00","author":{"@id":"https:\/\/www.coflaspalmas.es\/#\/schema\/person\/ccf588cbe6c4345ebe4086a038142b96"},"breadcrumb":{"@id":"https:\/\/www.coflaspalmas.es\/111487-2\/#breadcrumb"},"inLanguage":"it-IT","potentialAction":[{"@type":"ReadAction","target":["https:\/\/www.coflaspalmas.es\/111487-2\/"]}]},{"@type":"ImageObject","inLanguage":"it-IT","@id":"https:\/\/www.coflaspalmas.es\/111487-2\/#primaryimage","url":"https:\/\/www.coflaspalmas.es\/wp-content\/uploads\/2025\/07\/WhatsApp-Image-2025-07-16-at-11.33.40-2-500x500-1.jpeg?wsr","contentUrl":"https:\/\/www.coflaspalmas.es\/wp-content\/uploads\/2025\/07\/WhatsApp-Image-2025-07-16-at-11.33.40-2-500x500-1.jpeg?wsr","width":500,"height":500},{"@type":"BreadcrumbList","@id":"https:\/\/www.coflaspalmas.es\/111487-2\/#breadcrumb","itemListElement":[{"@type":"ListItem","position":1,"name":"Portada","item":"https:\/\/www.coflaspalmas.es\/"},{"@type":"ListItem","position":2,"name":"La nueva Junta de Gobierno toma posesi\u00f3n de su cargo acompa\u00f1ada de las autoridades sanitarias"}]},{"@type":"WebSite","@id":"https:\/\/www.coflaspalmas.es\/#website","url":"https:\/\/www.coflaspalmas.es\/","name":"COF Las Palmas","description":"Colegio de Farmac\u00e9uticos Las Palmas.","potentialAction":[{"@type":"SearchAction","target":{"@type":"EntryPoint","urlTemplate":"https:\/\/www.coflaspalmas.es\/?s={search_term_string}"},"query-input":{"@type":"PropertyValueSpecification","valueRequired":true,"valueName":"search_term_string"}}],"inLanguage":"it-IT"},{"@type":"Person","@id":"https:\/\/www.coflaspalmas.es\/#\/schema\/person\/ccf588cbe6c4345ebe4086a038142b96","name":"soporte","image":{"@type":"ImageObject","inLanguage":"it-IT","@id":"https:\/\/www.coflaspalmas.es\/#\/schema\/person\/image\/","url":"https:\/\/secure.gravatar.com\/avatar\/d654455f4c3e474456c4922a586b96e354b5a500cfe1f1f2f60ef083808bf21b?s=96&d=mm&r=g","contentUrl":"https:\/\/secure.gravatar.com\/avatar\/d654455f4c3e474456c4922a586b96e354b5a500cfe1f1f2f60ef083808bf21b?s=96&d=mm&r=g","caption":"soporte"},"url":"https:\/\/www.coflaspalmas.es\/it\/author\/soporte\/"}]}},"_links":{"self":[{"href":"https:\/\/www.coflaspalmas.es\/it\/wp-json\/wp\/v2\/posts\/111487","targetHints":{"allow":["GET"]}}],"collection":[{"href":"https:\/\/www.coflaspalmas.es\/it\/wp-json\/wp\/v2\/posts"}],"about":[{"href":"https:\/\/www.coflaspalmas.es\/it\/wp-json\/wp\/v2\/types\/post"}],"author":[{"embeddable":true,"href":"https:\/\/www.coflaspalmas.es\/it\/wp-json\/wp\/v2\/users\/2427"}],"replies":[{"embeddable":true,"href":"https:\/\/www.coflaspalmas.es\/it\/wp-json\/wp\/v2\/comments?post=111487"}],"version-history":[{"count":1,"href":"https:\/\/www.coflaspalmas.es\/it\/wp-json\/wp\/v2\/posts\/111487\/revisions"}],"predecessor-version":[{"id":26046075,"href":"https:\/\/www.coflaspalmas.es\/it\/wp-json\/wp\/v2\/posts\/111487\/revisions\/26046075"}],"wp:featuredmedia":[{"embeddable":true,"href":"https:\/\/www.coflaspalmas.es\/it\/wp-json\/wp\/v2\/media\/26046325"}],"wp:attachment":[{"href":"https:\/\/www.coflaspalmas.es\/it\/wp-json\/wp\/v2\/media?parent=111487"}],"wp:term":[{"taxonomy":"category","embeddable":true,"href":"https:\/\/www.coflaspalmas.es\/it\/wp-json\/wp\/v2\/categories?post=111487"},{"taxonomy":"post_tag","embeddable":true,"href":"https:\/\/www.coflaspalmas.es\/it\/wp-json\/wp\/v2\/tags?post=111487"}],"curies":[{"name":"wp","href":"https:\/\/api.w.org\/{rel}","templated":true}]}}