{"id":112696,"date":"2025-08-06T20:30:17","date_gmt":"2025-08-06T18:30:17","guid":{"rendered":"https:\/\/www.coflaspalmas.es\/?p=112696"},"modified":"2025-11-12T10:11:28","modified_gmt":"2025-11-12T09:11:28","slug":"los-farmaceuticos-canarios-presentan-sus-proyectos-para-la-mejora-de-la-salud-al-nuevo-director-del-scs","status":"publish","type":"post","link":"https:\/\/www.coflaspalmas.es\/it\/los-farmaceuticos-canarios-presentan-sus-proyectos-para-la-mejora-de-la-salud-al-nuevo-director-del-scs\/","title":{"rendered":"I farmacisti delle Canarie presentano i loro progetti per il miglioramento della salute al nuovo direttore dell'SCS"},"content":{"rendered":"<p><span style=\"font-family: tahoma, arial, helvetica, sans-serif;\">I farmacisti delle Canarie sono stati tra i primi gruppi ad essere ricevuti dal nuovo direttore del Servizio Sanitario delle Canarie (SCS), Adasat Goya. Il presidente e il tesoriere delle associazioni ufficiali dei farmacisti di Las Palmas e Santa Cruz de Tenerife, rispettivamente Loreto G\u00f3mez e Carlos D\u00edas, hanno presentato all'incontro diversi progetti, il cui obiettivo sarebbe quello di migliorare le condizioni di salute della popolazione, facilitare l'accesso alla salute sotto diversi aspetti e decongestionare i servizi di assistenza primaria. \u00abI farmacisti non solo hanno un impegno per la salute in tutte le sue forme da quando esercitano la professione, ma la nostra vicinanza ai cittadini e la presenza di un farmacista su tutto il territorio ci permette di essere alleati della salute per l'Amministrazione. \u00c8 questo che abbiamo voluto sottolineare nell'incontro di oggi, illustrando i diversi progetti e programmi che proponiamo per implementare e migliorare la qualit\u00e0 dell'assistenza sanitaria\u00bb, ha spiegato Loreto G\u00f3mez.<\/span><\/p>\n<p><span style=\"font-family: tahoma, arial, helvetica, sans-serif;\">Adasat Goya, da parte sua, si \u00e8 mostrato ricettivo alle iniziative presentate, ha valorizzato il lavoro svolto dai farmacisti delle Canarie e si \u00e8 impegnato a mantenere uno stretto contatto per lavorare e valutare le possibilit\u00e0 di assumere i diversi progetti presentati.<\/span><\/p>\n<p><span style=\"font-family: tahoma, arial, helvetica, sans-serif;\">Da parte sua, Carlos D\u00edaz ha sottolineato l'importanza di continuare a rafforzare la collaborazione con il SCS al fine di migliorare l'assistenza fornita alla popolazione, sia dagli uffici farmaceutici, come primo punto sanitario vicino alla popolazione, sia dai Centri Sanitari o dagli Ospedali.<\/span><\/p>","protected":false},"excerpt":{"rendered":"<p>Los farmac\u00e9uticos canarios ha sido de los primeros colectivos en ser recibidos por el nuevo director del Servicio Canario de la Salud (SCS), Adasat Goya. La presidenta y el tesorero de los colegios oficiales de farmac\u00e9uticos de Las Palmas y de Santa Cruz de Tenerife, respectivamente, Loreto G\u00f3mez y Carlos D\u00edas, expusieron en la reuni\u00f3n [&hellip;]<\/p>\n","protected":false},"author":2427,"featured_media":26046324,"comment_status":"closed","ping_status":"closed","sticky":false,"template":"","format":"standard","meta":{"_et_pb_use_builder":"","_et_pb_old_content":"","_et_gb_content_width":"","footnotes":""},"categories":[247,11],"tags":[],"class_list":["post-112696","post","type-post","status-publish","format-standard","has-post-thumbnail","hentry","category-boletin-2025","category-noticias"],"yoast_head":"<!-- This site is optimized with the Yoast SEO plugin v24.7 - https:\/\/yoast.com\/wordpress\/plugins\/seo\/ -->\n<title>Los farmac\u00e9uticos canarios presentan sus proyectos para la mejora de la salud al nuevo director del SCS - COFLP<\/title>\n<meta name=\"robots\" content=\"index, follow, max-snippet:-1, max-image-preview:large, max-video-preview:-1\" \/>\n<link rel=\"canonical\" href=\"https:\/\/www.coflaspalmas.es\/it\/los-farmaceuticos-canarios-presentan-sus-proyectos-para-la-mejora-de-la-salud-al-nuevo-director-del-scs\/\" \/>\n<meta property=\"og:locale\" content=\"it_IT\" \/>\n<meta property=\"og:type\" content=\"article\" \/>\n<meta property=\"og:title\" content=\"Los farmac\u00e9uticos canarios presentan sus proyectos para la mejora de la salud al nuevo director del SCS - COFLP\" \/>\n<meta property=\"og:description\" content=\"Los farmac\u00e9uticos canarios ha sido de los primeros colectivos en ser recibidos por el nuevo director del Servicio Canario de la Salud (SCS), Adasat Goya. La presidenta y el tesorero de los colegios oficiales de farmac\u00e9uticos de Las Palmas y de Santa Cruz de Tenerife, respectivamente, Loreto G\u00f3mez y Carlos D\u00edas, expusieron en la reuni\u00f3n [&hellip;]\" \/>\n<meta property=\"og:url\" content=\"https:\/\/www.coflaspalmas.es\/it\/los-farmaceuticos-canarios-presentan-sus-proyectos-para-la-mejora-de-la-salud-al-nuevo-director-del-scs\/\" \/>\n<meta property=\"og:site_name\" content=\"COFLP\" \/>\n<meta property=\"article:published_time\" content=\"2025-08-06T18:30:17+00:00\" \/>\n<meta property=\"article:modified_time\" content=\"2025-11-12T09:11:28+00:00\" \/>\n<meta property=\"og:image\" content=\"https:\/\/www.coflaspalmas.es\/wp-content\/uploads\/2025\/08\/WhatsApp-Image-2025-08-06-at-12.36.22-500x500-1.jpeg?wsr\" \/>\n\t<meta property=\"og:image:width\" content=\"500\" \/>\n\t<meta property=\"og:image:height\" content=\"500\" \/>\n\t<meta property=\"og:image:type\" content=\"image\/jpeg\" \/>\n<meta name=\"author\" content=\"soporte\" \/>\n<meta name=\"twitter:card\" content=\"summary_large_image\" \/>\n<meta name=\"twitter:label1\" content=\"Scritto da\" \/>\n\t<meta name=\"twitter:data1\" content=\"soporte\" \/>\n\t<meta name=\"twitter:label2\" content=\"Tempo di lettura stimato\" \/>\n\t<meta name=\"twitter:data2\" content=\"2 minuti\" \/>\n<script type=\"application\/ld+json\" class=\"yoast-schema-graph\">{\"@context\":\"https:\/\/schema.org\",\"@graph\":[{\"@type\":\"WebPage\",\"@id\":\"https:\/\/www.coflaspalmas.es\/los-farmaceuticos-canarios-presentan-sus-proyectos-para-la-mejora-de-la-salud-al-nuevo-director-del-scs\/\",\"url\":\"https:\/\/www.coflaspalmas.es\/los-farmaceuticos-canarios-presentan-sus-proyectos-para-la-mejora-de-la-salud-al-nuevo-director-del-scs\/\",\"name\":\"Los farmac\u00e9uticos canarios presentan sus proyectos para la mejora de la salud al nuevo director del SCS - COFLP\",\"isPartOf\":{\"@id\":\"https:\/\/www.coflaspalmas.es\/#website\"},\"primaryImageOfPage\":{\"@id\":\"https:\/\/www.coflaspalmas.es\/los-farmaceuticos-canarios-presentan-sus-proyectos-para-la-mejora-de-la-salud-al-nuevo-director-del-scs\/#primaryimage\"},\"image\":{\"@id\":\"https:\/\/www.coflaspalmas.es\/los-farmaceuticos-canarios-presentan-sus-proyectos-para-la-mejora-de-la-salud-al-nuevo-director-del-scs\/#primaryimage\"},\"thumbnailUrl\":\"https:\/\/www.coflaspalmas.es\/wp-content\/uploads\/2025\/08\/WhatsApp-Image-2025-08-06-at-12.36.22-500x500-1.jpeg?wsr\",\"datePublished\":\"2025-08-06T18:30:17+00:00\",\"dateModified\":\"2025-11-12T09:11:28+00:00\",\"author\":{\"@id\":\"https:\/\/www.coflaspalmas.es\/#\/schema\/person\/ccf588cbe6c4345ebe4086a038142b96\"},\"breadcrumb\":{\"@id\":\"https:\/\/www.coflaspalmas.es\/los-farmaceuticos-canarios-presentan-sus-proyectos-para-la-mejora-de-la-salud-al-nuevo-director-del-scs\/#breadcrumb\"},\"inLanguage\":\"it-IT\",\"potentialAction\":[{\"@type\":\"ReadAction\",\"target\":[\"https:\/\/www.coflaspalmas.es\/los-farmaceuticos-canarios-presentan-sus-proyectos-para-la-mejora-de-la-salud-al-nuevo-director-del-scs\/\"]}]},{\"@type\":\"ImageObject\",\"inLanguage\":\"it-IT\",\"@id\":\"https:\/\/www.coflaspalmas.es\/los-farmaceuticos-canarios-presentan-sus-proyectos-para-la-mejora-de-la-salud-al-nuevo-director-del-scs\/#primaryimage\",\"url\":\"https:\/\/www.coflaspalmas.es\/wp-content\/uploads\/2025\/08\/WhatsApp-Image-2025-08-06-at-12.36.22-500x500-1.jpeg?wsr\",\"contentUrl\":\"https:\/\/www.coflaspalmas.es\/wp-content\/uploads\/2025\/08\/WhatsApp-Image-2025-08-06-at-12.36.22-500x500-1.jpeg?wsr\",\"width\":500,\"height\":500},{\"@type\":\"BreadcrumbList\",\"@id\":\"https:\/\/www.coflaspalmas.es\/los-farmaceuticos-canarios-presentan-sus-proyectos-para-la-mejora-de-la-salud-al-nuevo-director-del-scs\/#breadcrumb\",\"itemListElement\":[{\"@type\":\"ListItem\",\"position\":1,\"name\":\"Portada\",\"item\":\"https:\/\/www.coflaspalmas.es\/\"},{\"@type\":\"ListItem\",\"position\":2,\"name\":\"Los farmac\u00e9uticos canarios presentan sus proyectos para la mejora de la salud al nuevo director del SCS\"}]},{\"@type\":\"WebSite\",\"@id\":\"https:\/\/www.coflaspalmas.es\/#website\",\"url\":\"https:\/\/www.coflaspalmas.es\/\",\"name\":\"COF Las Palmas\",\"description\":\"Colegio de Farmac\u00e9uticos Las Palmas.\",\"potentialAction\":[{\"@type\":\"SearchAction\",\"target\":{\"@type\":\"EntryPoint\",\"urlTemplate\":\"https:\/\/www.coflaspalmas.es\/?s={search_term_string}\"},\"query-input\":{\"@type\":\"PropertyValueSpecification\",\"valueRequired\":true,\"valueName\":\"search_term_string\"}}],\"inLanguage\":\"it-IT\"},{\"@type\":\"Person\",\"@id\":\"https:\/\/www.coflaspalmas.es\/#\/schema\/person\/ccf588cbe6c4345ebe4086a038142b96\",\"name\":\"soporte\",\"image\":{\"@type\":\"ImageObject\",\"inLanguage\":\"it-IT\",\"@id\":\"https:\/\/www.coflaspalmas.es\/#\/schema\/person\/image\/\",\"url\":\"https:\/\/secure.gravatar.com\/avatar\/d654455f4c3e474456c4922a586b96e354b5a500cfe1f1f2f60ef083808bf21b?s=96&d=mm&r=g\",\"contentUrl\":\"https:\/\/secure.gravatar.com\/avatar\/d654455f4c3e474456c4922a586b96e354b5a500cfe1f1f2f60ef083808bf21b?s=96&d=mm&r=g\",\"caption\":\"soporte\"},\"url\":\"https:\/\/www.coflaspalmas.es\/it\/author\/soporte\/\"}]}<\/script>\n<!-- \/ Yoast SEO plugin. -->","yoast_head_json":{"title":"Los farmac\u00e9uticos canarios presentan sus proyectos para la mejora de la salud al nuevo director del SCS - COFLP","robots":{"index":"index","follow":"follow","max-snippet":"max-snippet:-1","max-image-preview":"max-image-preview:large","max-video-preview":"max-video-preview:-1"},"canonical":"https:\/\/www.coflaspalmas.es\/it\/los-farmaceuticos-canarios-presentan-sus-proyectos-para-la-mejora-de-la-salud-al-nuevo-director-del-scs\/","og_locale":"it_IT","og_type":"article","og_title":"Los farmac\u00e9uticos canarios presentan sus proyectos para la mejora de la salud al nuevo director del SCS - COFLP","og_description":"Los farmac\u00e9uticos canarios ha sido de los primeros colectivos en ser recibidos por el nuevo director del Servicio Canario de la Salud (SCS), Adasat Goya. La presidenta y el tesorero de los colegios oficiales de farmac\u00e9uticos de Las Palmas y de Santa Cruz de Tenerife, respectivamente, Loreto G\u00f3mez y Carlos D\u00edas, expusieron en la reuni\u00f3n [&hellip;]","og_url":"https:\/\/www.coflaspalmas.es\/it\/los-farmaceuticos-canarios-presentan-sus-proyectos-para-la-mejora-de-la-salud-al-nuevo-director-del-scs\/","og_site_name":"COFLP","article_published_time":"2025-08-06T18:30:17+00:00","article_modified_time":"2025-11-12T09:11:28+00:00","og_image":[{"width":500,"height":500,"url":"https:\/\/www.coflaspalmas.es\/wp-content\/uploads\/2025\/08\/WhatsApp-Image-2025-08-06-at-12.36.22-500x500-1.jpeg?wsr","type":"image\/jpeg"}],"author":"soporte","twitter_card":"summary_large_image","twitter_misc":{"Scritto da":"soporte","Tempo di lettura stimato":"2 minuti"},"schema":{"@context":"https:\/\/schema.org","@graph":[{"@type":"WebPage","@id":"https:\/\/www.coflaspalmas.es\/los-farmaceuticos-canarios-presentan-sus-proyectos-para-la-mejora-de-la-salud-al-nuevo-director-del-scs\/","url":"https:\/\/www.coflaspalmas.es\/los-farmaceuticos-canarios-presentan-sus-proyectos-para-la-mejora-de-la-salud-al-nuevo-director-del-scs\/","name":"Los farmac\u00e9uticos canarios presentan sus proyectos para la mejora de la salud al nuevo director del SCS - COFLP","isPartOf":{"@id":"https:\/\/www.coflaspalmas.es\/#website"},"primaryImageOfPage":{"@id":"https:\/\/www.coflaspalmas.es\/los-farmaceuticos-canarios-presentan-sus-proyectos-para-la-mejora-de-la-salud-al-nuevo-director-del-scs\/#primaryimage"},"image":{"@id":"https:\/\/www.coflaspalmas.es\/los-farmaceuticos-canarios-presentan-sus-proyectos-para-la-mejora-de-la-salud-al-nuevo-director-del-scs\/#primaryimage"},"thumbnailUrl":"https:\/\/www.coflaspalmas.es\/wp-content\/uploads\/2025\/08\/WhatsApp-Image-2025-08-06-at-12.36.22-500x500-1.jpeg?wsr","datePublished":"2025-08-06T18:30:17+00:00","dateModified":"2025-11-12T09:11:28+00:00","author":{"@id":"https:\/\/www.coflaspalmas.es\/#\/schema\/person\/ccf588cbe6c4345ebe4086a038142b96"},"breadcrumb":{"@id":"https:\/\/www.coflaspalmas.es\/los-farmaceuticos-canarios-presentan-sus-proyectos-para-la-mejora-de-la-salud-al-nuevo-director-del-scs\/#breadcrumb"},"inLanguage":"it-IT","potentialAction":[{"@type":"ReadAction","target":["https:\/\/www.coflaspalmas.es\/los-farmaceuticos-canarios-presentan-sus-proyectos-para-la-mejora-de-la-salud-al-nuevo-director-del-scs\/"]}]},{"@type":"ImageObject","inLanguage":"it-IT","@id":"https:\/\/www.coflaspalmas.es\/los-farmaceuticos-canarios-presentan-sus-proyectos-para-la-mejora-de-la-salud-al-nuevo-director-del-scs\/#primaryimage","url":"https:\/\/www.coflaspalmas.es\/wp-content\/uploads\/2025\/08\/WhatsApp-Image-2025-08-06-at-12.36.22-500x500-1.jpeg?wsr","contentUrl":"https:\/\/www.coflaspalmas.es\/wp-content\/uploads\/2025\/08\/WhatsApp-Image-2025-08-06-at-12.36.22-500x500-1.jpeg?wsr","width":500,"height":500},{"@type":"BreadcrumbList","@id":"https:\/\/www.coflaspalmas.es\/los-farmaceuticos-canarios-presentan-sus-proyectos-para-la-mejora-de-la-salud-al-nuevo-director-del-scs\/#breadcrumb","itemListElement":[{"@type":"ListItem","position":1,"name":"Portada","item":"https:\/\/www.coflaspalmas.es\/"},{"@type":"ListItem","position":2,"name":"Los farmac\u00e9uticos canarios presentan sus proyectos para la mejora de la salud al nuevo director del SCS"}]},{"@type":"WebSite","@id":"https:\/\/www.coflaspalmas.es\/#website","url":"https:\/\/www.coflaspalmas.es\/","name":"COF Las Palmas","description":"Colegio de Farmac\u00e9uticos Las Palmas.","potentialAction":[{"@type":"SearchAction","target":{"@type":"EntryPoint","urlTemplate":"https:\/\/www.coflaspalmas.es\/?s={search_term_string}"},"query-input":{"@type":"PropertyValueSpecification","valueRequired":true,"valueName":"search_term_string"}}],"inLanguage":"it-IT"},{"@type":"Person","@id":"https:\/\/www.coflaspalmas.es\/#\/schema\/person\/ccf588cbe6c4345ebe4086a038142b96","name":"soporte","image":{"@type":"ImageObject","inLanguage":"it-IT","@id":"https:\/\/www.coflaspalmas.es\/#\/schema\/person\/image\/","url":"https:\/\/secure.gravatar.com\/avatar\/d654455f4c3e474456c4922a586b96e354b5a500cfe1f1f2f60ef083808bf21b?s=96&d=mm&r=g","contentUrl":"https:\/\/secure.gravatar.com\/avatar\/d654455f4c3e474456c4922a586b96e354b5a500cfe1f1f2f60ef083808bf21b?s=96&d=mm&r=g","caption":"soporte"},"url":"https:\/\/www.coflaspalmas.es\/it\/author\/soporte\/"}]}},"_links":{"self":[{"href":"https:\/\/www.coflaspalmas.es\/it\/wp-json\/wp\/v2\/posts\/112696","targetHints":{"allow":["GET"]}}],"collection":[{"href":"https:\/\/www.coflaspalmas.es\/it\/wp-json\/wp\/v2\/posts"}],"about":[{"href":"https:\/\/www.coflaspalmas.es\/it\/wp-json\/wp\/v2\/types\/post"}],"author":[{"embeddable":true,"href":"https:\/\/www.coflaspalmas.es\/it\/wp-json\/wp\/v2\/users\/2427"}],"replies":[{"embeddable":true,"href":"https:\/\/www.coflaspalmas.es\/it\/wp-json\/wp\/v2\/comments?post=112696"}],"version-history":[{"count":1,"href":"https:\/\/www.coflaspalmas.es\/it\/wp-json\/wp\/v2\/posts\/112696\/revisions"}],"predecessor-version":[{"id":26046074,"href":"https:\/\/www.coflaspalmas.es\/it\/wp-json\/wp\/v2\/posts\/112696\/revisions\/26046074"}],"wp:featuredmedia":[{"embeddable":true,"href":"https:\/\/www.coflaspalmas.es\/it\/wp-json\/wp\/v2\/media\/26046324"}],"wp:attachment":[{"href":"https:\/\/www.coflaspalmas.es\/it\/wp-json\/wp\/v2\/media?parent=112696"}],"wp:term":[{"taxonomy":"category","embeddable":true,"href":"https:\/\/www.coflaspalmas.es\/it\/wp-json\/wp\/v2\/categories?post=112696"},{"taxonomy":"post_tag","embeddable":true,"href":"https:\/\/www.coflaspalmas.es\/it\/wp-json\/wp\/v2\/tags?post=112696"}],"curies":[{"name":"wp","href":"https:\/\/api.w.org\/{rel}","templated":true}]}}