{"id":118139,"date":"2025-09-25T11:34:20","date_gmt":"2025-09-25T09:34:20","guid":{"rendered":"https:\/\/www.coflaspalmas.es\/?p=118139"},"modified":"2025-11-12T10:11:27","modified_gmt":"2025-11-12T09:11:27","slug":"los-farmaceuticos-celebran-su-dia-mundial-destacando-su-papel-como-promotores-de-salud","status":"publish","type":"post","link":"https:\/\/www.coflaspalmas.es\/it\/los-farmaceuticos-celebran-su-dia-mundial-destacando-su-papel-como-promotores-de-salud\/","title":{"rendered":"I farmacisti celebrano la loro Giornata Mondiale sottolineando il loro ruolo di promotori della salute"},"content":{"rendered":"<header class=\"entry-header\" aria-label=\"Contenuto\">\n<p class=\"entry-title\"><span style=\"font-family: helvetica, arial, sans-serif; font-size: 16px;\">La professione farmaceutica festeggia oggi<\/span><span style=\"font-family: helvetica, arial, sans-serif; font-size: 16px;\"> il suo grande giorno, in coincidenza con l'anniversario della fondazione della Federazione Internazionale Farmaceutica (FIP). A livello internazionale si celebra sotto lo slogan <\/span><em style=\"font-family: helvetica, arial, sans-serif; font-size: 16px;\">Pensa alla salute, pensa alla farmacia<\/em><span style=\"font-family: helvetica, arial, sans-serif; font-size: 16px;\">, e in Spagna lo abbiamo accompagnato con la leggenda #ConCienciaFarmac\u00e9utica per migliorare il mondo, si evidenzia la duplice dimensione scientifica e sociale della farmacia.<\/span><\/p>\n<\/header>\n<div class=\"entry-content\">\n<div class=\"elementor elementor-22561\" data-elementor-type=\"wp-post\" data-elementor-id=\"22561\" data-elementor-post-type=\"post\">\n<section class=\"elementor-section elementor-top-section elementor-element elementor-element-2f2fc83 elementor-section-boxed elementor-section-height-default elementor-section-height-default\" data-id=\"2f2fc83\" data-element_type=\"section\">\n<div class=\"elementor-container elementor-column-gap-default\">\n<div class=\"elementor-column elementor-col-100 elementor-top-column elementor-element elementor-element-6e2563c\" data-id=\"6e2563c\" data-element_type=\"column\">\n<div class=\"elementor-widget-wrap elementor-element-populated\">\n<div class=\"elementor-element elementor-element-60f2a33 elementor-widget elementor-widget-text-editor\" data-id=\"60f2a33\" data-element_type=\"widget\" data-widget_type=\"text-editor.default\">\n<div class=\"elementor-widget-container\">\n<p><span style=\"font-family: helvetica, arial, sans-serif;\">Las Palmas cuenta con 1393 personas colegiadas que se distribuyen entre farmacias comunitarias, farmacias hospitalarias, distribuci\u00f3n, investigaci\u00f3n, docencia, an\u00e1lisis cl\u00ednicos y salud p\u00fablica, y lo celebraremos con la iluminaci\u00f3n de diferentes edificios de instituciones que han querido sumarse a esta celebraci\u00f3n: Presidencia del Gobierno, Cabildo de Gran Canaria y Ayuntamiento de Ag\u00fcimes, adem\u00e1s de la sede del COFLP.<\/span><\/p>\n<p><span style=\"font-family: helvetica, arial, sans-serif;\">Loreto G\u00f3mez, presidente del Colegio, ha querido se\u00f1alar en este d\u00eda la importancia que tienen el colectivo farmac\u00e9utico en todas sus modalidades, destacando la \u00abimplicaci\u00f3n como agentes fundamentales en el cuidado de la salud. La cercan\u00eda diaria y permanente a la poblaci\u00f3n nos convierte en referencia sanitaria y nos obliga a ser especialmente responsables en el cuidado, la atenci\u00f3n y la formaci\u00f3n, adem\u00e1s de trabajar para reeducar a los pacientes, sometidos a informaciones falsas y bulos malintencionados que pueden poner en riesgo su vida y la de las personas dependientes\u00bb.<\/span><\/p>\n<p><span style=\"font-family: helvetica, arial, sans-serif;\">Da parte sua, Jes\u00fas Aguilar, presidente del Consiglio Generale dei Collegi Ufficiali dei Farmacisti di Spagna, ha affermato: \u201cNella Giornata Mondiale del Farmacista emerge pi\u00f9 che mai l'orgoglio di esercitare una professione caratterizzata dallo spirito di dedizione e vocazione al servizio dei pazienti. La nostra ragione d'essere non \u00e8 altro che lavorare per la prevenzione, l'educazione sanitaria, l'uso sicuro e responsabile dei farmaci e l'accesso ai trattamenti, dalla vicinanza e professionalit\u00e0 che ci definisce\u201d.<\/span><\/p>\n<p><span style=\"font-family: helvetica, arial, sans-serif;\"><strong>La professione farmaceutica in Spagna<\/strong><\/span><\/p>\n<p><span style=\"font-family: helvetica, arial, sans-serif;\">Secondo i dati presentati dal Consiglio Generale dei Collegi Farmaceutici in Spagna, ci sono 81.081 farmacisti iscritti che svolgono la loro attivit\u00e0 assistenziale in molteplici aree, tutte legate alla salute.<\/span><\/p>\n<p><span style=\"font-family: helvetica, arial, sans-serif;\">Perch\u00e9, come dice lo slogan, se si pensa alla salute, si deve pensare alla professione farmaceutica: ai farmacisti che operano nelle farmacie territoriali, nelle farmacie ospedaliere, nelle analisi cliniche, nella sanit\u00e0 pubblica, nell'industria e nella distribuzione farmaceutica, nell'ottica e acustica, nell'alimentazione, nella dermofarmacia, nell'ortopedia o nell'insegnamento; tutti e nessuno escluso rispondono alle esigenze dei pazienti.<\/span><\/p>\n<p><span style=\"font-family: helvetica, arial, sans-serif;\">Organizzazioni di tutto il mondo, tra cui il Consiglio Generale, i Collegi dei Farmacisti e i singoli farmacisti, si uniscono ogni anno a questa celebrazione con l'obiettivo di mettere in risalto il lavoro della professione farmaceutica e condividerlo, tra gli altri, con i pazienti, le amministrazioni e gli altri professionisti sanitari.<\/span><\/p>\n<p><span style=\"font-family: helvetica, arial, sans-serif;\">Il Consiglio Generale ha realizzato un video commemorativo che valorizza il ruolo dei professionisti farmaceutici in tutti gli ambiti di esercizio: farmacia, ospedale, distribuzione, industria, ricerca, docenza, analisi cliniche, sanit\u00e0 pubblica, ortopedia, ottica e acustica o dermofarmacia.<\/span><\/p>\n<p><span style=\"font-family: helvetica, arial, sans-serif;\">Inoltre, \u00e8 stato realizzato un poster commemorativo, disponibile insieme ai materiali di comunicazione su\u00a0<a href=\"https:\/\/www.farmaceuticos.com\/farmaceuticos\/farmacia\/campanas\/dia-mundial-del-farmaceutico-2025\/\">www.farmaceuticos.com<\/a>, e invitano a condividerli sui social network con gli hashtag #DMF2025 e #WPD2025.<\/span><\/p>\n<\/div>\n<\/div>\n<\/div>\n<\/div>\n<\/div>\n<\/section>\n<\/div>\n<\/div>","protected":false},"excerpt":{"rendered":"<p>La profesi\u00f3n farmac\u00e9utica celebra hoy su d\u00eda grande, coincidiendo con el aniversario de la fundaci\u00f3n de la Federaci\u00f3n Internacional Farmac\u00e9utica (FIP). A nivel internacional se hace bajo el lema Piensa en salud, piensa en farmacia, y en Espa\u00f1a lo hemos acompa\u00f1ado de la leyenda #ConCienciaFarmac\u00e9utica para mejorar el mundo, se pone de relieve la doble [&hellip;]<\/p>\n","protected":false},"author":2427,"featured_media":26046323,"comment_status":"closed","ping_status":"closed","sticky":false,"template":"","format":"standard","meta":{"_et_pb_use_builder":"","_et_pb_old_content":"","_et_gb_content_width":"","footnotes":""},"categories":[247,11,1],"tags":[],"class_list":["post-118139","post","type-post","status-publish","format-standard","has-post-thumbnail","hentry","category-boletin-2025","category-noticias","category-sin-categoria"],"yoast_head":"<!-- This site is optimized with the Yoast SEO plugin v24.7 - https:\/\/yoast.com\/wordpress\/plugins\/seo\/ -->\n<title>Los farmac\u00e9uticos celebran su D\u00eda Mundial destacando su papel como promotores de salud - COFLP<\/title>\n<meta name=\"robots\" content=\"index, follow, max-snippet:-1, max-image-preview:large, max-video-preview:-1\" \/>\n<link rel=\"canonical\" href=\"https:\/\/www.coflaspalmas.es\/it\/los-farmaceuticos-celebran-su-dia-mundial-destacando-su-papel-como-promotores-de-salud\/\" \/>\n<meta property=\"og:locale\" content=\"it_IT\" \/>\n<meta property=\"og:type\" content=\"article\" \/>\n<meta property=\"og:title\" content=\"Los farmac\u00e9uticos celebran su D\u00eda Mundial destacando su papel como promotores de salud - COFLP\" \/>\n<meta property=\"og:description\" content=\"La profesi\u00f3n farmac\u00e9utica celebra hoy su d\u00eda grande, coincidiendo con el aniversario de la fundaci\u00f3n de la Federaci\u00f3n Internacional Farmac\u00e9utica (FIP). A nivel internacional se hace bajo el lema Piensa en salud, piensa en farmacia, y en Espa\u00f1a lo hemos acompa\u00f1ado de la leyenda #ConCienciaFarmac\u00e9utica para mejorar el mundo, se pone de relieve la doble [&hellip;]\" \/>\n<meta property=\"og:url\" content=\"https:\/\/www.coflaspalmas.es\/it\/los-farmaceuticos-celebran-su-dia-mundial-destacando-su-papel-como-promotores-de-salud\/\" \/>\n<meta property=\"og:site_name\" content=\"COFLP\" \/>\n<meta property=\"article:published_time\" content=\"2025-09-25T09:34:20+00:00\" \/>\n<meta property=\"article:modified_time\" content=\"2025-11-12T09:11:27+00:00\" \/>\n<meta property=\"og:image\" content=\"https:\/\/www.coflaspalmas.es\/wp-content\/uploads\/2025\/09\/X-Twitter-DMF-25-1024x576-1-500x500-1.jpg?wsr\" \/>\n\t<meta property=\"og:image:width\" content=\"500\" \/>\n\t<meta property=\"og:image:height\" content=\"500\" \/>\n\t<meta property=\"og:image:type\" content=\"image\/jpeg\" \/>\n<meta name=\"author\" content=\"soporte\" \/>\n<meta name=\"twitter:card\" content=\"summary_large_image\" \/>\n<meta name=\"twitter:label1\" content=\"Scritto da\" \/>\n\t<meta name=\"twitter:data1\" content=\"soporte\" \/>\n\t<meta name=\"twitter:label2\" content=\"Tempo di lettura stimato\" \/>\n\t<meta name=\"twitter:data2\" content=\"3 minuti\" \/>\n<script type=\"application\/ld+json\" class=\"yoast-schema-graph\">{\"@context\":\"https:\/\/schema.org\",\"@graph\":[{\"@type\":\"WebPage\",\"@id\":\"https:\/\/www.coflaspalmas.es\/los-farmaceuticos-celebran-su-dia-mundial-destacando-su-papel-como-promotores-de-salud\/\",\"url\":\"https:\/\/www.coflaspalmas.es\/los-farmaceuticos-celebran-su-dia-mundial-destacando-su-papel-como-promotores-de-salud\/\",\"name\":\"Los farmac\u00e9uticos celebran su D\u00eda Mundial destacando su papel como promotores de salud - COFLP\",\"isPartOf\":{\"@id\":\"https:\/\/www.coflaspalmas.es\/#website\"},\"primaryImageOfPage\":{\"@id\":\"https:\/\/www.coflaspalmas.es\/los-farmaceuticos-celebran-su-dia-mundial-destacando-su-papel-como-promotores-de-salud\/#primaryimage\"},\"image\":{\"@id\":\"https:\/\/www.coflaspalmas.es\/los-farmaceuticos-celebran-su-dia-mundial-destacando-su-papel-como-promotores-de-salud\/#primaryimage\"},\"thumbnailUrl\":\"https:\/\/www.coflaspalmas.es\/wp-content\/uploads\/2025\/09\/X-Twitter-DMF-25-1024x576-1-500x500-1.jpg?wsr\",\"datePublished\":\"2025-09-25T09:34:20+00:00\",\"dateModified\":\"2025-11-12T09:11:27+00:00\",\"author\":{\"@id\":\"https:\/\/www.coflaspalmas.es\/#\/schema\/person\/ccf588cbe6c4345ebe4086a038142b96\"},\"breadcrumb\":{\"@id\":\"https:\/\/www.coflaspalmas.es\/los-farmaceuticos-celebran-su-dia-mundial-destacando-su-papel-como-promotores-de-salud\/#breadcrumb\"},\"inLanguage\":\"it-IT\",\"potentialAction\":[{\"@type\":\"ReadAction\",\"target\":[\"https:\/\/www.coflaspalmas.es\/los-farmaceuticos-celebran-su-dia-mundial-destacando-su-papel-como-promotores-de-salud\/\"]}]},{\"@type\":\"ImageObject\",\"inLanguage\":\"it-IT\",\"@id\":\"https:\/\/www.coflaspalmas.es\/los-farmaceuticos-celebran-su-dia-mundial-destacando-su-papel-como-promotores-de-salud\/#primaryimage\",\"url\":\"https:\/\/www.coflaspalmas.es\/wp-content\/uploads\/2025\/09\/X-Twitter-DMF-25-1024x576-1-500x500-1.jpg?wsr\",\"contentUrl\":\"https:\/\/www.coflaspalmas.es\/wp-content\/uploads\/2025\/09\/X-Twitter-DMF-25-1024x576-1-500x500-1.jpg?wsr\",\"width\":500,\"height\":500},{\"@type\":\"BreadcrumbList\",\"@id\":\"https:\/\/www.coflaspalmas.es\/los-farmaceuticos-celebran-su-dia-mundial-destacando-su-papel-como-promotores-de-salud\/#breadcrumb\",\"itemListElement\":[{\"@type\":\"ListItem\",\"position\":1,\"name\":\"Portada\",\"item\":\"https:\/\/www.coflaspalmas.es\/\"},{\"@type\":\"ListItem\",\"position\":2,\"name\":\"Los farmac\u00e9uticos celebran su D\u00eda Mundial destacando su papel como promotores de salud\"}]},{\"@type\":\"WebSite\",\"@id\":\"https:\/\/www.coflaspalmas.es\/#website\",\"url\":\"https:\/\/www.coflaspalmas.es\/\",\"name\":\"COF Las Palmas\",\"description\":\"Colegio de Farmac\u00e9uticos Las Palmas.\",\"potentialAction\":[{\"@type\":\"SearchAction\",\"target\":{\"@type\":\"EntryPoint\",\"urlTemplate\":\"https:\/\/www.coflaspalmas.es\/?s={search_term_string}\"},\"query-input\":{\"@type\":\"PropertyValueSpecification\",\"valueRequired\":true,\"valueName\":\"search_term_string\"}}],\"inLanguage\":\"it-IT\"},{\"@type\":\"Person\",\"@id\":\"https:\/\/www.coflaspalmas.es\/#\/schema\/person\/ccf588cbe6c4345ebe4086a038142b96\",\"name\":\"soporte\",\"image\":{\"@type\":\"ImageObject\",\"inLanguage\":\"it-IT\",\"@id\":\"https:\/\/www.coflaspalmas.es\/#\/schema\/person\/image\/\",\"url\":\"https:\/\/secure.gravatar.com\/avatar\/d654455f4c3e474456c4922a586b96e354b5a500cfe1f1f2f60ef083808bf21b?s=96&d=mm&r=g\",\"contentUrl\":\"https:\/\/secure.gravatar.com\/avatar\/d654455f4c3e474456c4922a586b96e354b5a500cfe1f1f2f60ef083808bf21b?s=96&d=mm&r=g\",\"caption\":\"soporte\"},\"url\":\"https:\/\/www.coflaspalmas.es\/it\/author\/soporte\/\"}]}<\/script>\n<!-- \/ Yoast SEO plugin. -->","yoast_head_json":{"title":"Los farmac\u00e9uticos celebran su D\u00eda Mundial destacando su papel como promotores de salud - COFLP","robots":{"index":"index","follow":"follow","max-snippet":"max-snippet:-1","max-image-preview":"max-image-preview:large","max-video-preview":"max-video-preview:-1"},"canonical":"https:\/\/www.coflaspalmas.es\/it\/los-farmaceuticos-celebran-su-dia-mundial-destacando-su-papel-como-promotores-de-salud\/","og_locale":"it_IT","og_type":"article","og_title":"Los farmac\u00e9uticos celebran su D\u00eda Mundial destacando su papel como promotores de salud - COFLP","og_description":"La profesi\u00f3n farmac\u00e9utica celebra hoy su d\u00eda grande, coincidiendo con el aniversario de la fundaci\u00f3n de la Federaci\u00f3n Internacional Farmac\u00e9utica (FIP). A nivel internacional se hace bajo el lema Piensa en salud, piensa en farmacia, y en Espa\u00f1a lo hemos acompa\u00f1ado de la leyenda #ConCienciaFarmac\u00e9utica para mejorar el mundo, se pone de relieve la doble [&hellip;]","og_url":"https:\/\/www.coflaspalmas.es\/it\/los-farmaceuticos-celebran-su-dia-mundial-destacando-su-papel-como-promotores-de-salud\/","og_site_name":"COFLP","article_published_time":"2025-09-25T09:34:20+00:00","article_modified_time":"2025-11-12T09:11:27+00:00","og_image":[{"width":500,"height":500,"url":"https:\/\/www.coflaspalmas.es\/wp-content\/uploads\/2025\/09\/X-Twitter-DMF-25-1024x576-1-500x500-1.jpg?wsr","type":"image\/jpeg"}],"author":"soporte","twitter_card":"summary_large_image","twitter_misc":{"Scritto da":"soporte","Tempo di lettura stimato":"3 minuti"},"schema":{"@context":"https:\/\/schema.org","@graph":[{"@type":"WebPage","@id":"https:\/\/www.coflaspalmas.es\/los-farmaceuticos-celebran-su-dia-mundial-destacando-su-papel-como-promotores-de-salud\/","url":"https:\/\/www.coflaspalmas.es\/los-farmaceuticos-celebran-su-dia-mundial-destacando-su-papel-como-promotores-de-salud\/","name":"Los farmac\u00e9uticos celebran su D\u00eda Mundial destacando su papel como promotores de salud - COFLP","isPartOf":{"@id":"https:\/\/www.coflaspalmas.es\/#website"},"primaryImageOfPage":{"@id":"https:\/\/www.coflaspalmas.es\/los-farmaceuticos-celebran-su-dia-mundial-destacando-su-papel-como-promotores-de-salud\/#primaryimage"},"image":{"@id":"https:\/\/www.coflaspalmas.es\/los-farmaceuticos-celebran-su-dia-mundial-destacando-su-papel-como-promotores-de-salud\/#primaryimage"},"thumbnailUrl":"https:\/\/www.coflaspalmas.es\/wp-content\/uploads\/2025\/09\/X-Twitter-DMF-25-1024x576-1-500x500-1.jpg?wsr","datePublished":"2025-09-25T09:34:20+00:00","dateModified":"2025-11-12T09:11:27+00:00","author":{"@id":"https:\/\/www.coflaspalmas.es\/#\/schema\/person\/ccf588cbe6c4345ebe4086a038142b96"},"breadcrumb":{"@id":"https:\/\/www.coflaspalmas.es\/los-farmaceuticos-celebran-su-dia-mundial-destacando-su-papel-como-promotores-de-salud\/#breadcrumb"},"inLanguage":"it-IT","potentialAction":[{"@type":"ReadAction","target":["https:\/\/www.coflaspalmas.es\/los-farmaceuticos-celebran-su-dia-mundial-destacando-su-papel-como-promotores-de-salud\/"]}]},{"@type":"ImageObject","inLanguage":"it-IT","@id":"https:\/\/www.coflaspalmas.es\/los-farmaceuticos-celebran-su-dia-mundial-destacando-su-papel-como-promotores-de-salud\/#primaryimage","url":"https:\/\/www.coflaspalmas.es\/wp-content\/uploads\/2025\/09\/X-Twitter-DMF-25-1024x576-1-500x500-1.jpg?wsr","contentUrl":"https:\/\/www.coflaspalmas.es\/wp-content\/uploads\/2025\/09\/X-Twitter-DMF-25-1024x576-1-500x500-1.jpg?wsr","width":500,"height":500},{"@type":"BreadcrumbList","@id":"https:\/\/www.coflaspalmas.es\/los-farmaceuticos-celebran-su-dia-mundial-destacando-su-papel-como-promotores-de-salud\/#breadcrumb","itemListElement":[{"@type":"ListItem","position":1,"name":"Portada","item":"https:\/\/www.coflaspalmas.es\/"},{"@type":"ListItem","position":2,"name":"Los farmac\u00e9uticos celebran su D\u00eda Mundial destacando su papel como promotores de salud"}]},{"@type":"WebSite","@id":"https:\/\/www.coflaspalmas.es\/#website","url":"https:\/\/www.coflaspalmas.es\/","name":"COF Las Palmas","description":"Colegio de Farmac\u00e9uticos Las Palmas.","potentialAction":[{"@type":"SearchAction","target":{"@type":"EntryPoint","urlTemplate":"https:\/\/www.coflaspalmas.es\/?s={search_term_string}"},"query-input":{"@type":"PropertyValueSpecification","valueRequired":true,"valueName":"search_term_string"}}],"inLanguage":"it-IT"},{"@type":"Person","@id":"https:\/\/www.coflaspalmas.es\/#\/schema\/person\/ccf588cbe6c4345ebe4086a038142b96","name":"soporte","image":{"@type":"ImageObject","inLanguage":"it-IT","@id":"https:\/\/www.coflaspalmas.es\/#\/schema\/person\/image\/","url":"https:\/\/secure.gravatar.com\/avatar\/d654455f4c3e474456c4922a586b96e354b5a500cfe1f1f2f60ef083808bf21b?s=96&d=mm&r=g","contentUrl":"https:\/\/secure.gravatar.com\/avatar\/d654455f4c3e474456c4922a586b96e354b5a500cfe1f1f2f60ef083808bf21b?s=96&d=mm&r=g","caption":"soporte"},"url":"https:\/\/www.coflaspalmas.es\/it\/author\/soporte\/"}]}},"_links":{"self":[{"href":"https:\/\/www.coflaspalmas.es\/it\/wp-json\/wp\/v2\/posts\/118139","targetHints":{"allow":["GET"]}}],"collection":[{"href":"https:\/\/www.coflaspalmas.es\/it\/wp-json\/wp\/v2\/posts"}],"about":[{"href":"https:\/\/www.coflaspalmas.es\/it\/wp-json\/wp\/v2\/types\/post"}],"author":[{"embeddable":true,"href":"https:\/\/www.coflaspalmas.es\/it\/wp-json\/wp\/v2\/users\/2427"}],"replies":[{"embeddable":true,"href":"https:\/\/www.coflaspalmas.es\/it\/wp-json\/wp\/v2\/comments?post=118139"}],"version-history":[{"count":1,"href":"https:\/\/www.coflaspalmas.es\/it\/wp-json\/wp\/v2\/posts\/118139\/revisions"}],"predecessor-version":[{"id":26046073,"href":"https:\/\/www.coflaspalmas.es\/it\/wp-json\/wp\/v2\/posts\/118139\/revisions\/26046073"}],"wp:featuredmedia":[{"embeddable":true,"href":"https:\/\/www.coflaspalmas.es\/it\/wp-json\/wp\/v2\/media\/26046323"}],"wp:attachment":[{"href":"https:\/\/www.coflaspalmas.es\/it\/wp-json\/wp\/v2\/media?parent=118139"}],"wp:term":[{"taxonomy":"category","embeddable":true,"href":"https:\/\/www.coflaspalmas.es\/it\/wp-json\/wp\/v2\/categories?post=118139"},{"taxonomy":"post_tag","embeddable":true,"href":"https:\/\/www.coflaspalmas.es\/it\/wp-json\/wp\/v2\/tags?post=118139"}],"curies":[{"name":"wp","href":"https:\/\/api.w.org\/{rel}","templated":true}]}}