{"id":123617,"date":"2025-10-28T19:49:37","date_gmt":"2025-10-28T18:49:37","guid":{"rendered":"https:\/\/www.coflaspalmas.es\/?p=123617"},"modified":"2025-11-12T10:11:27","modified_gmt":"2025-11-12T09:11:27","slug":"el-uso-excesivo-de-analgesicos-para-la-migrana-aumenta-el-riesgo-de-su-cronificacion","status":"publish","type":"post","link":"https:\/\/www.coflaspalmas.es\/it\/el-uso-excesivo-de-analgesicos-para-la-migrana-aumenta-el-riesgo-de-su-cronificacion\/","title":{"rendered":"L'uso eccessivo di antidolorifici per l'emicrania aumenta il rischio di cronicizzazione."},"content":{"rendered":"<p><span style=\"font-family: helvetica, arial, sans-serif;\">L'emicrania \u00e8 una malattia neurologica che si manifesta con un mal di testa intenso. \u00c8 estremamente disabilitante e pu\u00f2 essere accompagnata da vomito, intolleranza alla luce e al suono e altri sintomi che impediscono il normale svolgimento dell'attivit\u00e0 quotidiana, al punto che l'OMS considera l'emicrania l'ottava malattia pi\u00f9 disabilitante dell'umanit\u00e0 se si considerano i giorni di capacit\u00e0 persi per anni vissuti, dietro la sclerosi multipla, l'Alzheimer, l'artrite e altre malattie muscoloscheletriche o cardiache. Secondo la Societ\u00e0 Spagnola di Neurologia, ne soffre una persona su sette, rendendola la sesta malattia pi\u00f9 diffusa al mondo, colpendo oltre mille milioni di persone.<\/span><\/p>\n<p><span style=\"font-family: helvetica, arial, sans-serif;\"><img loading=\"lazy\" decoding=\"async\" class=\"wp-image-123624 alignleft\" src=\"https:\/\/www.coflaspalmas.es\/wp-content\/uploads\/2025\/10\/Jornada-Abordaje-multidisciplinar-del-paciente-con-migrana-28102025-7-RRSS-300x200.jpg\" alt=\"\" width=\"410\" height=\"273\" \/>Troppo spesso, chi ne soffre tende ad automedicarsi cercando un sollievo che, quasi sempre, finisce per aggravare il problema, rendendo il dolore sempre pi\u00f9 frequente e difficile da trattare, riducendo l'efficacia di altri trattamenti e la cronicizzazione della malattia. Nelle isole Canarie, il 18 % della popolazione ne soffre, circa 400.000 persone.<\/span><\/p>\n<p><span style=\"font-family: helvetica, arial, sans-serif;\">Per preparare i professionisti farmaceutici e assistere al meglio i pazienti, la Sociedad Canaria de Neurolog\u00eda (SOCANE) e i collegi ufficiali di farmacisti delle Canarie hanno lanciato una campagna volta a sensibilizzare i pazienti e, in particolare, a formare i professionisti sanitari su questa malattia, in modo che conoscano meglio i diversi trattamenti e i rischi dell'uso eccessivo di farmaci antidolorifici.<\/span><\/p>\n<p><span style=\"font-family: helvetica, arial, sans-serif;\">Nelle parole di Abi\u00e1n Mu\u00f1oz Garc\u00eda, presidente di SOCANE, \u201csolo il 17 % dei pazienti utilizza un farmaco corretto per il trattamento sintomatico delle crisi di emicrania\u201d, mentre il 45 % dei malati \u201cnon ha una diagnosi specifica\u201d. D'altra parte, Mu\u00f1oz ha indicato che \u201cnonostante il 25 % dei pazienti necessiti un preventivo, solo il 5 % lo riceve\u201d, dato basato sul Libro Bianco dell'Emicrania.<\/span><\/p>\n<p><span style=\"font-family: helvetica, arial, sans-serif;\">Ha sottolineato l'importanza di trattamenti \u201cindividualizzati\u201d e ha spiegato le differenze nei trattamenti medici quando si tratta di una crisi lieve-moderata o moderata-grave.<\/span><\/p>\n<p><span style=\"font-family: helvetica, arial, sans-serif;\">Parimenti, \u00e8 stato sottolineato che il consumo di FANS per pi\u00f9 di 15 giorni al mese; di triptani, per pi\u00f9 di 10 giorni al mese; di ergotaminici, per pi\u00f9 di 10 giorni al mese; e, anche, nel caso degli oppiacei, 10 giorni al mese, deve essere considerato un uso eccessivo.<\/span><\/p>\n<p><span style=\"font-family: helvetica, arial, sans-serif;\"><strong><img loading=\"lazy\" decoding=\"async\" class=\"size-medium wp-image-123623 alignleft\" src=\"https:\/\/www.coflaspalmas.es\/wp-content\/uploads\/2025\/10\/Jornada-Abordaje-multidisciplinar-del-paciente-con-migrana-28102025-5-RRSS-300x200.jpg\" alt=\"\" width=\"300\" height=\"200\" \/>Trattamento non farmacologico<\/strong><\/span><\/p>\n<p><span style=\"font-family: helvetica, arial, sans-serif;\">La dottoressa di medicina generale Mar\u00eda Altabas Betancor ha voluto sottolineare durante il suo intervento che \u201cessendo una malattia invalidante, non mette a rischio la vita, sebbene sia molto scomoda\u201d.<\/span><\/p>\n<p><span style=\"font-family: helvetica, arial, sans-serif;\">Ha sottolineato l'importanza di rivolgersi al medico per diagnosticare la malattia e per eseguire un adeguato follow-up. Inoltre, \u00e8 \u201cfondamentale quanto seguire il trattamento, che il paziente si conosca, poich\u00e9 i fattori scatenanti possono essere vari\u201d, aggiungendo che \u201csebbene possa essere positivo condividere opinioni e stati emotivi, questo non deve portare alla condivisione di farmaci, poich\u00e9 ogni caso \u00e8 diverso, anche se i sintomi sono simili o uguali\u201d.<\/span><\/p>\n<p><span style=\"font-family: helvetica, arial, sans-serif;\"><strong>Il farmacista<img loading=\"lazy\" decoding=\"async\" class=\"wp-image-123619 alignright\" src=\"https:\/\/www.coflaspalmas.es\/wp-content\/uploads\/2025\/10\/Jornada-Abordaje-multidisciplinar-del-paciente-con-migrana-28102025-10-300x200.jpg\" alt=\"\" width=\"343\" height=\"229\" \/><\/strong><\/span><\/p>\n<p><span style=\"font-family: helvetica, arial, sans-serif;\">\u201cIn qualit\u00e0 di professionista sanitario pi\u00f9 vicino e accessibile alla popolazione\u201d, ha commentato la farmacista Elena Angulo nel suo intervento, \u201cil farmacista ha tre compiti fondamentali: rilevare il sospetto, indirizzare al medico ed effettuare il follow-up\u201d.<\/span><\/p>\n<p><span style=\"font-family: helvetica, arial, sans-serif;\">L'accessibilit\u00e0 dei pazienti e la loro tendenza all'automedicazione rendono il farmacista un attore fondamentale nello screening delle malattie, poich\u00e9 chi soffre di emicrania si accontenta, in molte occasioni, di soluzioni momentanee e puntuali, trascurando l'importanza di essere diagnosticato e trattato correttamente.<\/span><\/p>\n<p><span style=\"font-family: helvetica, arial, sans-serif;\">Angulo ha sottolineato l'importanza di monitorare le crisi, annotando le date e i fatti che le precedono, in modo da poterne stabilire delle direzioni.<\/span><\/p>\n<p><span style=\"font-family: helvetica, arial, sans-serif;\">Lo sguardo del paziente lo pose Ernestina Mendoza, che afferm\u00f2 che il trattamento adeguato \u201cti fa tornare alla normalit\u00e0\u201d. A questo proposito disse: \u201cil mio neurologo mi ha cambiato la vita\u201d.<\/span><\/p>\n<p><span style=\"font-family: helvetica, arial, sans-serif;\">La sua esperienza potrebbe essere quella della maggior parte dei malati di emicrania. \u201cHo iniziato ad automedicarmi\u201d, ha detto, \u201ci medici non mi diagnosticavano n\u00e9 mi davano alternative, il che mi impediva di avere una vita normale. Non uscivo, non mangiavo, spesso non potevo lavorare, o facevo le cose mentre soffrivo di terribili mal di testa. Dopo essere stata diagnosticata e curata, la mia vita \u00e8 un'altra, \u00e8 normale\u201d.<\/span><\/p>\n<p><img loading=\"lazy\" decoding=\"async\" class=\"alignnone size-medium wp-image-123620\" src=\"https:\/\/www.coflaspalmas.es\/wp-content\/uploads\/2025\/10\/Jornada-Abordaje-multidisciplinar-del-paciente-con-migrana-28102025-8-RRSS-300x199.jpg\" alt=\"\" width=\"300\" height=\"199\" \/> <img loading=\"lazy\" decoding=\"async\" class=\"alignnone size-medium wp-image-123621\" src=\"https:\/\/www.coflaspalmas.es\/wp-content\/uploads\/2025\/10\/Jornada-Abordaje-multidisciplinar-del-paciente-con-migrana-28102025-14-RRSS-300x200.jpg\" alt=\"\" width=\"300\" height=\"200\" \/> <img loading=\"lazy\" decoding=\"async\" class=\"alignnone size-medium wp-image-123622\" src=\"https:\/\/www.coflaspalmas.es\/wp-content\/uploads\/2025\/10\/Jornada-Abordaje-multidisciplinar-del-paciente-con-migrana-28102025-1-RRSS-300x200.jpg\" alt=\"\" width=\"300\" height=\"200\" \/><\/p>","protected":false},"excerpt":{"rendered":"<p>La migra\u00f1a es una enfermedad neurol\u00f3gica que se manifiesta en un dolor de cabeza intenso. Es extremadamente discapacitante y puede acompa\u00f1arse de v\u00f3mitos, intolerancia a la luz y al sonido y de otros s\u00edntomas que impiden el desarrollo normal de la actividad diaria, hasta el punto de que la OMS considera la migra\u00f1a como la [&hellip;]<\/p>\n","protected":false},"author":2427,"featured_media":26046322,"comment_status":"closed","ping_status":"closed","sticky":false,"template":"","format":"standard","meta":{"_et_pb_use_builder":"","_et_pb_old_content":"","_et_gb_content_width":"","footnotes":""},"categories":[247,11],"tags":[],"class_list":["post-123617","post","type-post","status-publish","format-standard","has-post-thumbnail","hentry","category-boletin-2025","category-noticias"],"yoast_head":"<!-- This site is optimized with the Yoast SEO plugin v24.7 - https:\/\/yoast.com\/wordpress\/plugins\/seo\/ -->\n<title>El uso excesivo de analg\u00e9sicos para la migra\u00f1a aumenta el riesgo de su cronificaci\u00f3n - COFLP<\/title>\n<meta name=\"robots\" content=\"index, follow, max-snippet:-1, max-image-preview:large, max-video-preview:-1\" \/>\n<link rel=\"canonical\" href=\"https:\/\/www.coflaspalmas.es\/it\/el-uso-excesivo-de-analgesicos-para-la-migrana-aumenta-el-riesgo-de-su-cronificacion\/\" \/>\n<meta property=\"og:locale\" content=\"it_IT\" \/>\n<meta property=\"og:type\" content=\"article\" \/>\n<meta property=\"og:title\" content=\"El uso excesivo de analg\u00e9sicos para la migra\u00f1a aumenta el riesgo de su cronificaci\u00f3n - COFLP\" \/>\n<meta property=\"og:description\" content=\"La migra\u00f1a es una enfermedad neurol\u00f3gica que se manifiesta en un dolor de cabeza intenso. Es extremadamente discapacitante y puede acompa\u00f1arse de v\u00f3mitos, intolerancia a la luz y al sonido y de otros s\u00edntomas que impiden el desarrollo normal de la actividad diaria, hasta el punto de que la OMS considera la migra\u00f1a como la [&hellip;]\" \/>\n<meta property=\"og:url\" content=\"https:\/\/www.coflaspalmas.es\/it\/el-uso-excesivo-de-analgesicos-para-la-migrana-aumenta-el-riesgo-de-su-cronificacion\/\" \/>\n<meta property=\"og:site_name\" content=\"COFLP\" \/>\n<meta property=\"article:published_time\" content=\"2025-10-28T18:49:37+00:00\" \/>\n<meta property=\"article:modified_time\" content=\"2025-11-12T09:11:27+00:00\" \/>\n<meta property=\"og:image\" content=\"https:\/\/www.coflaspalmas.es\/wp-content\/uploads\/2025\/10\/Jornada-Abordaje-multidisciplinar-del-paciente-con-migrana-28102025-3-RRSS-500x500-1.jpg?wsr\" \/>\n\t<meta property=\"og:image:width\" content=\"500\" \/>\n\t<meta property=\"og:image:height\" content=\"500\" \/>\n\t<meta property=\"og:image:type\" content=\"image\/jpeg\" \/>\n<meta name=\"author\" content=\"soporte\" \/>\n<meta name=\"twitter:card\" content=\"summary_large_image\" \/>\n<meta name=\"twitter:label1\" content=\"Scritto da\" \/>\n\t<meta name=\"twitter:data1\" content=\"soporte\" \/>\n\t<meta name=\"twitter:label2\" content=\"Tempo di lettura stimato\" \/>\n\t<meta name=\"twitter:data2\" content=\"5 minuti\" \/>\n<script type=\"application\/ld+json\" class=\"yoast-schema-graph\">{\"@context\":\"https:\/\/schema.org\",\"@graph\":[{\"@type\":\"WebPage\",\"@id\":\"https:\/\/www.coflaspalmas.es\/el-uso-excesivo-de-analgesicos-para-la-migrana-aumenta-el-riesgo-de-su-cronificacion\/\",\"url\":\"https:\/\/www.coflaspalmas.es\/el-uso-excesivo-de-analgesicos-para-la-migrana-aumenta-el-riesgo-de-su-cronificacion\/\",\"name\":\"El uso excesivo de analg\u00e9sicos para la migra\u00f1a aumenta el riesgo de su cronificaci\u00f3n - COFLP\",\"isPartOf\":{\"@id\":\"https:\/\/www.coflaspalmas.es\/#website\"},\"primaryImageOfPage\":{\"@id\":\"https:\/\/www.coflaspalmas.es\/el-uso-excesivo-de-analgesicos-para-la-migrana-aumenta-el-riesgo-de-su-cronificacion\/#primaryimage\"},\"image\":{\"@id\":\"https:\/\/www.coflaspalmas.es\/el-uso-excesivo-de-analgesicos-para-la-migrana-aumenta-el-riesgo-de-su-cronificacion\/#primaryimage\"},\"thumbnailUrl\":\"https:\/\/www.coflaspalmas.es\/wp-content\/uploads\/2025\/10\/Jornada-Abordaje-multidisciplinar-del-paciente-con-migrana-28102025-3-RRSS-500x500-1.jpg?wsr\",\"datePublished\":\"2025-10-28T18:49:37+00:00\",\"dateModified\":\"2025-11-12T09:11:27+00:00\",\"author\":{\"@id\":\"https:\/\/www.coflaspalmas.es\/#\/schema\/person\/ccf588cbe6c4345ebe4086a038142b96\"},\"breadcrumb\":{\"@id\":\"https:\/\/www.coflaspalmas.es\/el-uso-excesivo-de-analgesicos-para-la-migrana-aumenta-el-riesgo-de-su-cronificacion\/#breadcrumb\"},\"inLanguage\":\"it-IT\",\"potentialAction\":[{\"@type\":\"ReadAction\",\"target\":[\"https:\/\/www.coflaspalmas.es\/el-uso-excesivo-de-analgesicos-para-la-migrana-aumenta-el-riesgo-de-su-cronificacion\/\"]}]},{\"@type\":\"ImageObject\",\"inLanguage\":\"it-IT\",\"@id\":\"https:\/\/www.coflaspalmas.es\/el-uso-excesivo-de-analgesicos-para-la-migrana-aumenta-el-riesgo-de-su-cronificacion\/#primaryimage\",\"url\":\"https:\/\/www.coflaspalmas.es\/wp-content\/uploads\/2025\/10\/Jornada-Abordaje-multidisciplinar-del-paciente-con-migrana-28102025-3-RRSS-500x500-1.jpg?wsr\",\"contentUrl\":\"https:\/\/www.coflaspalmas.es\/wp-content\/uploads\/2025\/10\/Jornada-Abordaje-multidisciplinar-del-paciente-con-migrana-28102025-3-RRSS-500x500-1.jpg?wsr\",\"width\":500,\"height\":500},{\"@type\":\"BreadcrumbList\",\"@id\":\"https:\/\/www.coflaspalmas.es\/el-uso-excesivo-de-analgesicos-para-la-migrana-aumenta-el-riesgo-de-su-cronificacion\/#breadcrumb\",\"itemListElement\":[{\"@type\":\"ListItem\",\"position\":1,\"name\":\"Portada\",\"item\":\"https:\/\/www.coflaspalmas.es\/\"},{\"@type\":\"ListItem\",\"position\":2,\"name\":\"El uso excesivo de analg\u00e9sicos para la migra\u00f1a aumenta el riesgo de su cronificaci\u00f3n\"}]},{\"@type\":\"WebSite\",\"@id\":\"https:\/\/www.coflaspalmas.es\/#website\",\"url\":\"https:\/\/www.coflaspalmas.es\/\",\"name\":\"COF Las Palmas\",\"description\":\"Colegio de Farmac\u00e9uticos Las Palmas.\",\"potentialAction\":[{\"@type\":\"SearchAction\",\"target\":{\"@type\":\"EntryPoint\",\"urlTemplate\":\"https:\/\/www.coflaspalmas.es\/?s={search_term_string}\"},\"query-input\":{\"@type\":\"PropertyValueSpecification\",\"valueRequired\":true,\"valueName\":\"search_term_string\"}}],\"inLanguage\":\"it-IT\"},{\"@type\":\"Person\",\"@id\":\"https:\/\/www.coflaspalmas.es\/#\/schema\/person\/ccf588cbe6c4345ebe4086a038142b96\",\"name\":\"soporte\",\"image\":{\"@type\":\"ImageObject\",\"inLanguage\":\"it-IT\",\"@id\":\"https:\/\/www.coflaspalmas.es\/#\/schema\/person\/image\/\",\"url\":\"https:\/\/secure.gravatar.com\/avatar\/d654455f4c3e474456c4922a586b96e354b5a500cfe1f1f2f60ef083808bf21b?s=96&d=mm&r=g\",\"contentUrl\":\"https:\/\/secure.gravatar.com\/avatar\/d654455f4c3e474456c4922a586b96e354b5a500cfe1f1f2f60ef083808bf21b?s=96&d=mm&r=g\",\"caption\":\"soporte\"},\"url\":\"https:\/\/www.coflaspalmas.es\/it\/author\/soporte\/\"}]}<\/script>\n<!-- \/ Yoast SEO plugin. -->","yoast_head_json":{"title":"El uso excesivo de analg\u00e9sicos para la migra\u00f1a aumenta el riesgo de su cronificaci\u00f3n - COFLP","robots":{"index":"index","follow":"follow","max-snippet":"max-snippet:-1","max-image-preview":"max-image-preview:large","max-video-preview":"max-video-preview:-1"},"canonical":"https:\/\/www.coflaspalmas.es\/it\/el-uso-excesivo-de-analgesicos-para-la-migrana-aumenta-el-riesgo-de-su-cronificacion\/","og_locale":"it_IT","og_type":"article","og_title":"El uso excesivo de analg\u00e9sicos para la migra\u00f1a aumenta el riesgo de su cronificaci\u00f3n - COFLP","og_description":"La migra\u00f1a es una enfermedad neurol\u00f3gica que se manifiesta en un dolor de cabeza intenso. Es extremadamente discapacitante y puede acompa\u00f1arse de v\u00f3mitos, intolerancia a la luz y al sonido y de otros s\u00edntomas que impiden el desarrollo normal de la actividad diaria, hasta el punto de que la OMS considera la migra\u00f1a como la [&hellip;]","og_url":"https:\/\/www.coflaspalmas.es\/it\/el-uso-excesivo-de-analgesicos-para-la-migrana-aumenta-el-riesgo-de-su-cronificacion\/","og_site_name":"COFLP","article_published_time":"2025-10-28T18:49:37+00:00","article_modified_time":"2025-11-12T09:11:27+00:00","og_image":[{"width":500,"height":500,"url":"https:\/\/www.coflaspalmas.es\/wp-content\/uploads\/2025\/10\/Jornada-Abordaje-multidisciplinar-del-paciente-con-migrana-28102025-3-RRSS-500x500-1.jpg?wsr","type":"image\/jpeg"}],"author":"soporte","twitter_card":"summary_large_image","twitter_misc":{"Scritto da":"soporte","Tempo di lettura stimato":"5 minuti"},"schema":{"@context":"https:\/\/schema.org","@graph":[{"@type":"WebPage","@id":"https:\/\/www.coflaspalmas.es\/el-uso-excesivo-de-analgesicos-para-la-migrana-aumenta-el-riesgo-de-su-cronificacion\/","url":"https:\/\/www.coflaspalmas.es\/el-uso-excesivo-de-analgesicos-para-la-migrana-aumenta-el-riesgo-de-su-cronificacion\/","name":"El uso excesivo de analg\u00e9sicos para la migra\u00f1a aumenta el riesgo de su cronificaci\u00f3n - COFLP","isPartOf":{"@id":"https:\/\/www.coflaspalmas.es\/#website"},"primaryImageOfPage":{"@id":"https:\/\/www.coflaspalmas.es\/el-uso-excesivo-de-analgesicos-para-la-migrana-aumenta-el-riesgo-de-su-cronificacion\/#primaryimage"},"image":{"@id":"https:\/\/www.coflaspalmas.es\/el-uso-excesivo-de-analgesicos-para-la-migrana-aumenta-el-riesgo-de-su-cronificacion\/#primaryimage"},"thumbnailUrl":"https:\/\/www.coflaspalmas.es\/wp-content\/uploads\/2025\/10\/Jornada-Abordaje-multidisciplinar-del-paciente-con-migrana-28102025-3-RRSS-500x500-1.jpg?wsr","datePublished":"2025-10-28T18:49:37+00:00","dateModified":"2025-11-12T09:11:27+00:00","author":{"@id":"https:\/\/www.coflaspalmas.es\/#\/schema\/person\/ccf588cbe6c4345ebe4086a038142b96"},"breadcrumb":{"@id":"https:\/\/www.coflaspalmas.es\/el-uso-excesivo-de-analgesicos-para-la-migrana-aumenta-el-riesgo-de-su-cronificacion\/#breadcrumb"},"inLanguage":"it-IT","potentialAction":[{"@type":"ReadAction","target":["https:\/\/www.coflaspalmas.es\/el-uso-excesivo-de-analgesicos-para-la-migrana-aumenta-el-riesgo-de-su-cronificacion\/"]}]},{"@type":"ImageObject","inLanguage":"it-IT","@id":"https:\/\/www.coflaspalmas.es\/el-uso-excesivo-de-analgesicos-para-la-migrana-aumenta-el-riesgo-de-su-cronificacion\/#primaryimage","url":"https:\/\/www.coflaspalmas.es\/wp-content\/uploads\/2025\/10\/Jornada-Abordaje-multidisciplinar-del-paciente-con-migrana-28102025-3-RRSS-500x500-1.jpg?wsr","contentUrl":"https:\/\/www.coflaspalmas.es\/wp-content\/uploads\/2025\/10\/Jornada-Abordaje-multidisciplinar-del-paciente-con-migrana-28102025-3-RRSS-500x500-1.jpg?wsr","width":500,"height":500},{"@type":"BreadcrumbList","@id":"https:\/\/www.coflaspalmas.es\/el-uso-excesivo-de-analgesicos-para-la-migrana-aumenta-el-riesgo-de-su-cronificacion\/#breadcrumb","itemListElement":[{"@type":"ListItem","position":1,"name":"Portada","item":"https:\/\/www.coflaspalmas.es\/"},{"@type":"ListItem","position":2,"name":"El uso excesivo de analg\u00e9sicos para la migra\u00f1a aumenta el riesgo de su cronificaci\u00f3n"}]},{"@type":"WebSite","@id":"https:\/\/www.coflaspalmas.es\/#website","url":"https:\/\/www.coflaspalmas.es\/","name":"COF Las Palmas","description":"Colegio de Farmac\u00e9uticos Las Palmas.","potentialAction":[{"@type":"SearchAction","target":{"@type":"EntryPoint","urlTemplate":"https:\/\/www.coflaspalmas.es\/?s={search_term_string}"},"query-input":{"@type":"PropertyValueSpecification","valueRequired":true,"valueName":"search_term_string"}}],"inLanguage":"it-IT"},{"@type":"Person","@id":"https:\/\/www.coflaspalmas.es\/#\/schema\/person\/ccf588cbe6c4345ebe4086a038142b96","name":"soporte","image":{"@type":"ImageObject","inLanguage":"it-IT","@id":"https:\/\/www.coflaspalmas.es\/#\/schema\/person\/image\/","url":"https:\/\/secure.gravatar.com\/avatar\/d654455f4c3e474456c4922a586b96e354b5a500cfe1f1f2f60ef083808bf21b?s=96&d=mm&r=g","contentUrl":"https:\/\/secure.gravatar.com\/avatar\/d654455f4c3e474456c4922a586b96e354b5a500cfe1f1f2f60ef083808bf21b?s=96&d=mm&r=g","caption":"soporte"},"url":"https:\/\/www.coflaspalmas.es\/it\/author\/soporte\/"}]}},"_links":{"self":[{"href":"https:\/\/www.coflaspalmas.es\/it\/wp-json\/wp\/v2\/posts\/123617","targetHints":{"allow":["GET"]}}],"collection":[{"href":"https:\/\/www.coflaspalmas.es\/it\/wp-json\/wp\/v2\/posts"}],"about":[{"href":"https:\/\/www.coflaspalmas.es\/it\/wp-json\/wp\/v2\/types\/post"}],"author":[{"embeddable":true,"href":"https:\/\/www.coflaspalmas.es\/it\/wp-json\/wp\/v2\/users\/2427"}],"replies":[{"embeddable":true,"href":"https:\/\/www.coflaspalmas.es\/it\/wp-json\/wp\/v2\/comments?post=123617"}],"version-history":[{"count":1,"href":"https:\/\/www.coflaspalmas.es\/it\/wp-json\/wp\/v2\/posts\/123617\/revisions"}],"predecessor-version":[{"id":26046072,"href":"https:\/\/www.coflaspalmas.es\/it\/wp-json\/wp\/v2\/posts\/123617\/revisions\/26046072"}],"wp:featuredmedia":[{"embeddable":true,"href":"https:\/\/www.coflaspalmas.es\/it\/wp-json\/wp\/v2\/media\/26046322"}],"wp:attachment":[{"href":"https:\/\/www.coflaspalmas.es\/it\/wp-json\/wp\/v2\/media?parent=123617"}],"wp:term":[{"taxonomy":"category","embeddable":true,"href":"https:\/\/www.coflaspalmas.es\/it\/wp-json\/wp\/v2\/categories?post=123617"},{"taxonomy":"post_tag","embeddable":true,"href":"https:\/\/www.coflaspalmas.es\/it\/wp-json\/wp\/v2\/tags?post=123617"}],"curies":[{"name":"wp","href":"https:\/\/api.w.org\/{rel}","templated":true}]}}