{"id":26047399,"date":"2025-11-27T19:58:00","date_gmt":"2025-11-27T18:58:00","guid":{"rendered":"https:\/\/www.coflaspalmas.es\/?p=26047399"},"modified":"2025-12-11T09:30:41","modified_gmt":"2025-12-11T08:30:41","slug":"ocho-colegios-profesionales-exhortan-a-los-sanitarios-y-a-la-poblacion-a-vacunarse","status":"publish","type":"post","link":"https:\/\/www.coflaspalmas.es\/it\/ocho-colegios-profesionales-exhortan-a-los-sanitarios-y-a-la-poblacion-a-vacunarse\/","title":{"rendered":"Otto ordini professionali esortano il personale sanitario e la popolazione a vaccinarsi"},"content":{"rendered":"<p><span style=\"font-family: tahoma, arial, helvetica, sans-serif;\">I rappresentanti degli ordini professionali di Odontoiatri, Infermieri, Farmacisti, Medici, Podologi, Psicologi e Veterinari di Las Palmas, e di Fisioterapisti delle Canarie, che rappresentano circa 25.000 professionisti sanitari, hanno voluto oggi offrire un'immagine di unit\u00e0 sulla necessit\u00e0 di vaccinarsi contro l'influenza per la popolazione in generale, e in particolare per i gruppi a rischio e per gli operatori sanitari.<\/span> <span style=\"font-family: tahoma, arial, helvetica, sans-serif;\">Loreto G\u00f3mez, presidente del Colegio de Farmac\u00e9uticos de Las Palmas, que actu\u00f3 como portavoz, explic\u00f3 que \u201ca pesar de lo que muchas veces escuchamos sobre oscuras intenciones de las vacunas, lo cierto, lo realmente contrastable son las cifras. 12 825 fallecidos en 2024, un millar m\u00e1s que en 2023, seg\u00fan los datos del Ministerio de Sanidad\u201d.<\/span> <span style=\"font-family: tahoma, arial, helvetica, sans-serif;\">Ha ricordato che \u201cquesta cifra contempla solo le persone morte, non quelle ricoverate o che presentano quadri medici molto complessi complicati da asma, sinusite, bronchite, polmonite, miocardite, encefalite o miosite\u201d.<\/span> <span style=\"font-family: tahoma, arial, helvetica, sans-serif;\">Per quanto riguarda i professionisti sanitari, ha affermato che come gruppo sono \u201cpi\u00f9 esposti di altri\u201d per le caratteristiche intrinseche del loro lavoro, e ha dichiarato che possono diventare \u201ctrasmettitori per la popolazione, per i pazienti e per le stesse famiglie. \u00c8 responsabilit\u00e0 di ogni sanitario proteggere e proteggersi, e il vaccino \u00e8, senza dubbio, un mezzo valido, sicuro ed efficace\u201d.<\/span> <span style=\"font-family: tahoma, arial, helvetica, sans-serif;\"><img loading=\"lazy\" decoding=\"async\" class=\"wp-image-126730 alignleft\" src=\"https:\/\/www.coflaspalmas.es\/wp-content\/uploads\/2025\/11\/Rueda-de-prensa-vacunacion-contra-la-gripe-27112025-9-RRSS-300x199.jpg\" alt=\"\" width=\"478\" height=\"317\" \/>Per quanto riguarda la campagna in s\u00e9, ha spiegato che si vuole \u201cporre la relazione di affetto tra paziente e sanitario affermando che ci prendiamo cura l'uno dell'altro, e che lo facciamo per responsabilit\u00e0 e per rispetto\u201d.<\/span> <span style=\"font-family: tahoma, arial, helvetica, sans-serif;\">La conferenza stampa si \u00e8 conclusa con la vaccinazione dei rappresentanti degli ordini partecipanti, che oltre a G\u00f3mez erano:<\/span><\/p>\n<ul>\n<li><span style=\"font-family: tahoma, arial, helvetica, sans-serif;\">Presidente del Colegio Oficial de Dentistas de Las Palmas, Francisco Cabrera Panasco.<\/span><\/li>\n<li><span style=\"font-family: tahoma, arial, helvetica, sans-serif;\">Presidente del Collegio Ufficiale di Infermieristica di Las Palmas, Rita Mendoza S\u00e1nchez.<\/span><\/li>\n<li><span style=\"font-family: tahoma, arial, helvetica, sans-serif;\">Presidente del Colegio Oficial de Fisioterapeutas de Canarias, Vanesa Eugenio Berm\u00fadez.<\/span><\/li>\n<li><span style=\"font-family: tahoma, arial, helvetica, sans-serif;\">Presidente del Colegio Oficial de Pod\u00f3logos de Canarias, Ernesto L\u00f3pez Artiles.<\/span><\/li>\n<li><span style=\"font-family: tahoma, arial, helvetica, sans-serif;\">Decano del Colegio Oficial de la Psicolog\u00eda de Las Palmas, Francisco Javier S\u00e1nchez Eizaguirre.<\/span><\/li>\n<li><span style=\"font-family: tahoma, arial, helvetica, sans-serif;\">Segretario del Collegio Ufficiale della Professione Veterinaria di Las Palmas, Pablo Varona Cabrera.<\/span><\/li>\n<li><span style=\"font-family: tahoma, arial, helvetica, sans-serif;\">Vicesegretaria del Collegio Ufficiale dei Medici di Las Palmas, Marta Le\u00f3n Santana.<\/span><\/li>\n<\/ul>\n<p><span style=\"font-family: tahoma, arial, helvetica, sans-serif;\"><strong>\u00a0<\/strong><\/span><span style=\"font-family: tahoma, arial, helvetica, sans-serif;\"><strong>SCS<\/strong><\/span> <span style=\"font-family: tahoma, arial, helvetica, sans-serif;\">Abi\u00e1n Montesdeoca Meli\u00e1n y Raquel Dom\u00ednguez D\u00edaz, rispettivamente tecnico responsabile del Programma di Immunizzazione del Servizio Sanitario delle Canarie e tecnica del servizio, erano anch'essi presenti alla conferenza stampa per spiegare che \u201cvaccinarsi \u00e8 una necessit\u00e0, non per evitare di prendere l'influenza ma per evitare complicazioni che potrebbero portare all'ospedalizzazione o alla morte\u201d.<\/span> <span style=\"font-family: tahoma, arial, helvetica, sans-serif;\">Montesdeoca ha affermato che \u201cle nuove varianti possono essere trattate con il vaccino attuale\u201d, e ha ricordato che \u201calle Canarie non abbiamo ancora raggiunto il punto massimo della curva\u201d e ha sottolineato che \u201ca differenza degli altri anni, l'influenza si \u00e8 anticipata\u201d.<\/span> <span style=\"font-family: tahoma, arial, helvetica, sans-serif;\">Questa partecipazione rende ancora pi\u00f9 evidente l'unit\u00e0 tra l'amministrazione autonoma e i professionisti per migliorare la salute della popolazione.<\/span><\/p>\n<p><img loading=\"lazy\" decoding=\"async\" class=\"alignnone size-medium wp-image-126731\" src=\"https:\/\/www.coflaspalmas.es\/wp-content\/uploads\/2025\/11\/Rueda-de-prensa-vacunacion-contra-la-gripe-27112025-4-RRSS-300x199.jpg\" alt=\"\" width=\"300\" height=\"199\" \/> <img loading=\"lazy\" decoding=\"async\" class=\"alignnone size-medium wp-image-126732\" src=\"https:\/\/www.coflaspalmas.es\/wp-content\/uploads\/2025\/11\/Rueda-de-prensa-vacunacion-contra-la-gripe-27112025-5-300x200.jpg\" alt=\"\" width=\"300\" height=\"200\" \/> <img loading=\"lazy\" decoding=\"async\" class=\"alignnone size-medium wp-image-126733\" src=\"https:\/\/www.coflaspalmas.es\/wp-content\/uploads\/2025\/11\/Rueda-de-prensa-vacunacion-contra-la-gripe-27112025-12-RRSS-300x199.jpg\" alt=\"\" width=\"300\" height=\"199\" \/><\/p>","protected":false},"excerpt":{"rendered":"<p>Representantes de los colegios profesionales de Dentistas, Enfermer\u00eda, Farmac\u00e9uticos, M\u00e9dicos, Pod\u00f3logos, Psicolog\u00eda y Veterinarios de Las Palmas y el de Fisioterapeutas de Canarias, que representan a cerca de 25 000 sanitarios, quisieron hoy ofrecer una imagen de unidad ante la necesidad de vacunarse contra la gripe para la poblaci\u00f3n en general, y muy especialmente, para [&hellip;]<\/p>\n","protected":false},"author":2427,"featured_media":26047400,"comment_status":"open","ping_status":"open","sticky":false,"template":"","format":"standard","meta":{"_et_pb_use_builder":"off","_et_pb_old_content":"","_et_gb_content_width":"","footnotes":""},"categories":[247,11],"tags":[],"class_list":["post-26047399","post","type-post","status-publish","format-standard","has-post-thumbnail","hentry","category-boletin-2025","category-noticias"],"yoast_head":"<!-- This site is optimized with the Yoast SEO plugin v24.7 - https:\/\/yoast.com\/wordpress\/plugins\/seo\/ -->\n<title>Ocho colegios profesionales exhortan a los sanitarios y a la poblaci\u00f3n a vacunarse - COFLP<\/title>\n<meta name=\"robots\" content=\"index, follow, max-snippet:-1, max-image-preview:large, max-video-preview:-1\" \/>\n<link rel=\"canonical\" href=\"https:\/\/www.coflaspalmas.es\/it\/ocho-colegios-profesionales-exhortan-a-los-sanitarios-y-a-la-poblacion-a-vacunarse\/\" \/>\n<meta property=\"og:locale\" content=\"it_IT\" \/>\n<meta property=\"og:type\" content=\"article\" \/>\n<meta property=\"og:title\" content=\"Ocho colegios profesionales exhortan a los sanitarios y a la poblaci\u00f3n a vacunarse - COFLP\" \/>\n<meta property=\"og:description\" content=\"Representantes de los colegios profesionales de Dentistas, Enfermer\u00eda, Farmac\u00e9uticos, M\u00e9dicos, Pod\u00f3logos, Psicolog\u00eda y Veterinarios de Las Palmas y el de Fisioterapeutas de Canarias, que representan a cerca de 25 000 sanitarios, quisieron hoy ofrecer una imagen de unidad ante la necesidad de vacunarse contra la gripe para la poblaci\u00f3n en general, y muy especialmente, para [&hellip;]\" \/>\n<meta property=\"og:url\" content=\"https:\/\/www.coflaspalmas.es\/it\/ocho-colegios-profesionales-exhortan-a-los-sanitarios-y-a-la-poblacion-a-vacunarse\/\" \/>\n<meta property=\"og:site_name\" content=\"COFLP\" \/>\n<meta property=\"article:published_time\" content=\"2025-11-27T18:58:00+00:00\" \/>\n<meta property=\"article:modified_time\" content=\"2025-12-11T08:30:41+00:00\" \/>\n<meta property=\"og:image\" content=\"https:\/\/www.coflaspalmas.es\/wp-content\/uploads\/2025\/12\/Rueda-de-prensa-vacunacion-contra-la-gripe-27112025-9-RRSS-300x199-1.jpg?wsr\" \/>\n\t<meta property=\"og:image:width\" content=\"300\" \/>\n\t<meta property=\"og:image:height\" content=\"199\" \/>\n\t<meta property=\"og:image:type\" content=\"image\/jpeg\" \/>\n<meta name=\"author\" content=\"soporte\" \/>\n<meta name=\"twitter:card\" content=\"summary_large_image\" \/>\n<meta name=\"twitter:label1\" content=\"Scritto da\" \/>\n\t<meta name=\"twitter:data1\" content=\"soporte\" \/>\n\t<meta name=\"twitter:label2\" content=\"Tempo di lettura stimato\" \/>\n\t<meta name=\"twitter:data2\" content=\"4 minuti\" \/>\n<script type=\"application\/ld+json\" class=\"yoast-schema-graph\">{\"@context\":\"https:\/\/schema.org\",\"@graph\":[{\"@type\":\"WebPage\",\"@id\":\"https:\/\/www.coflaspalmas.es\/ocho-colegios-profesionales-exhortan-a-los-sanitarios-y-a-la-poblacion-a-vacunarse\/\",\"url\":\"https:\/\/www.coflaspalmas.es\/ocho-colegios-profesionales-exhortan-a-los-sanitarios-y-a-la-poblacion-a-vacunarse\/\",\"name\":\"Ocho colegios profesionales exhortan a los sanitarios y a la poblaci\u00f3n a vacunarse - COFLP\",\"isPartOf\":{\"@id\":\"https:\/\/www.coflaspalmas.es\/#website\"},\"primaryImageOfPage\":{\"@id\":\"https:\/\/www.coflaspalmas.es\/ocho-colegios-profesionales-exhortan-a-los-sanitarios-y-a-la-poblacion-a-vacunarse\/#primaryimage\"},\"image\":{\"@id\":\"https:\/\/www.coflaspalmas.es\/ocho-colegios-profesionales-exhortan-a-los-sanitarios-y-a-la-poblacion-a-vacunarse\/#primaryimage\"},\"thumbnailUrl\":\"https:\/\/www.coflaspalmas.es\/wp-content\/uploads\/2025\/12\/Rueda-de-prensa-vacunacion-contra-la-gripe-27112025-9-RRSS-300x199-1.jpg?wsr\",\"datePublished\":\"2025-11-27T18:58:00+00:00\",\"dateModified\":\"2025-12-11T08:30:41+00:00\",\"author\":{\"@id\":\"https:\/\/www.coflaspalmas.es\/#\/schema\/person\/ccf588cbe6c4345ebe4086a038142b96\"},\"breadcrumb\":{\"@id\":\"https:\/\/www.coflaspalmas.es\/ocho-colegios-profesionales-exhortan-a-los-sanitarios-y-a-la-poblacion-a-vacunarse\/#breadcrumb\"},\"inLanguage\":\"it-IT\",\"potentialAction\":[{\"@type\":\"ReadAction\",\"target\":[\"https:\/\/www.coflaspalmas.es\/ocho-colegios-profesionales-exhortan-a-los-sanitarios-y-a-la-poblacion-a-vacunarse\/\"]}]},{\"@type\":\"ImageObject\",\"inLanguage\":\"it-IT\",\"@id\":\"https:\/\/www.coflaspalmas.es\/ocho-colegios-profesionales-exhortan-a-los-sanitarios-y-a-la-poblacion-a-vacunarse\/#primaryimage\",\"url\":\"https:\/\/www.coflaspalmas.es\/wp-content\/uploads\/2025\/12\/Rueda-de-prensa-vacunacion-contra-la-gripe-27112025-9-RRSS-300x199-1.jpg?wsr\",\"contentUrl\":\"https:\/\/www.coflaspalmas.es\/wp-content\/uploads\/2025\/12\/Rueda-de-prensa-vacunacion-contra-la-gripe-27112025-9-RRSS-300x199-1.jpg?wsr\",\"width\":300,\"height\":199},{\"@type\":\"BreadcrumbList\",\"@id\":\"https:\/\/www.coflaspalmas.es\/ocho-colegios-profesionales-exhortan-a-los-sanitarios-y-a-la-poblacion-a-vacunarse\/#breadcrumb\",\"itemListElement\":[{\"@type\":\"ListItem\",\"position\":1,\"name\":\"Portada\",\"item\":\"https:\/\/www.coflaspalmas.es\/\"},{\"@type\":\"ListItem\",\"position\":2,\"name\":\"Ocho colegios profesionales exhortan a los sanitarios y a la poblaci\u00f3n a vacunarse\"}]},{\"@type\":\"WebSite\",\"@id\":\"https:\/\/www.coflaspalmas.es\/#website\",\"url\":\"https:\/\/www.coflaspalmas.es\/\",\"name\":\"COF Las Palmas\",\"description\":\"Colegio de Farmac\u00e9uticos Las Palmas.\",\"potentialAction\":[{\"@type\":\"SearchAction\",\"target\":{\"@type\":\"EntryPoint\",\"urlTemplate\":\"https:\/\/www.coflaspalmas.es\/?s={search_term_string}\"},\"query-input\":{\"@type\":\"PropertyValueSpecification\",\"valueRequired\":true,\"valueName\":\"search_term_string\"}}],\"inLanguage\":\"it-IT\"},{\"@type\":\"Person\",\"@id\":\"https:\/\/www.coflaspalmas.es\/#\/schema\/person\/ccf588cbe6c4345ebe4086a038142b96\",\"name\":\"soporte\",\"image\":{\"@type\":\"ImageObject\",\"inLanguage\":\"it-IT\",\"@id\":\"https:\/\/www.coflaspalmas.es\/#\/schema\/person\/image\/\",\"url\":\"https:\/\/secure.gravatar.com\/avatar\/d654455f4c3e474456c4922a586b96e354b5a500cfe1f1f2f60ef083808bf21b?s=96&d=mm&r=g\",\"contentUrl\":\"https:\/\/secure.gravatar.com\/avatar\/d654455f4c3e474456c4922a586b96e354b5a500cfe1f1f2f60ef083808bf21b?s=96&d=mm&r=g\",\"caption\":\"soporte\"},\"url\":\"https:\/\/www.coflaspalmas.es\/it\/author\/soporte\/\"}]}<\/script>\n<!-- \/ Yoast SEO plugin. -->","yoast_head_json":{"title":"Ocho colegios profesionales exhortan a los sanitarios y a la poblaci\u00f3n a vacunarse - COFLP","robots":{"index":"index","follow":"follow","max-snippet":"max-snippet:-1","max-image-preview":"max-image-preview:large","max-video-preview":"max-video-preview:-1"},"canonical":"https:\/\/www.coflaspalmas.es\/it\/ocho-colegios-profesionales-exhortan-a-los-sanitarios-y-a-la-poblacion-a-vacunarse\/","og_locale":"it_IT","og_type":"article","og_title":"Ocho colegios profesionales exhortan a los sanitarios y a la poblaci\u00f3n a vacunarse - COFLP","og_description":"Representantes de los colegios profesionales de Dentistas, Enfermer\u00eda, Farmac\u00e9uticos, M\u00e9dicos, Pod\u00f3logos, Psicolog\u00eda y Veterinarios de Las Palmas y el de Fisioterapeutas de Canarias, que representan a cerca de 25 000 sanitarios, quisieron hoy ofrecer una imagen de unidad ante la necesidad de vacunarse contra la gripe para la poblaci\u00f3n en general, y muy especialmente, para [&hellip;]","og_url":"https:\/\/www.coflaspalmas.es\/it\/ocho-colegios-profesionales-exhortan-a-los-sanitarios-y-a-la-poblacion-a-vacunarse\/","og_site_name":"COFLP","article_published_time":"2025-11-27T18:58:00+00:00","article_modified_time":"2025-12-11T08:30:41+00:00","og_image":[{"width":300,"height":199,"url":"https:\/\/www.coflaspalmas.es\/wp-content\/uploads\/2025\/12\/Rueda-de-prensa-vacunacion-contra-la-gripe-27112025-9-RRSS-300x199-1.jpg?wsr","type":"image\/jpeg"}],"author":"soporte","twitter_card":"summary_large_image","twitter_misc":{"Scritto da":"soporte","Tempo di lettura stimato":"4 minuti"},"schema":{"@context":"https:\/\/schema.org","@graph":[{"@type":"WebPage","@id":"https:\/\/www.coflaspalmas.es\/ocho-colegios-profesionales-exhortan-a-los-sanitarios-y-a-la-poblacion-a-vacunarse\/","url":"https:\/\/www.coflaspalmas.es\/ocho-colegios-profesionales-exhortan-a-los-sanitarios-y-a-la-poblacion-a-vacunarse\/","name":"Ocho colegios profesionales exhortan a los sanitarios y a la poblaci\u00f3n a vacunarse - COFLP","isPartOf":{"@id":"https:\/\/www.coflaspalmas.es\/#website"},"primaryImageOfPage":{"@id":"https:\/\/www.coflaspalmas.es\/ocho-colegios-profesionales-exhortan-a-los-sanitarios-y-a-la-poblacion-a-vacunarse\/#primaryimage"},"image":{"@id":"https:\/\/www.coflaspalmas.es\/ocho-colegios-profesionales-exhortan-a-los-sanitarios-y-a-la-poblacion-a-vacunarse\/#primaryimage"},"thumbnailUrl":"https:\/\/www.coflaspalmas.es\/wp-content\/uploads\/2025\/12\/Rueda-de-prensa-vacunacion-contra-la-gripe-27112025-9-RRSS-300x199-1.jpg?wsr","datePublished":"2025-11-27T18:58:00+00:00","dateModified":"2025-12-11T08:30:41+00:00","author":{"@id":"https:\/\/www.coflaspalmas.es\/#\/schema\/person\/ccf588cbe6c4345ebe4086a038142b96"},"breadcrumb":{"@id":"https:\/\/www.coflaspalmas.es\/ocho-colegios-profesionales-exhortan-a-los-sanitarios-y-a-la-poblacion-a-vacunarse\/#breadcrumb"},"inLanguage":"it-IT","potentialAction":[{"@type":"ReadAction","target":["https:\/\/www.coflaspalmas.es\/ocho-colegios-profesionales-exhortan-a-los-sanitarios-y-a-la-poblacion-a-vacunarse\/"]}]},{"@type":"ImageObject","inLanguage":"it-IT","@id":"https:\/\/www.coflaspalmas.es\/ocho-colegios-profesionales-exhortan-a-los-sanitarios-y-a-la-poblacion-a-vacunarse\/#primaryimage","url":"https:\/\/www.coflaspalmas.es\/wp-content\/uploads\/2025\/12\/Rueda-de-prensa-vacunacion-contra-la-gripe-27112025-9-RRSS-300x199-1.jpg?wsr","contentUrl":"https:\/\/www.coflaspalmas.es\/wp-content\/uploads\/2025\/12\/Rueda-de-prensa-vacunacion-contra-la-gripe-27112025-9-RRSS-300x199-1.jpg?wsr","width":300,"height":199},{"@type":"BreadcrumbList","@id":"https:\/\/www.coflaspalmas.es\/ocho-colegios-profesionales-exhortan-a-los-sanitarios-y-a-la-poblacion-a-vacunarse\/#breadcrumb","itemListElement":[{"@type":"ListItem","position":1,"name":"Portada","item":"https:\/\/www.coflaspalmas.es\/"},{"@type":"ListItem","position":2,"name":"Ocho colegios profesionales exhortan a los sanitarios y a la poblaci\u00f3n a vacunarse"}]},{"@type":"WebSite","@id":"https:\/\/www.coflaspalmas.es\/#website","url":"https:\/\/www.coflaspalmas.es\/","name":"COF Las Palmas","description":"Colegio de Farmac\u00e9uticos Las Palmas.","potentialAction":[{"@type":"SearchAction","target":{"@type":"EntryPoint","urlTemplate":"https:\/\/www.coflaspalmas.es\/?s={search_term_string}"},"query-input":{"@type":"PropertyValueSpecification","valueRequired":true,"valueName":"search_term_string"}}],"inLanguage":"it-IT"},{"@type":"Person","@id":"https:\/\/www.coflaspalmas.es\/#\/schema\/person\/ccf588cbe6c4345ebe4086a038142b96","name":"soporte","image":{"@type":"ImageObject","inLanguage":"it-IT","@id":"https:\/\/www.coflaspalmas.es\/#\/schema\/person\/image\/","url":"https:\/\/secure.gravatar.com\/avatar\/d654455f4c3e474456c4922a586b96e354b5a500cfe1f1f2f60ef083808bf21b?s=96&d=mm&r=g","contentUrl":"https:\/\/secure.gravatar.com\/avatar\/d654455f4c3e474456c4922a586b96e354b5a500cfe1f1f2f60ef083808bf21b?s=96&d=mm&r=g","caption":"soporte"},"url":"https:\/\/www.coflaspalmas.es\/it\/author\/soporte\/"}]}},"_links":{"self":[{"href":"https:\/\/www.coflaspalmas.es\/it\/wp-json\/wp\/v2\/posts\/26047399","targetHints":{"allow":["GET"]}}],"collection":[{"href":"https:\/\/www.coflaspalmas.es\/it\/wp-json\/wp\/v2\/posts"}],"about":[{"href":"https:\/\/www.coflaspalmas.es\/it\/wp-json\/wp\/v2\/types\/post"}],"author":[{"embeddable":true,"href":"https:\/\/www.coflaspalmas.es\/it\/wp-json\/wp\/v2\/users\/2427"}],"replies":[{"embeddable":true,"href":"https:\/\/www.coflaspalmas.es\/it\/wp-json\/wp\/v2\/comments?post=26047399"}],"version-history":[{"count":2,"href":"https:\/\/www.coflaspalmas.es\/it\/wp-json\/wp\/v2\/posts\/26047399\/revisions"}],"predecessor-version":[{"id":26047414,"href":"https:\/\/www.coflaspalmas.es\/it\/wp-json\/wp\/v2\/posts\/26047399\/revisions\/26047414"}],"wp:featuredmedia":[{"embeddable":true,"href":"https:\/\/www.coflaspalmas.es\/it\/wp-json\/wp\/v2\/media\/26047400"}],"wp:attachment":[{"href":"https:\/\/www.coflaspalmas.es\/it\/wp-json\/wp\/v2\/media?parent=26047399"}],"wp:term":[{"taxonomy":"category","embeddable":true,"href":"https:\/\/www.coflaspalmas.es\/it\/wp-json\/wp\/v2\/categories?post=26047399"},{"taxonomy":"post_tag","embeddable":true,"href":"https:\/\/www.coflaspalmas.es\/it\/wp-json\/wp\/v2\/tags?post=26047399"}],"curies":[{"name":"wp","href":"https:\/\/api.w.org\/{rel}","templated":true}]}}