{"id":26047402,"date":"2025-12-09T17:27:00","date_gmt":"2025-12-09T16:27:00","guid":{"rendered":"https:\/\/www.coflaspalmas.es\/?p=26047402"},"modified":"2025-12-11T08:56:39","modified_gmt":"2025-12-11T07:56:39","slug":"las-boticas-fueron-durante-anos-las-redes-sociales-del-pasado-siglo-en-canarias-explica-j-j-laforet-en-la-presentacion-de-los-actos-del-centenario","status":"publish","type":"post","link":"https:\/\/www.coflaspalmas.es\/it\/las-boticas-fueron-durante-anos-las-redes-sociales-del-pasado-siglo-en-canarias-explica-j-j-laforet-en-la-presentacion-de-los-actos-del-centenario\/","title":{"rendered":"\u00abLe farmacie sono state per anni i social network del secolo scorso alle Canarie\u201d, spiega J.J. Laforet durante la presentazione degli atti del centenario."},"content":{"rendered":"<p class=\"western\" align=\"justify\"><span style=\"font-family: helvetica, arial, sans-serif;\"><span style=\"font-size: medium;\">Le farmacie sono state i social network dell'epoca per pi\u00f9 della met\u00e0 del XX secolo. Lo ha spiegato Juan Jos\u00e9 Laforet, cronista ufficiale di Las Palmas de Gran Canaria e di Gran Canaria, autore del libro \u201cFarmacia y Sociedad\u201d che \u00e8 stato presentato oggi da lui e dalla presidente dell'Ordine Ufficiale dei Farmacisti di Las Palmas, Loreto G\u00f3mez, e che si inserisce nelle attivit\u00e0 che si svolgono in occasione del centenario del COFLP.<\/span><\/span><\/p>\n<p class=\"western\" align=\"justify\"><span style=\"font-family: helvetica, arial, sans-serif;\"><span style=\"font-size: medium;\">Laforet ha riassunto brevemente \u201cquesto lavoro di ricerca che ci ha impegnato quasi due anni\u201d, sottolineando il ruolo del farmacista nei primi secoli dopo la conquista dell'arcipelago e, in particolare, nell'ultimo secolo. \u201cLe farmacie\u201d, ha detto, \u201csono state testimoni di commenti, pettegolezzi, informazioni che non venivano diffuse dai media o che arrivavano in ritardo e, ovviamente, di cospirazioni e decisioni politiche importanti per la nostra societ\u00e0\u201d.<\/span><\/span><\/p>\n<p class=\"western\" align=\"justify\"><span style=\"font-family: helvetica, arial, sans-serif;\"><span style=\"font-size: medium;\">Ricord\u00f2 la presenza dei farmacisti \u201cnelle strade, con il Vicolo della Spezieria, o nel ruolo sociale che personaggi come Carlos Bosh Millares o Mart\u00edn Freire, cos\u00ec come l'attivit\u00e0 pubblica svolta nelle diverse sedi del Collegio\u201d.<\/span><\/span><\/p>\n<p class=\"western\" align=\"justify\"><span style=\"font-family: helvetica, arial, sans-serif;\"><span style=\"font-size: medium;\"><b>Atto principale<\/b><\/span><\/span><\/p>\n<p class=\"western\" align=\"justify\"><span style=\"font-family: helvetica, arial, sans-serif;\"><span style=\"font-size: medium;\">Loreto G\u00f3mez ha fatto riferimento alle diverse azioni inquadrate negli atti del centenario, iniziati ufficialmente \u201ccon il cambio dell'isotipo che accompagna il logo del Collegio\u201d. Ha inoltre ricordato la partecipazione di un centinaio di iscritti e iscritte alla Rainbow Family organizzata da Peque\u00f1o Valiente, le prossime presentazioni del nuovo sito web e dell'APP per gli iscritti.<\/span><\/span><\/p>\n<p class=\"western\" align=\"justify\"><span style=\"font-family: helvetica, arial, sans-serif;\">\u201c<span style=\"font-size: medium;\">Dobbiamo fare menzione molto speciale all'atto ufficiale del prossimo 29 dicembre, dove si svolger\u00e0 un omaggio a tutte le persone che sono state parte attiva di questo Collegio\u201d, ha dichiarato.<\/span><\/span><\/p>\n<p class=\"western\" align=\"justify\"><span style=\"font-family: helvetica, arial, sans-serif;\"><span style=\"font-size: medium;\">Inoltre, ha citato come fatto rilevante la collaborazione con la ONCE, che ci permetter\u00e0 di avere l'immagine del COFLP su tutti i biglietti in lotteria per l'estrazione del 29 dicembre, commemorando cos\u00ec questa data a livello nazionale.<\/span><\/span><\/p>\n<p align=\"justify\"><img loading=\"lazy\" decoding=\"async\" class=\"alignnone wp-image-127206 aligncenter\" src=\"https:\/\/www.coflaspalmas.es\/wp-content\/uploads\/2025\/12\/Rueda-de-prensa-Centenario-09122025-5-300x225.jpg\" alt=\"\" width=\"504\" height=\"378\" \/> \u00a0<img loading=\"lazy\" decoding=\"async\" class=\"alignnone wp-image-127207 aligncenter\" src=\"https:\/\/www.coflaspalmas.es\/wp-content\/uploads\/2025\/12\/Rueda-de-prensa-Centenario-09122025-6-300x225.jpg\" alt=\"\" width=\"506\" height=\"379\" \/><\/p>","protected":false},"excerpt":{"rendered":"<p>Las boticas fueron las redes sociales de la \u00e9poca durante m\u00e1s de la mitad del siglo XX. As\u00ed lo explic\u00f3 Juan Jos\u00e9 Laforet, cronista oficial de Las Palmas de Gran Canaria y de Gran Canaria, autor del libro \u201cFarmacia y Sociedad\u201d que fue presentado hoy por \u00e9l y por la presidenta del Colegio Oficial de [&hellip;]<\/p>\n","protected":false},"author":2427,"featured_media":26047403,"comment_status":"open","ping_status":"open","sticky":false,"template":"","format":"standard","meta":{"_et_pb_use_builder":"off","_et_pb_old_content":"","_et_gb_content_width":"","footnotes":""},"categories":[247,11],"tags":[],"class_list":["post-26047402","post","type-post","status-publish","format-standard","has-post-thumbnail","hentry","category-boletin-2025","category-noticias"],"yoast_head":"<!-- This site is optimized with the Yoast SEO plugin v24.7 - https:\/\/yoast.com\/wordpress\/plugins\/seo\/ -->\n<title>&quot;Las boticas fueron durante a\u00f1os las redes sociales del pasado siglo en Canarias\u201d, explica J.J. Laforet en la presentaci\u00f3n de los actos del centenario - COFLP<\/title>\n<meta name=\"robots\" content=\"index, follow, max-snippet:-1, max-image-preview:large, max-video-preview:-1\" \/>\n<link rel=\"canonical\" href=\"https:\/\/www.coflaspalmas.es\/it\/las-boticas-fueron-durante-anos-las-redes-sociales-del-pasado-siglo-en-canarias-explica-j-j-laforet-en-la-presentacion-de-los-actos-del-centenario\/\" \/>\n<meta property=\"og:locale\" content=\"it_IT\" \/>\n<meta property=\"og:type\" content=\"article\" \/>\n<meta property=\"og:title\" content=\"&quot;Las boticas fueron durante a\u00f1os las redes sociales del pasado siglo en Canarias\u201d, explica J.J. Laforet en la presentaci\u00f3n de los actos del centenario - COFLP\" \/>\n<meta property=\"og:description\" content=\"Las boticas fueron las redes sociales de la \u00e9poca durante m\u00e1s de la mitad del siglo XX. As\u00ed lo explic\u00f3 Juan Jos\u00e9 Laforet, cronista oficial de Las Palmas de Gran Canaria y de Gran Canaria, autor del libro \u201cFarmacia y Sociedad\u201d que fue presentado hoy por \u00e9l y por la presidenta del Colegio Oficial de [&hellip;]\" \/>\n<meta property=\"og:url\" content=\"https:\/\/www.coflaspalmas.es\/it\/las-boticas-fueron-durante-anos-las-redes-sociales-del-pasado-siglo-en-canarias-explica-j-j-laforet-en-la-presentacion-de-los-actos-del-centenario\/\" \/>\n<meta property=\"og:site_name\" content=\"COFLP\" \/>\n<meta property=\"article:published_time\" content=\"2025-12-09T16:27:00+00:00\" \/>\n<meta property=\"article:modified_time\" content=\"2025-12-11T07:56:39+00:00\" \/>\n<meta property=\"og:image\" content=\"https:\/\/www.coflaspalmas.es\/wp-content\/uploads\/2025\/12\/Rueda-de-prensa-Centenario-09122025-10-500x500-1.jpg?wsr\" \/>\n\t<meta property=\"og:image:width\" content=\"500\" \/>\n\t<meta property=\"og:image:height\" content=\"500\" \/>\n\t<meta property=\"og:image:type\" content=\"image\/jpeg\" \/>\n<meta name=\"author\" content=\"soporte\" \/>\n<meta name=\"twitter:card\" content=\"summary_large_image\" \/>\n<meta name=\"twitter:label1\" content=\"Scritto da\" \/>\n\t<meta name=\"twitter:data1\" content=\"soporte\" \/>\n\t<meta name=\"twitter:label2\" content=\"Tempo di lettura stimato\" \/>\n\t<meta name=\"twitter:data2\" content=\"3 minuti\" \/>\n<script type=\"application\/ld+json\" class=\"yoast-schema-graph\">{\"@context\":\"https:\/\/schema.org\",\"@graph\":[{\"@type\":\"WebPage\",\"@id\":\"https:\/\/www.coflaspalmas.es\/las-boticas-fueron-durante-anos-las-redes-sociales-del-pasado-siglo-en-canarias-explica-j-j-laforet-en-la-presentacion-de-los-actos-del-centenario\/\",\"url\":\"https:\/\/www.coflaspalmas.es\/las-boticas-fueron-durante-anos-las-redes-sociales-del-pasado-siglo-en-canarias-explica-j-j-laforet-en-la-presentacion-de-los-actos-del-centenario\/\",\"name\":\"\\\"Las boticas fueron durante a\u00f1os las redes sociales del pasado siglo en Canarias\u201d, explica J.J. Laforet en la presentaci\u00f3n de los actos del centenario - COFLP\",\"isPartOf\":{\"@id\":\"https:\/\/www.coflaspalmas.es\/#website\"},\"primaryImageOfPage\":{\"@id\":\"https:\/\/www.coflaspalmas.es\/las-boticas-fueron-durante-anos-las-redes-sociales-del-pasado-siglo-en-canarias-explica-j-j-laforet-en-la-presentacion-de-los-actos-del-centenario\/#primaryimage\"},\"image\":{\"@id\":\"https:\/\/www.coflaspalmas.es\/las-boticas-fueron-durante-anos-las-redes-sociales-del-pasado-siglo-en-canarias-explica-j-j-laforet-en-la-presentacion-de-los-actos-del-centenario\/#primaryimage\"},\"thumbnailUrl\":\"https:\/\/www.coflaspalmas.es\/wp-content\/uploads\/2025\/12\/Rueda-de-prensa-Centenario-09122025-10-500x500-1.jpg?wsr\",\"datePublished\":\"2025-12-09T16:27:00+00:00\",\"dateModified\":\"2025-12-11T07:56:39+00:00\",\"author\":{\"@id\":\"https:\/\/www.coflaspalmas.es\/#\/schema\/person\/ccf588cbe6c4345ebe4086a038142b96\"},\"breadcrumb\":{\"@id\":\"https:\/\/www.coflaspalmas.es\/las-boticas-fueron-durante-anos-las-redes-sociales-del-pasado-siglo-en-canarias-explica-j-j-laforet-en-la-presentacion-de-los-actos-del-centenario\/#breadcrumb\"},\"inLanguage\":\"it-IT\",\"potentialAction\":[{\"@type\":\"ReadAction\",\"target\":[\"https:\/\/www.coflaspalmas.es\/las-boticas-fueron-durante-anos-las-redes-sociales-del-pasado-siglo-en-canarias-explica-j-j-laforet-en-la-presentacion-de-los-actos-del-centenario\/\"]}]},{\"@type\":\"ImageObject\",\"inLanguage\":\"it-IT\",\"@id\":\"https:\/\/www.coflaspalmas.es\/las-boticas-fueron-durante-anos-las-redes-sociales-del-pasado-siglo-en-canarias-explica-j-j-laforet-en-la-presentacion-de-los-actos-del-centenario\/#primaryimage\",\"url\":\"https:\/\/www.coflaspalmas.es\/wp-content\/uploads\/2025\/12\/Rueda-de-prensa-Centenario-09122025-10-500x500-1.jpg?wsr\",\"contentUrl\":\"https:\/\/www.coflaspalmas.es\/wp-content\/uploads\/2025\/12\/Rueda-de-prensa-Centenario-09122025-10-500x500-1.jpg?wsr\",\"width\":500,\"height\":500,\"caption\":\"default\"},{\"@type\":\"BreadcrumbList\",\"@id\":\"https:\/\/www.coflaspalmas.es\/las-boticas-fueron-durante-anos-las-redes-sociales-del-pasado-siglo-en-canarias-explica-j-j-laforet-en-la-presentacion-de-los-actos-del-centenario\/#breadcrumb\",\"itemListElement\":[{\"@type\":\"ListItem\",\"position\":1,\"name\":\"Portada\",\"item\":\"https:\/\/www.coflaspalmas.es\/\"},{\"@type\":\"ListItem\",\"position\":2,\"name\":\"\u00abLas boticas fueron durante a\u00f1os las redes sociales del pasado siglo en Canarias\u201d, explica J.J. Laforet en la presentaci\u00f3n de los actos del centenario\"}]},{\"@type\":\"WebSite\",\"@id\":\"https:\/\/www.coflaspalmas.es\/#website\",\"url\":\"https:\/\/www.coflaspalmas.es\/\",\"name\":\"COF Las Palmas\",\"description\":\"Colegio de Farmac\u00e9uticos Las Palmas.\",\"potentialAction\":[{\"@type\":\"SearchAction\",\"target\":{\"@type\":\"EntryPoint\",\"urlTemplate\":\"https:\/\/www.coflaspalmas.es\/?s={search_term_string}\"},\"query-input\":{\"@type\":\"PropertyValueSpecification\",\"valueRequired\":true,\"valueName\":\"search_term_string\"}}],\"inLanguage\":\"it-IT\"},{\"@type\":\"Person\",\"@id\":\"https:\/\/www.coflaspalmas.es\/#\/schema\/person\/ccf588cbe6c4345ebe4086a038142b96\",\"name\":\"soporte\",\"image\":{\"@type\":\"ImageObject\",\"inLanguage\":\"it-IT\",\"@id\":\"https:\/\/www.coflaspalmas.es\/#\/schema\/person\/image\/\",\"url\":\"https:\/\/secure.gravatar.com\/avatar\/d654455f4c3e474456c4922a586b96e354b5a500cfe1f1f2f60ef083808bf21b?s=96&d=mm&r=g\",\"contentUrl\":\"https:\/\/secure.gravatar.com\/avatar\/d654455f4c3e474456c4922a586b96e354b5a500cfe1f1f2f60ef083808bf21b?s=96&d=mm&r=g\",\"caption\":\"soporte\"},\"url\":\"https:\/\/www.coflaspalmas.es\/it\/author\/soporte\/\"}]}<\/script>\n<!-- \/ Yoast SEO plugin. -->","yoast_head_json":{"title":"\"Las boticas fueron durante a\u00f1os las redes sociales del pasado siglo en Canarias\u201d, explica J.J. Laforet en la presentaci\u00f3n de los actos del centenario - COFLP","robots":{"index":"index","follow":"follow","max-snippet":"max-snippet:-1","max-image-preview":"max-image-preview:large","max-video-preview":"max-video-preview:-1"},"canonical":"https:\/\/www.coflaspalmas.es\/it\/las-boticas-fueron-durante-anos-las-redes-sociales-del-pasado-siglo-en-canarias-explica-j-j-laforet-en-la-presentacion-de-los-actos-del-centenario\/","og_locale":"it_IT","og_type":"article","og_title":"\"Las boticas fueron durante a\u00f1os las redes sociales del pasado siglo en Canarias\u201d, explica J.J. Laforet en la presentaci\u00f3n de los actos del centenario - COFLP","og_description":"Las boticas fueron las redes sociales de la \u00e9poca durante m\u00e1s de la mitad del siglo XX. As\u00ed lo explic\u00f3 Juan Jos\u00e9 Laforet, cronista oficial de Las Palmas de Gran Canaria y de Gran Canaria, autor del libro \u201cFarmacia y Sociedad\u201d que fue presentado hoy por \u00e9l y por la presidenta del Colegio Oficial de [&hellip;]","og_url":"https:\/\/www.coflaspalmas.es\/it\/las-boticas-fueron-durante-anos-las-redes-sociales-del-pasado-siglo-en-canarias-explica-j-j-laforet-en-la-presentacion-de-los-actos-del-centenario\/","og_site_name":"COFLP","article_published_time":"2025-12-09T16:27:00+00:00","article_modified_time":"2025-12-11T07:56:39+00:00","og_image":[{"width":500,"height":500,"url":"https:\/\/www.coflaspalmas.es\/wp-content\/uploads\/2025\/12\/Rueda-de-prensa-Centenario-09122025-10-500x500-1.jpg?wsr","type":"image\/jpeg"}],"author":"soporte","twitter_card":"summary_large_image","twitter_misc":{"Scritto da":"soporte","Tempo di lettura stimato":"3 minuti"},"schema":{"@context":"https:\/\/schema.org","@graph":[{"@type":"WebPage","@id":"https:\/\/www.coflaspalmas.es\/las-boticas-fueron-durante-anos-las-redes-sociales-del-pasado-siglo-en-canarias-explica-j-j-laforet-en-la-presentacion-de-los-actos-del-centenario\/","url":"https:\/\/www.coflaspalmas.es\/las-boticas-fueron-durante-anos-las-redes-sociales-del-pasado-siglo-en-canarias-explica-j-j-laforet-en-la-presentacion-de-los-actos-del-centenario\/","name":"\"Las boticas fueron durante a\u00f1os las redes sociales del pasado siglo en Canarias\u201d, explica J.J. Laforet en la presentaci\u00f3n de los actos del centenario - COFLP","isPartOf":{"@id":"https:\/\/www.coflaspalmas.es\/#website"},"primaryImageOfPage":{"@id":"https:\/\/www.coflaspalmas.es\/las-boticas-fueron-durante-anos-las-redes-sociales-del-pasado-siglo-en-canarias-explica-j-j-laforet-en-la-presentacion-de-los-actos-del-centenario\/#primaryimage"},"image":{"@id":"https:\/\/www.coflaspalmas.es\/las-boticas-fueron-durante-anos-las-redes-sociales-del-pasado-siglo-en-canarias-explica-j-j-laforet-en-la-presentacion-de-los-actos-del-centenario\/#primaryimage"},"thumbnailUrl":"https:\/\/www.coflaspalmas.es\/wp-content\/uploads\/2025\/12\/Rueda-de-prensa-Centenario-09122025-10-500x500-1.jpg?wsr","datePublished":"2025-12-09T16:27:00+00:00","dateModified":"2025-12-11T07:56:39+00:00","author":{"@id":"https:\/\/www.coflaspalmas.es\/#\/schema\/person\/ccf588cbe6c4345ebe4086a038142b96"},"breadcrumb":{"@id":"https:\/\/www.coflaspalmas.es\/las-boticas-fueron-durante-anos-las-redes-sociales-del-pasado-siglo-en-canarias-explica-j-j-laforet-en-la-presentacion-de-los-actos-del-centenario\/#breadcrumb"},"inLanguage":"it-IT","potentialAction":[{"@type":"ReadAction","target":["https:\/\/www.coflaspalmas.es\/las-boticas-fueron-durante-anos-las-redes-sociales-del-pasado-siglo-en-canarias-explica-j-j-laforet-en-la-presentacion-de-los-actos-del-centenario\/"]}]},{"@type":"ImageObject","inLanguage":"it-IT","@id":"https:\/\/www.coflaspalmas.es\/las-boticas-fueron-durante-anos-las-redes-sociales-del-pasado-siglo-en-canarias-explica-j-j-laforet-en-la-presentacion-de-los-actos-del-centenario\/#primaryimage","url":"https:\/\/www.coflaspalmas.es\/wp-content\/uploads\/2025\/12\/Rueda-de-prensa-Centenario-09122025-10-500x500-1.jpg?wsr","contentUrl":"https:\/\/www.coflaspalmas.es\/wp-content\/uploads\/2025\/12\/Rueda-de-prensa-Centenario-09122025-10-500x500-1.jpg?wsr","width":500,"height":500,"caption":"default"},{"@type":"BreadcrumbList","@id":"https:\/\/www.coflaspalmas.es\/las-boticas-fueron-durante-anos-las-redes-sociales-del-pasado-siglo-en-canarias-explica-j-j-laforet-en-la-presentacion-de-los-actos-del-centenario\/#breadcrumb","itemListElement":[{"@type":"ListItem","position":1,"name":"Portada","item":"https:\/\/www.coflaspalmas.es\/"},{"@type":"ListItem","position":2,"name":"\u00abLas boticas fueron durante a\u00f1os las redes sociales del pasado siglo en Canarias\u201d, explica J.J. Laforet en la presentaci\u00f3n de los actos del centenario"}]},{"@type":"WebSite","@id":"https:\/\/www.coflaspalmas.es\/#website","url":"https:\/\/www.coflaspalmas.es\/","name":"COF Las Palmas","description":"Colegio de Farmac\u00e9uticos Las Palmas.","potentialAction":[{"@type":"SearchAction","target":{"@type":"EntryPoint","urlTemplate":"https:\/\/www.coflaspalmas.es\/?s={search_term_string}"},"query-input":{"@type":"PropertyValueSpecification","valueRequired":true,"valueName":"search_term_string"}}],"inLanguage":"it-IT"},{"@type":"Person","@id":"https:\/\/www.coflaspalmas.es\/#\/schema\/person\/ccf588cbe6c4345ebe4086a038142b96","name":"supporto","image":{"@type":"ImageObject","inLanguage":"it-IT","@id":"https:\/\/www.coflaspalmas.es\/#\/schema\/person\/image\/","url":"https:\/\/secure.gravatar.com\/avatar\/d654455f4c3e474456c4922a586b96e354b5a500cfe1f1f2f60ef083808bf21b?s=96&d=mm&r=g","contentUrl":"https:\/\/secure.gravatar.com\/avatar\/d654455f4c3e474456c4922a586b96e354b5a500cfe1f1f2f60ef083808bf21b?s=96&d=mm&r=g","caption":"soporte"},"url":"https:\/\/www.coflaspalmas.es\/it\/author\/soporte\/"}]}},"_links":{"self":[{"href":"https:\/\/www.coflaspalmas.es\/it\/wp-json\/wp\/v2\/posts\/26047402","targetHints":{"allow":["GET"]}}],"collection":[{"href":"https:\/\/www.coflaspalmas.es\/it\/wp-json\/wp\/v2\/posts"}],"about":[{"href":"https:\/\/www.coflaspalmas.es\/it\/wp-json\/wp\/v2\/types\/post"}],"author":[{"embeddable":true,"href":"https:\/\/www.coflaspalmas.es\/it\/wp-json\/wp\/v2\/users\/2427"}],"replies":[{"embeddable":true,"href":"https:\/\/www.coflaspalmas.es\/it\/wp-json\/wp\/v2\/comments?post=26047402"}],"version-history":[{"count":1,"href":"https:\/\/www.coflaspalmas.es\/it\/wp-json\/wp\/v2\/posts\/26047402\/revisions"}],"predecessor-version":[{"id":26047404,"href":"https:\/\/www.coflaspalmas.es\/it\/wp-json\/wp\/v2\/posts\/26047402\/revisions\/26047404"}],"wp:featuredmedia":[{"embeddable":true,"href":"https:\/\/www.coflaspalmas.es\/it\/wp-json\/wp\/v2\/media\/26047403"}],"wp:attachment":[{"href":"https:\/\/www.coflaspalmas.es\/it\/wp-json\/wp\/v2\/media?parent=26047402"}],"wp:term":[{"taxonomy":"category","embeddable":true,"href":"https:\/\/www.coflaspalmas.es\/it\/wp-json\/wp\/v2\/categories?post=26047402"},{"taxonomy":"post_tag","embeddable":true,"href":"https:\/\/www.coflaspalmas.es\/it\/wp-json\/wp\/v2\/tags?post=26047402"}],"curies":[{"name":"wp","href":"https:\/\/api.w.org\/{rel}","templated":true}]}}