{"id":26047474,"date":"2025-12-19T09:58:00","date_gmt":"2025-12-19T08:58:00","guid":{"rendered":"https:\/\/www.coflaspalmas.es\/?p=26047474"},"modified":"2025-12-26T12:57:55","modified_gmt":"2025-12-26T11:57:55","slug":"la-once-conmemora-el-centenario-del-coflp-con-un-cupon-especial-el-dia-29-de-diciembre","status":"publish","type":"post","link":"https:\/\/www.coflaspalmas.es\/it\/la-once-conmemora-el-centenario-del-coflp-con-un-cupon-especial-el-dia-29-de-diciembre\/","title":{"rendered":"La ONCE celebra el centenario del COFLP con un cup\u00f3n especial el 29 de diciembre"},"content":{"rendered":"<p><span style=\"font-family: tahoma, arial, helvetica, sans-serif;\">Il Centenario del Collegio Ufficiale dei Farmacisti di Las Palmas \u00e8 il motivo del tagliando della ONCE di luned\u00ec 29 dicembre, giorno in cui si celebrano i primi cento anni dalla creazione del COFLP. Cinque milioni di tagliandi porteranno in tutta la Spagna questa celebrazione. Il tagliando sar\u00e0 in vendita a partire dal 24 dicembre.<\/span> <span style=\"font-family: tahoma, arial, helvetica, sans-serif;\">Jos\u00e9 Antonio L\u00f3pez, delegato dell'ONCE nelle Canarie, e Loreto G\u00f3mez, presidentessa del Collegio Ufficiale dei Farmacisti di Las Palmas, hanno presentato questo coupon, accompagnati da Yurena Garc\u00eda, presidentessa del Consiglio Territoriale dell'ONCE nelle Canarie.<\/span> <span style=\"font-family: tahoma, arial, helvetica, sans-serif;\">Il Sig. L\u00f3pez, a nome dell'ONCE, si \u00e8 congratulato con l'Ordine dei Farmacisti di Las Palmas per il suo centenario e ha sottolineato molto positivamente l'opportunit\u00e0 offerta da questo incontro per promuovere nuove linee di collaborazione tra le due istituzioni. L'obiettivo \u00e8 garantire la migliore assistenza possibile alla comunit\u00e0 di persone cieche o con gravi disabilit\u00e0 visive, che, come il resto dei cittadini, trovano nelle farmacie un servizio essenziale.<\/span> <span style=\"font-family: tahoma, arial, helvetica, sans-serif;\"><img loading=\"lazy\" decoding=\"async\" class=\"wp-image-127709 alignleft\" src=\"https:\/\/www.coflaspalmas.es\/wp-content\/uploads\/2025\/12\/Rueda-de-prensa-cupon-de-la-ONCE-18122025-5-RRSS-300x199.jpg\" alt=\"\" width=\"608\" height=\"403\" \/>G\u00f3mez ha sottolineato \u201cl'importanza che l'ONCE permetta di portare questa commemorazione in tutto il territorio nazionale con l'immagine della provincia di Las Palmas e il logo del Collegio. Per il nostro gruppo \u00e8 un orgoglio, ma credo che debba esserlo anche per tutti i nostri vicini e vicine, con i quali siamo cos\u00ec legati da tutte le modalit\u00e0 con cui esercitiamo la professione, poich\u00e9, come l'ONCE, svolgiamo un'opera di servizio alla societ\u00e0\u201d.<\/span> <span style=\"font-family: tahoma, arial, helvetica, sans-serif;\">El <a href=\"https:\/\/www.coflaspalmas.es\/it\/\">Collegio Ufficiale dei Farmacisti di Las Palmas<\/a> ha origine nel 1925, la sua costituzione fu formalizzata con una prima Giunta a cui parteciparono 24 farmacisti che designarono il primo governo dell'istituzione.<\/span> <span style=\"font-family: tahoma, arial, helvetica, sans-serif;\">Un anno dopo la sua costituzione, fu iscritta la prima donna farmacista di Las Palmas, e dopo cinque anni il numero di iscritti era di 37. Il Collegio conta oggi 1.200 iscritti.<\/span> <span style=\"font-family: tahoma, arial, helvetica, sans-serif;\">La Sua missione \u00e8 quella di soddisfare le esigenze dei professionisti farmaceutici all'interno del proprio ambito territoriale, rappresentare la collettivit\u00e0 presso le istituzioni nella difesa dei propri interessi e partecipare attivamente all'azione sociale che promuova e faciliti abitudini salutari e la prevenzione delle malattie. Tutto ci\u00f2, coinvolgendo i membri sia in modo attivo che informativo.<\/span> <span style=\"font-family: tahoma, arial, helvetica, sans-serif;\">Il COFLP desidera garantire la prestazione di servizi farmaceutici di qualit\u00e0 e stabilire i legami necessari con le associazioni di pazienti, le istituzioni sociali e politiche per essere parte attiva nello sviluppo della societ\u00e0, in particolare per tutto ci\u00f2 che riguarda la salute.<\/span> <span style=\"font-family: tahoma, arial, helvetica, sans-serif;\">Il Cup\u00f3n Diario della ONCE mette in palio un premio di 500.000 euro al numero pi\u00f9 la serie e 49 premi da 35.000 euro alle cinque cifre del numero vincente. Inoltre, 450 premi da 250 euro alle prime quattro cifre e altri 450 premi alle ultime quattro; 9.000 premi da 25 euro in caso di ultime tre o prime tre cifre; e lo stesso per le prime due e ultime due (6 euro) e rimborso di 2 euro alla prima o all'ultima cifra del numero vincente.<\/span><\/p>","protected":false},"excerpt":{"rendered":"<p>El Centenario del Colegio Oficial de Farmac\u00e9uticos de Las Palmas es el motivo del cup\u00f3n de la ONCE del lunes 29 de diciembre, d\u00eda en que se celebran los primeros cien a\u00f1os desde la creaci\u00f3n del COFLP. Cinco millones de cupones llevar\u00e1n por toda Espa\u00f1a esta celebraci\u00f3n. El cup\u00f3n estar\u00e1 a la venta a partir [&hellip;]<\/p>\n","protected":false},"author":11,"featured_media":26047475,"comment_status":"open","ping_status":"open","sticky":false,"template":"","format":"standard","meta":{"_et_pb_use_builder":"off","_et_pb_old_content":"","_et_gb_content_width":"","footnotes":""},"categories":[247,11],"tags":[],"class_list":["post-26047474","post","type-post","status-publish","format-standard","has-post-thumbnail","hentry","category-boletin-2025","category-noticias"],"yoast_head":"<!-- This site is optimized with the Yoast SEO plugin v24.7 - https:\/\/yoast.com\/wordpress\/plugins\/seo\/ -->\n<title>La ONCE conmemora el centenario del COFLP con un cup\u00f3n especial el d\u00eda 29 de diciembre - COFLP<\/title>\n<meta name=\"robots\" content=\"index, follow, max-snippet:-1, max-image-preview:large, max-video-preview:-1\" \/>\n<link rel=\"canonical\" href=\"https:\/\/www.coflaspalmas.es\/it\/la-once-conmemora-el-centenario-del-coflp-con-un-cupon-especial-el-dia-29-de-diciembre\/\" \/>\n<meta property=\"og:locale\" content=\"it_IT\" \/>\n<meta property=\"og:type\" content=\"article\" \/>\n<meta property=\"og:title\" content=\"La ONCE conmemora el centenario del COFLP con un cup\u00f3n especial el d\u00eda 29 de diciembre - COFLP\" \/>\n<meta property=\"og:description\" content=\"El Centenario del Colegio Oficial de Farmac\u00e9uticos de Las Palmas es el motivo del cup\u00f3n de la ONCE del lunes 29 de diciembre, d\u00eda en que se celebran los primeros cien a\u00f1os desde la creaci\u00f3n del COFLP. Cinco millones de cupones llevar\u00e1n por toda Espa\u00f1a esta celebraci\u00f3n. El cup\u00f3n estar\u00e1 a la venta a partir [&hellip;]\" \/>\n<meta property=\"og:url\" content=\"https:\/\/www.coflaspalmas.es\/it\/la-once-conmemora-el-centenario-del-coflp-con-un-cupon-especial-el-dia-29-de-diciembre\/\" \/>\n<meta property=\"og:site_name\" content=\"COFLP\" \/>\n<meta property=\"article:published_time\" content=\"2025-12-19T08:58:00+00:00\" \/>\n<meta property=\"article:modified_time\" content=\"2025-12-26T11:57:55+00:00\" \/>\n<meta property=\"og:image\" content=\"https:\/\/www.coflaspalmas.es\/wp-content\/uploads\/2025\/12\/Rueda-de-prensa-cupon-de-la-ONCE-18122025-1-RRSS-500x500-1.jpg?wsr\" \/>\n\t<meta property=\"og:image:width\" content=\"500\" \/>\n\t<meta property=\"og:image:height\" content=\"500\" \/>\n\t<meta property=\"og:image:type\" content=\"image\/jpeg\" \/>\n<meta name=\"author\" content=\"COF Las Palmas\" \/>\n<meta name=\"twitter:card\" content=\"summary_large_image\" \/>\n<meta name=\"twitter:label1\" content=\"Scritto da\" \/>\n\t<meta name=\"twitter:data1\" content=\"COF Las Palmas\" \/>\n\t<meta name=\"twitter:label2\" content=\"Tempo di lettura stimato\" \/>\n\t<meta name=\"twitter:data2\" content=\"3 minuti\" \/>\n<script type=\"application\/ld+json\" class=\"yoast-schema-graph\">{\"@context\":\"https:\/\/schema.org\",\"@graph\":[{\"@type\":\"WebPage\",\"@id\":\"https:\/\/www.coflaspalmas.es\/la-once-conmemora-el-centenario-del-coflp-con-un-cupon-especial-el-dia-29-de-diciembre\/\",\"url\":\"https:\/\/www.coflaspalmas.es\/la-once-conmemora-el-centenario-del-coflp-con-un-cupon-especial-el-dia-29-de-diciembre\/\",\"name\":\"La ONCE conmemora el centenario del COFLP con un cup\u00f3n especial el d\u00eda 29 de diciembre - COFLP\",\"isPartOf\":{\"@id\":\"https:\/\/www.coflaspalmas.es\/#website\"},\"primaryImageOfPage\":{\"@id\":\"https:\/\/www.coflaspalmas.es\/la-once-conmemora-el-centenario-del-coflp-con-un-cupon-especial-el-dia-29-de-diciembre\/#primaryimage\"},\"image\":{\"@id\":\"https:\/\/www.coflaspalmas.es\/la-once-conmemora-el-centenario-del-coflp-con-un-cupon-especial-el-dia-29-de-diciembre\/#primaryimage\"},\"thumbnailUrl\":\"https:\/\/www.coflaspalmas.es\/wp-content\/uploads\/2025\/12\/Rueda-de-prensa-cupon-de-la-ONCE-18122025-1-RRSS-500x500-1.jpg?wsr\",\"datePublished\":\"2025-12-19T08:58:00+00:00\",\"dateModified\":\"2025-12-26T11:57:55+00:00\",\"author\":{\"@id\":\"https:\/\/www.coflaspalmas.es\/#\/schema\/person\/b9fcb3454abcc41a46ae9d9193743d7f\"},\"breadcrumb\":{\"@id\":\"https:\/\/www.coflaspalmas.es\/la-once-conmemora-el-centenario-del-coflp-con-un-cupon-especial-el-dia-29-de-diciembre\/#breadcrumb\"},\"inLanguage\":\"it-IT\",\"potentialAction\":[{\"@type\":\"ReadAction\",\"target\":[\"https:\/\/www.coflaspalmas.es\/la-once-conmemora-el-centenario-del-coflp-con-un-cupon-especial-el-dia-29-de-diciembre\/\"]}]},{\"@type\":\"ImageObject\",\"inLanguage\":\"it-IT\",\"@id\":\"https:\/\/www.coflaspalmas.es\/la-once-conmemora-el-centenario-del-coflp-con-un-cupon-especial-el-dia-29-de-diciembre\/#primaryimage\",\"url\":\"https:\/\/www.coflaspalmas.es\/wp-content\/uploads\/2025\/12\/Rueda-de-prensa-cupon-de-la-ONCE-18122025-1-RRSS-500x500-1.jpg?wsr\",\"contentUrl\":\"https:\/\/www.coflaspalmas.es\/wp-content\/uploads\/2025\/12\/Rueda-de-prensa-cupon-de-la-ONCE-18122025-1-RRSS-500x500-1.jpg?wsr\",\"width\":500,\"height\":500},{\"@type\":\"BreadcrumbList\",\"@id\":\"https:\/\/www.coflaspalmas.es\/la-once-conmemora-el-centenario-del-coflp-con-un-cupon-especial-el-dia-29-de-diciembre\/#breadcrumb\",\"itemListElement\":[{\"@type\":\"ListItem\",\"position\":1,\"name\":\"Portada\",\"item\":\"https:\/\/www.coflaspalmas.es\/\"},{\"@type\":\"ListItem\",\"position\":2,\"name\":\"La ONCE conmemora el centenario del COFLP con un cup\u00f3n especial el d\u00eda 29 de diciembre\"}]},{\"@type\":\"WebSite\",\"@id\":\"https:\/\/www.coflaspalmas.es\/#website\",\"url\":\"https:\/\/www.coflaspalmas.es\/\",\"name\":\"COF Las Palmas\",\"description\":\"Colegio de Farmac\u00e9uticos Las Palmas.\",\"potentialAction\":[{\"@type\":\"SearchAction\",\"target\":{\"@type\":\"EntryPoint\",\"urlTemplate\":\"https:\/\/www.coflaspalmas.es\/?s={search_term_string}\"},\"query-input\":{\"@type\":\"PropertyValueSpecification\",\"valueRequired\":true,\"valueName\":\"search_term_string\"}}],\"inLanguage\":\"it-IT\"},{\"@type\":\"Person\",\"@id\":\"https:\/\/www.coflaspalmas.es\/#\/schema\/person\/b9fcb3454abcc41a46ae9d9193743d7f\",\"name\":\"COF Las Palmas\",\"image\":{\"@type\":\"ImageObject\",\"inLanguage\":\"it-IT\",\"@id\":\"https:\/\/www.coflaspalmas.es\/#\/schema\/person\/image\/\",\"url\":\"https:\/\/secure.gravatar.com\/avatar\/d504f2f7ae8ec28fd2899ecd7f4c7bd663863c3d74f5aaa3facb61347dec806d?s=96&d=mm&r=g\",\"contentUrl\":\"https:\/\/secure.gravatar.com\/avatar\/d504f2f7ae8ec28fd2899ecd7f4c7bd663863c3d74f5aaa3facb61347dec806d?s=96&d=mm&r=g\",\"caption\":\"COF Las Palmas\"},\"url\":\"https:\/\/www.coflaspalmas.es\/it\/author\/cof-las-palmas\/\"}]}<\/script>\n<!-- \/ Yoast SEO plugin. -->","yoast_head_json":{"title":"La ONCE conmemora el centenario del COFLP con un cup\u00f3n especial el d\u00eda 29 de diciembre - COFLP","robots":{"index":"index","follow":"follow","max-snippet":"max-snippet:-1","max-image-preview":"max-image-preview:large","max-video-preview":"max-video-preview:-1"},"canonical":"https:\/\/www.coflaspalmas.es\/it\/la-once-conmemora-el-centenario-del-coflp-con-un-cupon-especial-el-dia-29-de-diciembre\/","og_locale":"it_IT","og_type":"article","og_title":"La ONCE conmemora el centenario del COFLP con un cup\u00f3n especial el d\u00eda 29 de diciembre - COFLP","og_description":"El Centenario del Colegio Oficial de Farmac\u00e9uticos de Las Palmas es el motivo del cup\u00f3n de la ONCE del lunes 29 de diciembre, d\u00eda en que se celebran los primeros cien a\u00f1os desde la creaci\u00f3n del COFLP. Cinco millones de cupones llevar\u00e1n por toda Espa\u00f1a esta celebraci\u00f3n. El cup\u00f3n estar\u00e1 a la venta a partir [&hellip;]","og_url":"https:\/\/www.coflaspalmas.es\/it\/la-once-conmemora-el-centenario-del-coflp-con-un-cupon-especial-el-dia-29-de-diciembre\/","og_site_name":"COFLP","article_published_time":"2025-12-19T08:58:00+00:00","article_modified_time":"2025-12-26T11:57:55+00:00","og_image":[{"width":500,"height":500,"url":"https:\/\/www.coflaspalmas.es\/wp-content\/uploads\/2025\/12\/Rueda-de-prensa-cupon-de-la-ONCE-18122025-1-RRSS-500x500-1.jpg?wsr","type":"image\/jpeg"}],"author":"COF Las Palmas","twitter_card":"summary_large_image","twitter_misc":{"Scritto da":"COF Las Palmas","Tempo di lettura stimato":"3 minuti"},"schema":{"@context":"https:\/\/schema.org","@graph":[{"@type":"WebPage","@id":"https:\/\/www.coflaspalmas.es\/la-once-conmemora-el-centenario-del-coflp-con-un-cupon-especial-el-dia-29-de-diciembre\/","url":"https:\/\/www.coflaspalmas.es\/la-once-conmemora-el-centenario-del-coflp-con-un-cupon-especial-el-dia-29-de-diciembre\/","name":"La ONCE conmemora el centenario del COFLP con un cup\u00f3n especial el d\u00eda 29 de diciembre - COFLP","isPartOf":{"@id":"https:\/\/www.coflaspalmas.es\/#website"},"primaryImageOfPage":{"@id":"https:\/\/www.coflaspalmas.es\/la-once-conmemora-el-centenario-del-coflp-con-un-cupon-especial-el-dia-29-de-diciembre\/#primaryimage"},"image":{"@id":"https:\/\/www.coflaspalmas.es\/la-once-conmemora-el-centenario-del-coflp-con-un-cupon-especial-el-dia-29-de-diciembre\/#primaryimage"},"thumbnailUrl":"https:\/\/www.coflaspalmas.es\/wp-content\/uploads\/2025\/12\/Rueda-de-prensa-cupon-de-la-ONCE-18122025-1-RRSS-500x500-1.jpg?wsr","datePublished":"2025-12-19T08:58:00+00:00","dateModified":"2025-12-26T11:57:55+00:00","author":{"@id":"https:\/\/www.coflaspalmas.es\/#\/schema\/person\/b9fcb3454abcc41a46ae9d9193743d7f"},"breadcrumb":{"@id":"https:\/\/www.coflaspalmas.es\/la-once-conmemora-el-centenario-del-coflp-con-un-cupon-especial-el-dia-29-de-diciembre\/#breadcrumb"},"inLanguage":"it-IT","potentialAction":[{"@type":"ReadAction","target":["https:\/\/www.coflaspalmas.es\/la-once-conmemora-el-centenario-del-coflp-con-un-cupon-especial-el-dia-29-de-diciembre\/"]}]},{"@type":"ImageObject","inLanguage":"it-IT","@id":"https:\/\/www.coflaspalmas.es\/la-once-conmemora-el-centenario-del-coflp-con-un-cupon-especial-el-dia-29-de-diciembre\/#primaryimage","url":"https:\/\/www.coflaspalmas.es\/wp-content\/uploads\/2025\/12\/Rueda-de-prensa-cupon-de-la-ONCE-18122025-1-RRSS-500x500-1.jpg?wsr","contentUrl":"https:\/\/www.coflaspalmas.es\/wp-content\/uploads\/2025\/12\/Rueda-de-prensa-cupon-de-la-ONCE-18122025-1-RRSS-500x500-1.jpg?wsr","width":500,"height":500},{"@type":"BreadcrumbList","@id":"https:\/\/www.coflaspalmas.es\/la-once-conmemora-el-centenario-del-coflp-con-un-cupon-especial-el-dia-29-de-diciembre\/#breadcrumb","itemListElement":[{"@type":"ListItem","position":1,"name":"Portada","item":"https:\/\/www.coflaspalmas.es\/"},{"@type":"ListItem","position":2,"name":"La ONCE conmemora el centenario del COFLP con un cup\u00f3n especial el d\u00eda 29 de diciembre"}]},{"@type":"WebSite","@id":"https:\/\/www.coflaspalmas.es\/#website","url":"https:\/\/www.coflaspalmas.es\/","name":"COF Las Palmas","description":"Colegio de Farmac\u00e9uticos Las Palmas.","potentialAction":[{"@type":"SearchAction","target":{"@type":"EntryPoint","urlTemplate":"https:\/\/www.coflaspalmas.es\/?s={search_term_string}"},"query-input":{"@type":"PropertyValueSpecification","valueRequired":true,"valueName":"search_term_string"}}],"inLanguage":"it-IT"},{"@type":"Person","@id":"https:\/\/www.coflaspalmas.es\/#\/schema\/person\/b9fcb3454abcc41a46ae9d9193743d7f","name":"COF Las Palmas","image":{"@type":"ImageObject","inLanguage":"it-IT","@id":"https:\/\/www.coflaspalmas.es\/#\/schema\/person\/image\/","url":"https:\/\/secure.gravatar.com\/avatar\/d504f2f7ae8ec28fd2899ecd7f4c7bd663863c3d74f5aaa3facb61347dec806d?s=96&d=mm&r=g","contentUrl":"https:\/\/secure.gravatar.com\/avatar\/d504f2f7ae8ec28fd2899ecd7f4c7bd663863c3d74f5aaa3facb61347dec806d?s=96&d=mm&r=g","caption":"COF Las Palmas"},"url":"https:\/\/www.coflaspalmas.es\/it\/author\/cof-las-palmas\/"}]}},"_links":{"self":[{"href":"https:\/\/www.coflaspalmas.es\/it\/wp-json\/wp\/v2\/posts\/26047474","targetHints":{"allow":["GET"]}}],"collection":[{"href":"https:\/\/www.coflaspalmas.es\/it\/wp-json\/wp\/v2\/posts"}],"about":[{"href":"https:\/\/www.coflaspalmas.es\/it\/wp-json\/wp\/v2\/types\/post"}],"author":[{"embeddable":true,"href":"https:\/\/www.coflaspalmas.es\/it\/wp-json\/wp\/v2\/users\/11"}],"replies":[{"embeddable":true,"href":"https:\/\/www.coflaspalmas.es\/it\/wp-json\/wp\/v2\/comments?post=26047474"}],"version-history":[{"count":1,"href":"https:\/\/www.coflaspalmas.es\/it\/wp-json\/wp\/v2\/posts\/26047474\/revisions"}],"predecessor-version":[{"id":26047476,"href":"https:\/\/www.coflaspalmas.es\/it\/wp-json\/wp\/v2\/posts\/26047474\/revisions\/26047476"}],"wp:featuredmedia":[{"embeddable":true,"href":"https:\/\/www.coflaspalmas.es\/it\/wp-json\/wp\/v2\/media\/26047475"}],"wp:attachment":[{"href":"https:\/\/www.coflaspalmas.es\/it\/wp-json\/wp\/v2\/media?parent=26047474"}],"wp:term":[{"taxonomy":"category","embeddable":true,"href":"https:\/\/www.coflaspalmas.es\/it\/wp-json\/wp\/v2\/categories?post=26047474"},{"taxonomy":"post_tag","embeddable":true,"href":"https:\/\/www.coflaspalmas.es\/it\/wp-json\/wp\/v2\/tags?post=26047474"}],"curies":[{"name":"wp","href":"https:\/\/api.w.org\/{rel}","templated":true}]}}