{"id":26047478,"date":"2025-12-30T01:33:00","date_gmt":"2025-12-30T00:33:00","guid":{"rendered":"https:\/\/www.coflaspalmas.es\/?p=26047478"},"modified":"2026-01-05T08:24:42","modified_gmt":"2026-01-05T07:24:42","slug":"el-coflp-celebra-cien-anos-recordando-los-valores-farmaceuticos-y-su-vocacion-de-servicio","status":"publish","type":"post","link":"https:\/\/www.coflaspalmas.es\/it\/el-coflp-celebra-cien-anos-recordando-los-valores-farmaceuticos-y-su-vocacion-de-servicio\/","title":{"rendered":"Il COFLP festeggia cento anni ricordando i valori farmaceutici e la sua vocazione al servizio."},"content":{"rendered":"<p align=\"justify\">\u201c<span style=\"font-family: Karla;\"><span style=\"font-size: medium;\">H<\/span><\/span><span style=\"font-family: Karla;\"><span style=\"font-size: medium;\">Cento anni fa e oggi, abbiamo una presenza in tutti i quartieri e paesi; cento anni fa e oggi, siamo gli operatori sanitari pi\u00f9 accessibili per la popolazione; cento anni fa e oggi conosciamo i nostri vicini per nome e per le loro cure; cento anni fa <\/span><\/span><span style=\"font-family: Karla;\"><span style=\"font-size: medium;\">y <\/span><\/span><span style=\"font-family: Karla;\"><span style=\"font-size: medium;\">oggi, la nostra predisposizione a lavorare insieme all'Amministrazione e ad altri professionisti sanitari rimane intatta<\/span><\/span><span style=\"font-family: Tahoma, sans-serif;\"><span style=\"font-size: medium;\">\u201d.<\/span><\/span> <span style=\"font-family: Karla;\"><span style=\"font-size: medium;\">\u00c8 cos\u00ec che Loreto G\u00f3mez, presidente del Collegio Ufficiale dei Farmacisti di Las Palmas, ha spiegato che l'impegno farmaceutico con la societ\u00e0 canaria \u00e8 rimasto immutato per cento anni, nonostante i progressi scientifici e tecnologici che si sono verificati in questi cento anni.<\/span><\/span><\/p>\n<p align=\"justify\">\u201c<span style=\"font-family: Karla;\"><span style=\"font-size: medium;\"><span lang=\"es-ES\">\u00bf<\/span><\/span><\/span><span style=\"font-family: Karla;\"><span style=\"font-size: medium;\"><span lang=\"es-ES\">S<\/span><\/span><\/span><span style=\"font-family: Karla;\"><span style=\"font-size: medium;\"><span lang=\"es-ES\">e immaginate di poter celebrare un dibattito tra i fondatori e noi?<\/span><\/span><\/span><span style=\"font-family: Tahoma, sans-serif;\"><span style=\"font-size: medium;\"><span lang=\"es-ES\">\u201d<\/span><\/span><\/span><span style=\"font-family: Karla, monospace;\"><span style=\"font-size: medium;\"><span lang=\"es-ES\">, <\/span><\/span><\/span><span style=\"font-family: Karla, monospace;\"><span style=\"font-size: medium;\"><span lang=\"es-ES\">disse la presidente, <\/span><\/span><\/span><span style=\"font-family: Karla, monospace;\"><span style=\"font-size: medium;\"><span lang=\"es-ES\">\u00a0<\/span><\/span><\/span><span style=\"font-family: Tahoma, sans-serif;\"><span style=\"font-size: medium;\"><span lang=\"es-ES\">\u201c<\/span><\/span><\/span><span style=\"font-family: Tahoma, sans-serif;\"><span style=\"font-size: medium;\"><span lang=\"es-ES\">e<\/span><\/span><\/span><span style=\"font-family: Karla;\"><span style=\"font-size: medium;\"><span lang=\"es-ES\">Ci potrebbero spiegare con passione come hanno affrontato il vaiolo, la lebbra o la tubercolosi\u2026 e noi racconteremmo come oggi migliaia di persone superano il cancro, come l'AIDS ha smesso di essere una condanna a morte o come abbiamo risposto alla pandemia di COVID-19.<\/span><\/span><\/span><span style=\"font-family: Tahoma, sans-serif;\"><span style=\"font-size: medium;\"><span lang=\"es-ES\">\u201d<\/span><\/span><\/span><span style=\"font-family: Karla;\"><span style=\"font-size: medium;\"><span lang=\"es-ES\">.<\/span><\/span><\/span><\/p>\n<p align=\"justify\"><span style=\"font-family: Karla;\"><span style=\"font-size: medium;\"><span lang=\"es-ES\"><img loading=\"lazy\" decoding=\"async\" class=\"wp-image-128041 alignleft\" src=\"https:\/\/www.coflaspalmas.es\/wp-content\/uploads\/2025\/12\/WhatsApp-Image-2025-12-29-at-23.08.53-4-300x200.jpeg\" alt=\"\" width=\"584\" height=\"389\" \/>Ha coglieto l'occasione per fare un fermo riconoscimento del ruolo che la donna svolge nell'ambito sanitario<\/span><\/span><\/span><span style=\"font-family: Karla;\"><span style=\"font-size: medium;\"><span lang=\"es-ES\">a<\/span><\/span><\/span><span style=\"font-family: Karla;\"><span style=\"font-size: medium;\"><span lang=\"es-ES\">rio, sottolineando che \u00a0<\/span><\/span><\/span><span style=\"font-family: Tahoma, sans-serif;\"><span style=\"font-size: medium;\"><span lang=\"es-ES\">\u201c<\/span><\/span><\/span><span style=\"font-family: Karla, monospace;\"><span style=\"font-size: medium;\"><span lang=\"es-ES\">qualcosa che sicuramente stupirebbe i nostri padri fondatori, un progresso fondamentale: da un collegio quasi interamente maschile, la prima donna nella nostra provincia \u00e8 stata iscritta due anni dopo la sua fondazione, a una maggioranza ampiamente femminile nella professione e dove lo siamo anche in molti organi di gestione. Curiosamente, sta succedendo la stessa cosa in tutte le professioni sanitarie <\/span><\/span><\/span><span style=\"font-family: Tahoma, sans-serif;\"><span style=\"font-size: medium;\"><span lang=\"es-ES\">\u201d<\/span><\/span><\/span><span style=\"font-family: Karla;\"><span style=\"font-size: medium;\"><span lang=\"es-ES\">.<\/span><\/span><\/span><\/p>\n<p align=\"justify\">\u201c<span style=\"font-family: Karla, monospace;\"><span style=\"font-size: medium;\"><span lang=\"es-ES\">Anche con loro, i nostri fondatori<\/span><\/span><\/span><span style=\"font-family: Tahoma, sans-serif;\"><span style=\"font-size: medium;\"><span lang=\"es-ES\">\u201d<\/span><\/span><\/span><span style=\"font-family: Karla, monospace;\"><span style=\"font-size: medium;\"><span lang=\"es-ES\">, ha affermato G\u00f3mez, <\/span><\/span><\/span><span style=\"font-family: Tahoma, sans-serif;\"><span style=\"font-size: medium;\"><span lang=\"es-ES\">\u201c<\/span><\/span><\/span><span style=\"font-family: Karla, monospace;\"><span style=\"font-size: medium;\"><span lang=\"es-ES\">Ci scervelleremmo per trovare una spiegazione al fatto che in cento anni siamo passati dal rispetto reverenziale per la scienza all'inizio del XX secolo, all'idolatria per le bufale del XXI secolo.<\/span><\/span><\/span><span style=\"font-family: Tahoma, sans-serif;\"><span style=\"font-size: medium;\"><span lang=\"es-ES\">\u201d.<\/span><\/span><\/span><\/p>\n<p align=\"justify\"><span style=\"font-family: Karla, monospace;\"><span style=\"font-size: medium;\"><span lang=\"es-ES\"><b>Lavoro indispensabile<\/b><\/span><\/span><\/span><\/p>\n<p align=\"justify\"><span style=\"font-family: Karla, monospace;\"><span style=\"font-size: medium;\"><span lang=\"es-ES\">Da parte sua, la consigliera della Sanit\u00e0 del Governo delle Canarie, Esther Monz\u00f3n, ha affermato: <\/span><\/span><\/span><span style=\"font-family: Tahoma, sans-serif;\"><span style=\"font-size: medium;\"><span lang=\"es-ES\">\u201c<\/span><\/span><\/span><span style=\"font-family: Karla, monospace;\"><span style=\"font-size: medium;\"><span lang=\"es-ES\">vogliamo riconoscere il suo lavoro indispensabile, specialmente nei momenti pi\u00f9 complessi, e ribadire il nostro impegno a continuare ad andare avanti insieme per una sanit\u00e0 pi\u00f9 umana, innovativa e accessibile a tutti<\/span><\/span><\/span><span style=\"font-family: Tahoma, sans-serif;\"><span style=\"font-size: medium;\"><span lang=\"es-ES\">\u201d<\/span><\/span><\/span><span style=\"font-family: Karla, monospace;\"><span style=\"font-size: medium;\"><span lang=\"es-ES\">.<\/span><\/span><\/span><\/p>\n<p align=\"justify\"><span style=\"font-family: Karla, monospace;\"><span style=\"font-size: medium;\"><span lang=\"es-ES\">Durante il suo intervento ha riconosciuto i <\/span><\/span><\/span><span style=\"font-family: Tahoma, sans-serif;\"><span style=\"font-size: medium;\"><span lang=\"es-ES\">\u201c<\/span><\/span><\/span><span style=\"font-family: Karla, monospace;\"><span style=\"font-size: medium;\"><span lang=\"es-ES\">valori di vicinanza, di accessibilit\u00e0 e di impegno verso i pazienti<\/span><\/span><\/span><span style=\"font-family: Tahoma, sans-serif;\"><span style=\"font-size: medium;\"><span lang=\"es-ES\">\u201d<\/span><\/span><\/span><span style=\"font-family: Karla, monospace;\"><span style=\"font-size: medium;\"><span lang=\"es-ES\">, e ha segnalato che <\/span><\/span><\/span><span style=\"font-family: Tahoma, sans-serif;\"><span style=\"font-size: medium;\"><span lang=\"es-ES\">\u201c<\/span><\/span><\/span><span style=\"font-family: Karla, monospace;\"><span style=\"font-size: medium;\"><span lang=\"es-ES\">rappresentano una risorsa collaborativa ineguagliabile per il SCS<\/span><\/span><\/span><span style=\"font-family: Tahoma, sans-serif;\"><span style=\"font-size: medium;\"><span lang=\"es-ES\">\u201d<\/span><\/span><\/span><span style=\"font-family: Karla, monospace;\"><span style=\"font-size: medium;\"><span lang=\"es-ES\">.<\/span><\/span><\/span><\/p>\n<p align=\"justify\"><span style=\"font-family: Karla, monospace;\"><span style=\"font-size: medium;\"><span lang=\"es-ES\">L'evento ha visto anche l'esibizione del timplista Germ\u00e1n L\u00f3pez, mentre la chiusura \u00e8 stata affidata al divulgatore Fernando Fabiani, che ha tenuto una conferenza molto piacevole sulla minaccia della sovradiagnosi e il ruolo degli operatori sanitari in essa.<\/span><\/span><\/span><\/p>\n<p align=\"justify\"><img loading=\"lazy\" decoding=\"async\" class=\"alignnone wp-image-128038 aligncenter\" src=\"https:\/\/www.coflaspalmas.es\/wp-content\/uploads\/2025\/12\/WhatsApp-Image-2025-12-29-at-23.08.56-1-300x200.jpeg\" alt=\"\" width=\"413\" height=\"275\" \/><\/p>\n<p align=\"justify\"><img loading=\"lazy\" decoding=\"async\" class=\"alignnone wp-image-128040 aligncenter\" src=\"https:\/\/www.coflaspalmas.es\/wp-content\/uploads\/2025\/12\/WhatsApp-Image-2025-12-29-at-23.08.53-3-300x200.jpeg\" alt=\"\" width=\"414\" height=\"276\" \/><\/p>","protected":false},"excerpt":{"rendered":"<p>\u201cHace cien a\u00f1os y hoy,\u00a0tenemos\u00a0presencia en todos los barrios y pueblos; hace cien a\u00f1os y hoy, somos los sanitarios m\u00e1s accesibles para la poblaci\u00f3n; hace cien a\u00f1os y hoy conocemos por su nombre y sus tratamientos a nuestros vecinos; hace cien a\u00f1os y hoy, nuestra predisposici\u00f3n a trabajar conjuntamente con la Administraci\u00f3n\u00a0y otros profesionales sanitarios [&hellip;]<\/p>\n","protected":false},"author":11,"featured_media":26047479,"comment_status":"open","ping_status":"open","sticky":false,"template":"","format":"standard","meta":{"_et_pb_use_builder":"","_et_pb_old_content":"","_et_gb_content_width":"","footnotes":""},"categories":[247,11],"tags":[],"class_list":["post-26047478","post","type-post","status-publish","format-standard","has-post-thumbnail","hentry","category-boletin-2025","category-noticias"],"yoast_head":"<!-- This site is optimized with the Yoast SEO plugin v24.7 - https:\/\/yoast.com\/wordpress\/plugins\/seo\/ -->\n<title>El COFLP celebra cien a\u00f1os recordando los valores farmac\u00e9uticos y su vocaci\u00f3n de servicio - COFLP<\/title>\n<meta name=\"robots\" content=\"index, follow, max-snippet:-1, max-image-preview:large, max-video-preview:-1\" \/>\n<link rel=\"canonical\" href=\"https:\/\/www.coflaspalmas.es\/it\/el-coflp-celebra-cien-anos-recordando-los-valores-farmaceuticos-y-su-vocacion-de-servicio\/\" \/>\n<meta property=\"og:locale\" content=\"it_IT\" \/>\n<meta property=\"og:type\" content=\"article\" \/>\n<meta property=\"og:title\" content=\"El COFLP celebra cien a\u00f1os recordando los valores farmac\u00e9uticos y su vocaci\u00f3n de servicio - COFLP\" \/>\n<meta property=\"og:description\" content=\"\u201cHace cien a\u00f1os y hoy,\u00a0tenemos\u00a0presencia en todos los barrios y pueblos; hace cien a\u00f1os y hoy, somos los sanitarios m\u00e1s accesibles para la poblaci\u00f3n; hace cien a\u00f1os y hoy conocemos por su nombre y sus tratamientos a nuestros vecinos; hace cien a\u00f1os y hoy, nuestra predisposici\u00f3n a trabajar conjuntamente con la Administraci\u00f3n\u00a0y otros profesionales sanitarios [&hellip;]\" \/>\n<meta property=\"og:url\" content=\"https:\/\/www.coflaspalmas.es\/it\/el-coflp-celebra-cien-anos-recordando-los-valores-farmaceuticos-y-su-vocacion-de-servicio\/\" \/>\n<meta property=\"og:site_name\" content=\"COFLP\" \/>\n<meta property=\"article:published_time\" content=\"2025-12-30T00:33:00+00:00\" \/>\n<meta property=\"article:modified_time\" content=\"2026-01-05T07:24:42+00:00\" \/>\n<meta property=\"og:image\" content=\"https:\/\/www.coflaspalmas.es\/wp-content\/uploads\/2026\/01\/WhatsApp-Image-2025-12-29-at-23.22.30-1-500x500-1.jpeg?wsr\" \/>\n\t<meta property=\"og:image:width\" content=\"500\" \/>\n\t<meta property=\"og:image:height\" content=\"500\" \/>\n\t<meta property=\"og:image:type\" content=\"image\/jpeg\" \/>\n<meta name=\"author\" content=\"COF Las Palmas\" \/>\n<meta name=\"twitter:card\" content=\"summary_large_image\" \/>\n<meta name=\"twitter:label1\" content=\"Scritto da\" \/>\n\t<meta name=\"twitter:data1\" content=\"COF Las Palmas\" \/>\n\t<meta name=\"twitter:label2\" content=\"Tempo di lettura stimato\" \/>\n\t<meta name=\"twitter:data2\" content=\"3 minuti\" \/>\n<script type=\"application\/ld+json\" class=\"yoast-schema-graph\">{\"@context\":\"https:\/\/schema.org\",\"@graph\":[{\"@type\":\"WebPage\",\"@id\":\"https:\/\/www.coflaspalmas.es\/el-coflp-celebra-cien-anos-recordando-los-valores-farmaceuticos-y-su-vocacion-de-servicio\/\",\"url\":\"https:\/\/www.coflaspalmas.es\/el-coflp-celebra-cien-anos-recordando-los-valores-farmaceuticos-y-su-vocacion-de-servicio\/\",\"name\":\"El COFLP celebra cien a\u00f1os recordando los valores farmac\u00e9uticos y su vocaci\u00f3n de servicio - COFLP\",\"isPartOf\":{\"@id\":\"https:\/\/www.coflaspalmas.es\/#website\"},\"primaryImageOfPage\":{\"@id\":\"https:\/\/www.coflaspalmas.es\/el-coflp-celebra-cien-anos-recordando-los-valores-farmaceuticos-y-su-vocacion-de-servicio\/#primaryimage\"},\"image\":{\"@id\":\"https:\/\/www.coflaspalmas.es\/el-coflp-celebra-cien-anos-recordando-los-valores-farmaceuticos-y-su-vocacion-de-servicio\/#primaryimage\"},\"thumbnailUrl\":\"https:\/\/www.coflaspalmas.es\/wp-content\/uploads\/2026\/01\/WhatsApp-Image-2025-12-29-at-23.22.30-1-500x500-1.jpeg?wsr\",\"datePublished\":\"2025-12-30T00:33:00+00:00\",\"dateModified\":\"2026-01-05T07:24:42+00:00\",\"author\":{\"@id\":\"https:\/\/www.coflaspalmas.es\/#\/schema\/person\/b9fcb3454abcc41a46ae9d9193743d7f\"},\"breadcrumb\":{\"@id\":\"https:\/\/www.coflaspalmas.es\/el-coflp-celebra-cien-anos-recordando-los-valores-farmaceuticos-y-su-vocacion-de-servicio\/#breadcrumb\"},\"inLanguage\":\"it-IT\",\"potentialAction\":[{\"@type\":\"ReadAction\",\"target\":[\"https:\/\/www.coflaspalmas.es\/el-coflp-celebra-cien-anos-recordando-los-valores-farmaceuticos-y-su-vocacion-de-servicio\/\"]}]},{\"@type\":\"ImageObject\",\"inLanguage\":\"it-IT\",\"@id\":\"https:\/\/www.coflaspalmas.es\/el-coflp-celebra-cien-anos-recordando-los-valores-farmaceuticos-y-su-vocacion-de-servicio\/#primaryimage\",\"url\":\"https:\/\/www.coflaspalmas.es\/wp-content\/uploads\/2026\/01\/WhatsApp-Image-2025-12-29-at-23.22.30-1-500x500-1.jpeg?wsr\",\"contentUrl\":\"https:\/\/www.coflaspalmas.es\/wp-content\/uploads\/2026\/01\/WhatsApp-Image-2025-12-29-at-23.22.30-1-500x500-1.jpeg?wsr\",\"width\":500,\"height\":500},{\"@type\":\"BreadcrumbList\",\"@id\":\"https:\/\/www.coflaspalmas.es\/el-coflp-celebra-cien-anos-recordando-los-valores-farmaceuticos-y-su-vocacion-de-servicio\/#breadcrumb\",\"itemListElement\":[{\"@type\":\"ListItem\",\"position\":1,\"name\":\"Portada\",\"item\":\"https:\/\/www.coflaspalmas.es\/\"},{\"@type\":\"ListItem\",\"position\":2,\"name\":\"El COFLP celebra cien a\u00f1os recordando los valores farmac\u00e9uticos y su vocaci\u00f3n de servicio\"}]},{\"@type\":\"WebSite\",\"@id\":\"https:\/\/www.coflaspalmas.es\/#website\",\"url\":\"https:\/\/www.coflaspalmas.es\/\",\"name\":\"COF Las Palmas\",\"description\":\"Colegio de Farmac\u00e9uticos Las Palmas.\",\"potentialAction\":[{\"@type\":\"SearchAction\",\"target\":{\"@type\":\"EntryPoint\",\"urlTemplate\":\"https:\/\/www.coflaspalmas.es\/?s={search_term_string}\"},\"query-input\":{\"@type\":\"PropertyValueSpecification\",\"valueRequired\":true,\"valueName\":\"search_term_string\"}}],\"inLanguage\":\"it-IT\"},{\"@type\":\"Person\",\"@id\":\"https:\/\/www.coflaspalmas.es\/#\/schema\/person\/b9fcb3454abcc41a46ae9d9193743d7f\",\"name\":\"COF Las Palmas\",\"image\":{\"@type\":\"ImageObject\",\"inLanguage\":\"it-IT\",\"@id\":\"https:\/\/www.coflaspalmas.es\/#\/schema\/person\/image\/\",\"url\":\"https:\/\/secure.gravatar.com\/avatar\/d504f2f7ae8ec28fd2899ecd7f4c7bd663863c3d74f5aaa3facb61347dec806d?s=96&d=mm&r=g\",\"contentUrl\":\"https:\/\/secure.gravatar.com\/avatar\/d504f2f7ae8ec28fd2899ecd7f4c7bd663863c3d74f5aaa3facb61347dec806d?s=96&d=mm&r=g\",\"caption\":\"COF Las Palmas\"},\"url\":\"https:\/\/www.coflaspalmas.es\/it\/author\/cof-las-palmas\/\"}]}<\/script>\n<!-- \/ Yoast SEO plugin. -->","yoast_head_json":{"title":"El COFLP celebra cien a\u00f1os recordando los valores farmac\u00e9uticos y su vocaci\u00f3n de servicio - COFLP","robots":{"index":"index","follow":"follow","max-snippet":"max-snippet:-1","max-image-preview":"max-image-preview:large","max-video-preview":"max-video-preview:-1"},"canonical":"https:\/\/www.coflaspalmas.es\/it\/el-coflp-celebra-cien-anos-recordando-los-valores-farmaceuticos-y-su-vocacion-de-servicio\/","og_locale":"it_IT","og_type":"article","og_title":"El COFLP celebra cien a\u00f1os recordando los valores farmac\u00e9uticos y su vocaci\u00f3n de servicio - COFLP","og_description":"\u201cHace cien a\u00f1os y hoy,\u00a0tenemos\u00a0presencia en todos los barrios y pueblos; hace cien a\u00f1os y hoy, somos los sanitarios m\u00e1s accesibles para la poblaci\u00f3n; hace cien a\u00f1os y hoy conocemos por su nombre y sus tratamientos a nuestros vecinos; hace cien a\u00f1os y hoy, nuestra predisposici\u00f3n a trabajar conjuntamente con la Administraci\u00f3n\u00a0y otros profesionales sanitarios [&hellip;]","og_url":"https:\/\/www.coflaspalmas.es\/it\/el-coflp-celebra-cien-anos-recordando-los-valores-farmaceuticos-y-su-vocacion-de-servicio\/","og_site_name":"COFLP","article_published_time":"2025-12-30T00:33:00+00:00","article_modified_time":"2026-01-05T07:24:42+00:00","og_image":[{"width":500,"height":500,"url":"https:\/\/www.coflaspalmas.es\/wp-content\/uploads\/2026\/01\/WhatsApp-Image-2025-12-29-at-23.22.30-1-500x500-1.jpeg?wsr","type":"image\/jpeg"}],"author":"COF Las Palmas","twitter_card":"summary_large_image","twitter_misc":{"Scritto da":"COF Las Palmas","Tempo di lettura stimato":"3 minuti"},"schema":{"@context":"https:\/\/schema.org","@graph":[{"@type":"WebPage","@id":"https:\/\/www.coflaspalmas.es\/el-coflp-celebra-cien-anos-recordando-los-valores-farmaceuticos-y-su-vocacion-de-servicio\/","url":"https:\/\/www.coflaspalmas.es\/el-coflp-celebra-cien-anos-recordando-los-valores-farmaceuticos-y-su-vocacion-de-servicio\/","name":"El COFLP celebra cien a\u00f1os recordando los valores farmac\u00e9uticos y su vocaci\u00f3n de servicio - COFLP","isPartOf":{"@id":"https:\/\/www.coflaspalmas.es\/#website"},"primaryImageOfPage":{"@id":"https:\/\/www.coflaspalmas.es\/el-coflp-celebra-cien-anos-recordando-los-valores-farmaceuticos-y-su-vocacion-de-servicio\/#primaryimage"},"image":{"@id":"https:\/\/www.coflaspalmas.es\/el-coflp-celebra-cien-anos-recordando-los-valores-farmaceuticos-y-su-vocacion-de-servicio\/#primaryimage"},"thumbnailUrl":"https:\/\/www.coflaspalmas.es\/wp-content\/uploads\/2026\/01\/WhatsApp-Image-2025-12-29-at-23.22.30-1-500x500-1.jpeg?wsr","datePublished":"2025-12-30T00:33:00+00:00","dateModified":"2026-01-05T07:24:42+00:00","author":{"@id":"https:\/\/www.coflaspalmas.es\/#\/schema\/person\/b9fcb3454abcc41a46ae9d9193743d7f"},"breadcrumb":{"@id":"https:\/\/www.coflaspalmas.es\/el-coflp-celebra-cien-anos-recordando-los-valores-farmaceuticos-y-su-vocacion-de-servicio\/#breadcrumb"},"inLanguage":"it-IT","potentialAction":[{"@type":"ReadAction","target":["https:\/\/www.coflaspalmas.es\/el-coflp-celebra-cien-anos-recordando-los-valores-farmaceuticos-y-su-vocacion-de-servicio\/"]}]},{"@type":"ImageObject","inLanguage":"it-IT","@id":"https:\/\/www.coflaspalmas.es\/el-coflp-celebra-cien-anos-recordando-los-valores-farmaceuticos-y-su-vocacion-de-servicio\/#primaryimage","url":"https:\/\/www.coflaspalmas.es\/wp-content\/uploads\/2026\/01\/WhatsApp-Image-2025-12-29-at-23.22.30-1-500x500-1.jpeg?wsr","contentUrl":"https:\/\/www.coflaspalmas.es\/wp-content\/uploads\/2026\/01\/WhatsApp-Image-2025-12-29-at-23.22.30-1-500x500-1.jpeg?wsr","width":500,"height":500},{"@type":"BreadcrumbList","@id":"https:\/\/www.coflaspalmas.es\/el-coflp-celebra-cien-anos-recordando-los-valores-farmaceuticos-y-su-vocacion-de-servicio\/#breadcrumb","itemListElement":[{"@type":"ListItem","position":1,"name":"Portada","item":"https:\/\/www.coflaspalmas.es\/"},{"@type":"ListItem","position":2,"name":"El COFLP celebra cien a\u00f1os recordando los valores farmac\u00e9uticos y su vocaci\u00f3n de servicio"}]},{"@type":"WebSite","@id":"https:\/\/www.coflaspalmas.es\/#website","url":"https:\/\/www.coflaspalmas.es\/","name":"COF Las Palmas","description":"Colegio de Farmac\u00e9uticos Las Palmas.","potentialAction":[{"@type":"SearchAction","target":{"@type":"EntryPoint","urlTemplate":"https:\/\/www.coflaspalmas.es\/?s={search_term_string}"},"query-input":{"@type":"PropertyValueSpecification","valueRequired":true,"valueName":"search_term_string"}}],"inLanguage":"it-IT"},{"@type":"Person","@id":"https:\/\/www.coflaspalmas.es\/#\/schema\/person\/b9fcb3454abcc41a46ae9d9193743d7f","name":"COF Las Palmas","image":{"@type":"ImageObject","inLanguage":"it-IT","@id":"https:\/\/www.coflaspalmas.es\/#\/schema\/person\/image\/","url":"https:\/\/secure.gravatar.com\/avatar\/d504f2f7ae8ec28fd2899ecd7f4c7bd663863c3d74f5aaa3facb61347dec806d?s=96&d=mm&r=g","contentUrl":"https:\/\/secure.gravatar.com\/avatar\/d504f2f7ae8ec28fd2899ecd7f4c7bd663863c3d74f5aaa3facb61347dec806d?s=96&d=mm&r=g","caption":"COF Las Palmas"},"url":"https:\/\/www.coflaspalmas.es\/it\/author\/cof-las-palmas\/"}]}},"_links":{"self":[{"href":"https:\/\/www.coflaspalmas.es\/it\/wp-json\/wp\/v2\/posts\/26047478","targetHints":{"allow":["GET"]}}],"collection":[{"href":"https:\/\/www.coflaspalmas.es\/it\/wp-json\/wp\/v2\/posts"}],"about":[{"href":"https:\/\/www.coflaspalmas.es\/it\/wp-json\/wp\/v2\/types\/post"}],"author":[{"embeddable":true,"href":"https:\/\/www.coflaspalmas.es\/it\/wp-json\/wp\/v2\/users\/11"}],"replies":[{"embeddable":true,"href":"https:\/\/www.coflaspalmas.es\/it\/wp-json\/wp\/v2\/comments?post=26047478"}],"version-history":[{"count":2,"href":"https:\/\/www.coflaspalmas.es\/it\/wp-json\/wp\/v2\/posts\/26047478\/revisions"}],"predecessor-version":[{"id":26048271,"href":"https:\/\/www.coflaspalmas.es\/it\/wp-json\/wp\/v2\/posts\/26047478\/revisions\/26048271"}],"wp:featuredmedia":[{"embeddable":true,"href":"https:\/\/www.coflaspalmas.es\/it\/wp-json\/wp\/v2\/media\/26047479"}],"wp:attachment":[{"href":"https:\/\/www.coflaspalmas.es\/it\/wp-json\/wp\/v2\/media?parent=26047478"}],"wp:term":[{"taxonomy":"category","embeddable":true,"href":"https:\/\/www.coflaspalmas.es\/it\/wp-json\/wp\/v2\/categories?post=26047478"},{"taxonomy":"post_tag","embeddable":true,"href":"https:\/\/www.coflaspalmas.es\/it\/wp-json\/wp\/v2\/tags?post=26047478"}],"curies":[{"name":"wp","href":"https:\/\/api.w.org\/{rel}","templated":true}]}}