{"id":26048155,"date":"2026-03-11T13:26:05","date_gmt":"2026-03-11T12:26:05","guid":{"rendered":"https:\/\/www.coflaspalmas.es\/?p=26048155"},"modified":"2026-03-18T18:09:48","modified_gmt":"2026-03-18T17:09:48","slug":"la-sanidad-canaria-avanza-hacia-un-nuevo-paradigma-con-mayor-liderazgo-femenino-en-la-gestion","status":"publish","type":"post","link":"https:\/\/www.coflaspalmas.es\/it\/la-sanidad-canaria-avanza-hacia-un-nuevo-paradigma-con-mayor-liderazgo-femenino-en-la-gestion\/","title":{"rendered":"La sanit\u00e0 canaria avanza verso un nuovo paradigma con maggiore leadership femminile nella gestione"},"content":{"rendered":"<p align=\"justify\"><span style=\"font-family: Karla, monospace;\"><span style=\"font-size: small;\"><b>Las Palmas de G.C. \u2013 06\/03\/2025.<\/b><\/span> Le professioni sanitarie hanno contato per anni su una significativa maggioranza di donne tra i loro professionisti. Tuttavia, fino a poco tempo fa, gli ordini professionali e gli organi di gestione dell'Amministrazione erano occupati prevalentemente da uomini. I cambiamenti sociali e la crescente rivendicazione del ruolo della donna hanno impresso un cambio di paradigma nel settore sanitario.<\/span><\/p>\n<p align=\"justify\"><span style=\"font-family: Karla, monospace;\">Attualmente, le Canarie riflettono questa trasformazione con la presenza di un'assessora alla Sanit\u00e0 e, nella provincia di Las Palmas, con una maggioranza di presidenti a capo dei collegi professionali e dei loro rispettivi consigli di amministrazione.<\/span><\/p>\n<p align=\"justify\">\u00a0<\/p>\n<p align=\"justify\"><span style=\"font-family: Karla, monospace;\"><img loading=\"lazy\" decoding=\"async\" class=\"wp-image-26048157 alignleft\" src=\"https:\/\/www.coflaspalmas.es\/wp-content\/uploads\/2026\/03\/Mesa-Redonda-Dia-Internacional-de-la-Mujer-06032026-11-RRSS.jpg\" alt=\"\" width=\"502\" height=\"334\" \/>Il dibattito, moderato dalla giornalista Bego\u00f1a Vera, ha evidenziato come la tradizionale visione della donna come accuditrice influenzi anche il modo di affrontare la gestione sanitaria. Come \u00e8 emerso durante la tavola rotonda, l'esperienza e la prospettiva femminile apportano un modo diverso di dirigere, con maggiore attenzione ai bisogni sociali e ai valori, senza trascurare la sostenibilit\u00e0 economica.<\/span><\/p>\n<p align=\"justify\"><span style=\"font-family: Karla, monospace;\">I dati riflettono chiaramente il peso femminile nel settore: il 90 gli<strong>terapeuti occupazionali<\/strong>sono donne, cos\u00ec come l'84 % in infermieristica e il 72 % in farmacia, mentre in medicina la cifra si avvicina gi\u00e0 al 60 %. Questi dati evidenziano che la sanit\u00e0 ha oggi un chiaro volto femminile, una tendenza che probabilmente si intensificher\u00e0 in futuro se si tiene conto dell'alta presenza di donne tra gli studenti che attualmente frequentano corsi di<strong>sanitaria<\/strong>.<\/span><\/p>\n<p align=\"justify\"><span style=\"font-family: Karla, monospace;\">Durante l'incontro \u00e8 emersa anche la necessit\u00e0 di proseguire nei passi per l'incorporazione di giovani donne in posizioni di responsabilit\u00e0. In questo senso, si \u00e8 sottolineata l'importanza di creare opportunit\u00e0 e modelli di riferimento che permettano di superare i ruoli tradizionali che ancora limitano lo sviluppo professionale di molte donne, legati alla cura familiare o domestica.<\/span><\/p>\n<p align=\"justify\"><span style=\"font-family: Karla, monospace;\">Inoltre, \u00e8 stato affrontato il ruolo del linguaggio nel rendere visibile la donna in ambito sanitario. \u201cSe il volto interno della sanit\u00e0 \u00e8 femminile, perch\u00e9 il volto pubblico \u00e8 ancora maschile?\u201d, ha posto Rita Mendoza durante il dibattito.<\/span><\/p>\n<p align=\"justify\"><span style=\"font-family: Karla, monospace;\">Da parte sua, Elizabeth Hern\u00e1ndez ha sottolineato che \u201cci sono ancora molte battaglie da combattere ed \u00e8 necessario saperle scegliere\u201d, mentre Loreto G\u00f3mez ha riconosciuto che \u201c\u00e8 un problema che dovremo affrontare prima o poi\u201d, riferendosi al dibattito in corso anche nel Consiglio Generale.<\/span><\/p>\n<p align=\"justify\"><span style=\"font-family: Karla, monospace;\">Nel suo intervento iniziale, la consigliera alla Sanit\u00e0, Esther Monz\u00f3n, si \u00e8 congratulata con l'organizzazione per l'iniziativa e ha evidenziato l'importanza di riconoscere il ruolo della donna e di promuovere la sua presenza negli spazi di gestione e nei processi decisionali nel settore sanitario, sia alle Canarie che a livello nazionale.<\/span><\/p>\n<p align=\"justify\"><img loading=\"lazy\" decoding=\"async\" class=\"alignnone  wp-image-26048163\" src=\"https:\/\/www.coflaspalmas.es\/wp-content\/uploads\/2026\/03\/Mesa-Redonda-Dia-Internacional-de-la-Mujer-06032026-18-RRSS-300x200.jpg\" alt=\"\" width=\"158\" height=\"106\" \/> <img loading=\"lazy\" decoding=\"async\" class=\"alignnone  wp-image-26048162\" src=\"https:\/\/www.coflaspalmas.es\/wp-content\/uploads\/2026\/03\/Mesa-Redonda-Dia-Internacional-de-la-Mujer-06032026-17-RRSS-300x200.jpg\" alt=\"\" width=\"160\" height=\"106\" \/> <img loading=\"lazy\" decoding=\"async\" class=\"alignnone  wp-image-26048161\" src=\"https:\/\/www.coflaspalmas.es\/wp-content\/uploads\/2026\/03\/Mesa-Redonda-Dia-Internacional-de-la-Mujer-06032026-16-RRSS-300x200.jpg\" alt=\"\" width=\"161\" height=\"107\" \/> <img loading=\"lazy\" decoding=\"async\" class=\"alignnone  wp-image-26048160\" src=\"https:\/\/www.coflaspalmas.es\/wp-content\/uploads\/2026\/03\/Mesa-Redonda-Dia-Internacional-de-la-Mujer-06032026-15-RRSS-300x200.jpg\" alt=\"\" width=\"161\" height=\"108\" \/> <img loading=\"lazy\" decoding=\"async\" class=\"alignnone  wp-image-26048159\" src=\"https:\/\/www.coflaspalmas.es\/wp-content\/uploads\/2026\/03\/Mesa-Redonda-Dia-Internacional-de-la-Mujer-06032026-4-RRSS-300x200.jpg\" alt=\"\" width=\"160\" height=\"106\" \/><\/p>\n<p align=\"justify\"><img loading=\"lazy\" decoding=\"async\" class=\"alignnone size-full wp-image-26048158\" src=\"https:\/\/www.coflaspalmas.es\/wp-content\/uploads\/2026\/03\/Mesa-Redonda-Dia-Internacional-de-la-Mujer-06032026-21-RRSS.jpg\" alt=\"\" width=\"984\" height=\"654\" srcset=\"https:\/\/www.coflaspalmas.es\/wp-content\/uploads\/2026\/03\/Mesa-Redonda-Dia-Internacional-de-la-Mujer-06032026-21-RRSS.jpg 984w, https:\/\/www.coflaspalmas.es\/wp-content\/uploads\/2026\/03\/Mesa-Redonda-Dia-Internacional-de-la-Mujer-06032026-21-RRSS-980x651.jpg 980w, https:\/\/www.coflaspalmas.es\/wp-content\/uploads\/2026\/03\/Mesa-Redonda-Dia-Internacional-de-la-Mujer-06032026-21-RRSS-480x319.jpg 480w\" sizes=\"(min-width: 0px) and (max-width: 480px) 480px, (min-width: 481px) and (max-width: 980px) 980px, (min-width: 981px) 984px, 100vw\" \/><\/p>\n<p align=\"justify\">\u00a0<\/p>","protected":false},"excerpt":{"rendered":"<p>Las Palmas de G.C. \u2013 06\/03\/2025. Las profesiones sanitarias llevan a\u00f1os contando con una mayor\u00eda significativa de mujeres entre sus profesionales. Sin embargo, hasta hace relativamente poco, los colegios profesionales y los \u00f3rganos gestores de la Administraci\u00f3n estaban ocupados mayoritariamente por hombres. Los cambios sociales y la creciente reivindicaci\u00f3n del papel de la mujer han [&hellip;]<\/p>\n","protected":false},"author":694,"featured_media":26048156,"comment_status":"closed","ping_status":"closed","sticky":false,"template":"","format":"standard","meta":{"_et_pb_use_builder":"off","_et_pb_old_content":"","_et_gb_content_width":"","footnotes":""},"categories":[369,11],"tags":[630,629],"class_list":["post-26048155","post","type-post","status-publish","format-standard","has-post-thumbnail","hentry","category-boletin-2026","category-noticias","tag-dia-de-la-mujer","tag-mesa-redonda"],"yoast_head":"<!-- This site is optimized with the Yoast SEO plugin v24.7 - https:\/\/yoast.com\/wordpress\/plugins\/seo\/ -->\n<title>La sanidad canaria avanza hacia un nuevo paradigma con mayor liderazgo femenino en la gesti\u00f3n - COFLP<\/title>\n<meta name=\"robots\" content=\"index, follow, max-snippet:-1, max-image-preview:large, max-video-preview:-1\" \/>\n<link rel=\"canonical\" href=\"https:\/\/www.coflaspalmas.es\/it\/la-sanidad-canaria-avanza-hacia-un-nuevo-paradigma-con-mayor-liderazgo-femenino-en-la-gestion\/\" \/>\n<meta property=\"og:locale\" content=\"it_IT\" \/>\n<meta property=\"og:type\" content=\"article\" \/>\n<meta property=\"og:title\" content=\"La sanidad canaria avanza hacia un nuevo paradigma con mayor liderazgo femenino en la gesti\u00f3n - COFLP\" \/>\n<meta property=\"og:description\" content=\"Las Palmas de G.C. \u2013 06\/03\/2025. Las profesiones sanitarias llevan a\u00f1os contando con una mayor\u00eda significativa de mujeres entre sus profesionales. Sin embargo, hasta hace relativamente poco, los colegios profesionales y los \u00f3rganos gestores de la Administraci\u00f3n estaban ocupados mayoritariamente por hombres. Los cambios sociales y la creciente reivindicaci\u00f3n del papel de la mujer han [&hellip;]\" \/>\n<meta property=\"og:url\" content=\"https:\/\/www.coflaspalmas.es\/it\/la-sanidad-canaria-avanza-hacia-un-nuevo-paradigma-con-mayor-liderazgo-femenino-en-la-gestion\/\" \/>\n<meta property=\"og:site_name\" content=\"COFLP\" \/>\n<meta property=\"article:published_time\" content=\"2026-03-11T12:26:05+00:00\" \/>\n<meta property=\"article:modified_time\" content=\"2026-03-18T17:09:48+00:00\" \/>\n<meta property=\"og:image\" content=\"https:\/\/www.coflaspalmas.es\/wp-content\/uploads\/2026\/03\/Mesa-Redonda-Dia-Internacional-de-la-Mujer-06032026-5-RRSS.jpg?wsr\" \/>\n\t<meta property=\"og:image:width\" content=\"984\" \/>\n\t<meta property=\"og:image:height\" content=\"654\" \/>\n\t<meta property=\"og:image:type\" content=\"image\/jpeg\" \/>\n<meta name=\"author\" content=\"Yiyo\" \/>\n<meta name=\"twitter:card\" content=\"summary_large_image\" \/>\n<meta name=\"twitter:label1\" content=\"Scritto da\" \/>\n\t<meta name=\"twitter:data1\" content=\"Yiyo\" \/>\n\t<meta name=\"twitter:label2\" content=\"Tempo di lettura stimato\" \/>\n\t<meta name=\"twitter:data2\" content=\"4 minuti\" \/>\n<script type=\"application\/ld+json\" class=\"yoast-schema-graph\">{\"@context\":\"https:\/\/schema.org\",\"@graph\":[{\"@type\":\"WebPage\",\"@id\":\"https:\/\/www.coflaspalmas.es\/la-sanidad-canaria-avanza-hacia-un-nuevo-paradigma-con-mayor-liderazgo-femenino-en-la-gestion\/\",\"url\":\"https:\/\/www.coflaspalmas.es\/la-sanidad-canaria-avanza-hacia-un-nuevo-paradigma-con-mayor-liderazgo-femenino-en-la-gestion\/\",\"name\":\"La sanidad canaria avanza hacia un nuevo paradigma con mayor liderazgo femenino en la gesti\u00f3n - COFLP\",\"isPartOf\":{\"@id\":\"https:\/\/www.coflaspalmas.es\/#website\"},\"primaryImageOfPage\":{\"@id\":\"https:\/\/www.coflaspalmas.es\/la-sanidad-canaria-avanza-hacia-un-nuevo-paradigma-con-mayor-liderazgo-femenino-en-la-gestion\/#primaryimage\"},\"image\":{\"@id\":\"https:\/\/www.coflaspalmas.es\/la-sanidad-canaria-avanza-hacia-un-nuevo-paradigma-con-mayor-liderazgo-femenino-en-la-gestion\/#primaryimage\"},\"thumbnailUrl\":\"https:\/\/www.coflaspalmas.es\/wp-content\/uploads\/2026\/03\/Mesa-Redonda-Dia-Internacional-de-la-Mujer-06032026-5-RRSS.jpg?wsr\",\"datePublished\":\"2026-03-11T12:26:05+00:00\",\"dateModified\":\"2026-03-18T17:09:48+00:00\",\"author\":{\"@id\":\"https:\/\/www.coflaspalmas.es\/#\/schema\/person\/406f00d3e51fc959b0d9bbfbcf8b502a\"},\"breadcrumb\":{\"@id\":\"https:\/\/www.coflaspalmas.es\/la-sanidad-canaria-avanza-hacia-un-nuevo-paradigma-con-mayor-liderazgo-femenino-en-la-gestion\/#breadcrumb\"},\"inLanguage\":\"it-IT\",\"potentialAction\":[{\"@type\":\"ReadAction\",\"target\":[\"https:\/\/www.coflaspalmas.es\/la-sanidad-canaria-avanza-hacia-un-nuevo-paradigma-con-mayor-liderazgo-femenino-en-la-gestion\/\"]}]},{\"@type\":\"ImageObject\",\"inLanguage\":\"it-IT\",\"@id\":\"https:\/\/www.coflaspalmas.es\/la-sanidad-canaria-avanza-hacia-un-nuevo-paradigma-con-mayor-liderazgo-femenino-en-la-gestion\/#primaryimage\",\"url\":\"https:\/\/www.coflaspalmas.es\/wp-content\/uploads\/2026\/03\/Mesa-Redonda-Dia-Internacional-de-la-Mujer-06032026-5-RRSS.jpg?wsr\",\"contentUrl\":\"https:\/\/www.coflaspalmas.es\/wp-content\/uploads\/2026\/03\/Mesa-Redonda-Dia-Internacional-de-la-Mujer-06032026-5-RRSS.jpg?wsr\",\"width\":984,\"height\":654},{\"@type\":\"BreadcrumbList\",\"@id\":\"https:\/\/www.coflaspalmas.es\/la-sanidad-canaria-avanza-hacia-un-nuevo-paradigma-con-mayor-liderazgo-femenino-en-la-gestion\/#breadcrumb\",\"itemListElement\":[{\"@type\":\"ListItem\",\"position\":1,\"name\":\"Portada\",\"item\":\"https:\/\/www.coflaspalmas.es\/\"},{\"@type\":\"ListItem\",\"position\":2,\"name\":\"La sanidad canaria avanza hacia un nuevo paradigma con mayor liderazgo femenino en la gesti\u00f3n\"}]},{\"@type\":\"WebSite\",\"@id\":\"https:\/\/www.coflaspalmas.es\/#website\",\"url\":\"https:\/\/www.coflaspalmas.es\/\",\"name\":\"COF Las Palmas\",\"description\":\"Colegio de Farmac\u00e9uticos Las Palmas.\",\"potentialAction\":[{\"@type\":\"SearchAction\",\"target\":{\"@type\":\"EntryPoint\",\"urlTemplate\":\"https:\/\/www.coflaspalmas.es\/?s={search_term_string}\"},\"query-input\":{\"@type\":\"PropertyValueSpecification\",\"valueRequired\":true,\"valueName\":\"search_term_string\"}}],\"inLanguage\":\"it-IT\"},{\"@type\":\"Person\",\"@id\":\"https:\/\/www.coflaspalmas.es\/#\/schema\/person\/406f00d3e51fc959b0d9bbfbcf8b502a\",\"name\":\"Yiyo\",\"image\":{\"@type\":\"ImageObject\",\"inLanguage\":\"it-IT\",\"@id\":\"https:\/\/www.coflaspalmas.es\/#\/schema\/person\/image\/\",\"url\":\"https:\/\/secure.gravatar.com\/avatar\/a2cf0e08880f7bad13657b9b621d7d6e61e5ba091b0375533bf9fd2a33300e6b?s=96&d=mm&r=g\",\"contentUrl\":\"https:\/\/secure.gravatar.com\/avatar\/a2cf0e08880f7bad13657b9b621d7d6e61e5ba091b0375533bf9fd2a33300e6b?s=96&d=mm&r=g\",\"caption\":\"Yiyo\"},\"url\":\"https:\/\/www.coflaspalmas.es\/it\/author\/yiyo\/\"}]}<\/script>\n<!-- \/ Yoast SEO plugin. -->","yoast_head_json":{"title":"La sanidad canaria avanza hacia un nuevo paradigma con mayor liderazgo femenino en la gesti\u00f3n - COFLP","robots":{"index":"index","follow":"follow","max-snippet":"max-snippet:-1","max-image-preview":"max-image-preview:large","max-video-preview":"max-video-preview:-1"},"canonical":"https:\/\/www.coflaspalmas.es\/it\/la-sanidad-canaria-avanza-hacia-un-nuevo-paradigma-con-mayor-liderazgo-femenino-en-la-gestion\/","og_locale":"it_IT","og_type":"article","og_title":"La sanidad canaria avanza hacia un nuevo paradigma con mayor liderazgo femenino en la gesti\u00f3n - COFLP","og_description":"Las Palmas de G.C. \u2013 06\/03\/2025. Las profesiones sanitarias llevan a\u00f1os contando con una mayor\u00eda significativa de mujeres entre sus profesionales. Sin embargo, hasta hace relativamente poco, los colegios profesionales y los \u00f3rganos gestores de la Administraci\u00f3n estaban ocupados mayoritariamente por hombres. Los cambios sociales y la creciente reivindicaci\u00f3n del papel de la mujer han [&hellip;]","og_url":"https:\/\/www.coflaspalmas.es\/it\/la-sanidad-canaria-avanza-hacia-un-nuevo-paradigma-con-mayor-liderazgo-femenino-en-la-gestion\/","og_site_name":"COFLP","article_published_time":"2026-03-11T12:26:05+00:00","article_modified_time":"2026-03-18T17:09:48+00:00","og_image":[{"width":984,"height":654,"url":"https:\/\/www.coflaspalmas.es\/wp-content\/uploads\/2026\/03\/Mesa-Redonda-Dia-Internacional-de-la-Mujer-06032026-5-RRSS.jpg?wsr","type":"image\/jpeg"}],"author":"Yiyo","twitter_card":"summary_large_image","twitter_misc":{"Scritto da":"Yiyo","Tempo di lettura stimato":"4 minuti"},"schema":{"@context":"https:\/\/schema.org","@graph":[{"@type":"WebPage","@id":"https:\/\/www.coflaspalmas.es\/la-sanidad-canaria-avanza-hacia-un-nuevo-paradigma-con-mayor-liderazgo-femenino-en-la-gestion\/","url":"https:\/\/www.coflaspalmas.es\/la-sanidad-canaria-avanza-hacia-un-nuevo-paradigma-con-mayor-liderazgo-femenino-en-la-gestion\/","name":"La sanidad canaria avanza hacia un nuevo paradigma con mayor liderazgo femenino en la gesti\u00f3n - COFLP","isPartOf":{"@id":"https:\/\/www.coflaspalmas.es\/#website"},"primaryImageOfPage":{"@id":"https:\/\/www.coflaspalmas.es\/la-sanidad-canaria-avanza-hacia-un-nuevo-paradigma-con-mayor-liderazgo-femenino-en-la-gestion\/#primaryimage"},"image":{"@id":"https:\/\/www.coflaspalmas.es\/la-sanidad-canaria-avanza-hacia-un-nuevo-paradigma-con-mayor-liderazgo-femenino-en-la-gestion\/#primaryimage"},"thumbnailUrl":"https:\/\/www.coflaspalmas.es\/wp-content\/uploads\/2026\/03\/Mesa-Redonda-Dia-Internacional-de-la-Mujer-06032026-5-RRSS.jpg?wsr","datePublished":"2026-03-11T12:26:05+00:00","dateModified":"2026-03-18T17:09:48+00:00","author":{"@id":"https:\/\/www.coflaspalmas.es\/#\/schema\/person\/406f00d3e51fc959b0d9bbfbcf8b502a"},"breadcrumb":{"@id":"https:\/\/www.coflaspalmas.es\/la-sanidad-canaria-avanza-hacia-un-nuevo-paradigma-con-mayor-liderazgo-femenino-en-la-gestion\/#breadcrumb"},"inLanguage":"it-IT","potentialAction":[{"@type":"ReadAction","target":["https:\/\/www.coflaspalmas.es\/la-sanidad-canaria-avanza-hacia-un-nuevo-paradigma-con-mayor-liderazgo-femenino-en-la-gestion\/"]}]},{"@type":"ImageObject","inLanguage":"it-IT","@id":"https:\/\/www.coflaspalmas.es\/la-sanidad-canaria-avanza-hacia-un-nuevo-paradigma-con-mayor-liderazgo-femenino-en-la-gestion\/#primaryimage","url":"https:\/\/www.coflaspalmas.es\/wp-content\/uploads\/2026\/03\/Mesa-Redonda-Dia-Internacional-de-la-Mujer-06032026-5-RRSS.jpg?wsr","contentUrl":"https:\/\/www.coflaspalmas.es\/wp-content\/uploads\/2026\/03\/Mesa-Redonda-Dia-Internacional-de-la-Mujer-06032026-5-RRSS.jpg?wsr","width":984,"height":654},{"@type":"BreadcrumbList","@id":"https:\/\/www.coflaspalmas.es\/la-sanidad-canaria-avanza-hacia-un-nuevo-paradigma-con-mayor-liderazgo-femenino-en-la-gestion\/#breadcrumb","itemListElement":[{"@type":"ListItem","position":1,"name":"Portada","item":"https:\/\/www.coflaspalmas.es\/"},{"@type":"ListItem","position":2,"name":"La sanidad canaria avanza hacia un nuevo paradigma con mayor liderazgo femenino en la gesti\u00f3n"}]},{"@type":"WebSite","@id":"https:\/\/www.coflaspalmas.es\/#website","url":"https:\/\/www.coflaspalmas.es\/","name":"COF Las Palmas","description":"Colegio de Farmac\u00e9uticos Las Palmas.","potentialAction":[{"@type":"SearchAction","target":{"@type":"EntryPoint","urlTemplate":"https:\/\/www.coflaspalmas.es\/?s={search_term_string}"},"query-input":{"@type":"PropertyValueSpecification","valueRequired":true,"valueName":"search_term_string"}}],"inLanguage":"it-IT"},{"@type":"Person","@id":"https:\/\/www.coflaspalmas.es\/#\/schema\/person\/406f00d3e51fc959b0d9bbfbcf8b502a","name":"Yiyo","image":{"@type":"ImageObject","inLanguage":"it-IT","@id":"https:\/\/www.coflaspalmas.es\/#\/schema\/person\/image\/","url":"https:\/\/secure.gravatar.com\/avatar\/a2cf0e08880f7bad13657b9b621d7d6e61e5ba091b0375533bf9fd2a33300e6b?s=96&d=mm&r=g","contentUrl":"https:\/\/secure.gravatar.com\/avatar\/a2cf0e08880f7bad13657b9b621d7d6e61e5ba091b0375533bf9fd2a33300e6b?s=96&d=mm&r=g","caption":"Yiyo"},"url":"https:\/\/www.coflaspalmas.es\/it\/author\/yiyo\/"}]}},"_links":{"self":[{"href":"https:\/\/www.coflaspalmas.es\/it\/wp-json\/wp\/v2\/posts\/26048155","targetHints":{"allow":["GET"]}}],"collection":[{"href":"https:\/\/www.coflaspalmas.es\/it\/wp-json\/wp\/v2\/posts"}],"about":[{"href":"https:\/\/www.coflaspalmas.es\/it\/wp-json\/wp\/v2\/types\/post"}],"author":[{"embeddable":true,"href":"https:\/\/www.coflaspalmas.es\/it\/wp-json\/wp\/v2\/users\/694"}],"replies":[{"embeddable":true,"href":"https:\/\/www.coflaspalmas.es\/it\/wp-json\/wp\/v2\/comments?post=26048155"}],"version-history":[{"count":2,"href":"https:\/\/www.coflaspalmas.es\/it\/wp-json\/wp\/v2\/posts\/26048155\/revisions"}],"predecessor-version":[{"id":26053004,"href":"https:\/\/www.coflaspalmas.es\/it\/wp-json\/wp\/v2\/posts\/26048155\/revisions\/26053004"}],"wp:featuredmedia":[{"embeddable":true,"href":"https:\/\/www.coflaspalmas.es\/it\/wp-json\/wp\/v2\/media\/26048156"}],"wp:attachment":[{"href":"https:\/\/www.coflaspalmas.es\/it\/wp-json\/wp\/v2\/media?parent=26048155"}],"wp:term":[{"taxonomy":"category","embeddable":true,"href":"https:\/\/www.coflaspalmas.es\/it\/wp-json\/wp\/v2\/categories?post=26048155"},{"taxonomy":"post_tag","embeddable":true,"href":"https:\/\/www.coflaspalmas.es\/it\/wp-json\/wp\/v2\/tags?post=26048155"}],"curies":[{"name":"wp","href":"https:\/\/api.w.org\/{rel}","templated":true}]}}