{"id":26053006,"date":"2026-03-18T18:41:56","date_gmt":"2026-03-18T17:41:56","guid":{"rendered":"https:\/\/www.coflaspalmas.es\/?p=26053006"},"modified":"2026-03-18T18:42:02","modified_gmt":"2026-03-18T17:42:02","slug":"casos-clinicos-abordados-desde-la-oficina-de-farmacia-sirven-para-formar-a-los-profesionales-farmaceuticos","status":"publish","type":"post","link":"https:\/\/www.coflaspalmas.es\/it\/casos-clinicos-abordados-desde-la-oficina-de-farmacia-sirven-para-formar-a-los-profesionales-farmaceuticos\/","title":{"rendered":"I casi clinici trattati dall'ufficio farmaceutico servono a formare i professionisti farmaceutici"},"content":{"rendered":"<div class=\"wp-block-group is-layout-constrained wp-block-group-is-layout-constrained\">\n<div class=\"wp-block-columns\">\u00a0<\/div>\n<p>\u00a0<\/p>\n\n\n\n<div class=\"wp-block-group is-content-justification-center is-nowrap is-layout-flex wp-container-core-group-is-layout-94bc23d7 wp-block-group-is-layout-flex\">\n<p class=\"has-black-color has-text-color has-link-color has-small-font-size wp-elements-ffb0a44b36209d3a0abee5810d5a1a82\"><strong>Las Palmas de G.C. \u2013 17\/03\/2026.<\/strong> Tre professioniste farmaceutiche affrontano tre casi clinici e sottolineano l'importanza della formazione continua Il Collegio Ufficiale dei Farmacisti di Las Palmas e SEFAC hanno offerto ai professionisti sanitari una giornata di lavoro dedicata all'analisi di casi clinici reali, durante la quale tre farmaciste hanno condiviso esperienze pratiche incentrate sul miglioramento dell'assistenza ai pazienti.<br>La sessione \u00e8 stata aperta da M\u00f3nica Hathiramani, che ha presentato un caso di deprescrizione di benzodiazepine. Nella sua presentazione, ha dettagliato il processo attraverso il quale \u00e8 stato possibile interrompere un trattamento con diazepam in un paziente, sottolineando l'importanza del monitoraggio individualizzato e dell'intervento farmaceutico.<br>Elena Angulo, da parte sua, ha affrontato il trattamento del dolore cronico. Durante il suo intervento, ha spiegato come si \u00e8 riusciti a modificare la terapia di una paziente di 40 anni, sostituendo l'ossicodone con un'alternativa pi\u00f9 appropriata, con l'obiettivo di migliorarne la qualit\u00e0 della vita e ridurre i rischi associati.<br>Infine, Silvia Afonso ha concentrato la sua esposizione sulla gestione dell'ipertensione arteriosa. In questo caso, ha presentato l'adattamento del trattamento farmacologico in una paziente con scarso controllo della malattia, riuscendo a ottimizzare la sua terapia per ottenere migliori risultati clinici.<br>La jornada puso de manifiesto el valor de la formaci\u00f3n especializada y continua que ofrece SEFAC, permitiendo a los profesionales farmac\u00e9uticos desarrollar servicios asistenciales de mayor calidad y contribuir de forma activa al cuidado de los pacientes desde la farmacia comunitaria.<br>La sessione ha avuto sia un carattere in presenza che virtuale.<\/p>\n<\/div>\n<\/div>\n\n\n\n<figure class=\"wp-block-image is-resized\"><img loading=\"lazy\" decoding=\"async\" width=\"1276\" height=\"957\" class=\"wp-image-26053023\" style=\"width: 264px; height: auto;\" src=\"https:\/\/www.coflaspalmas.es\/wp-content\/uploads\/2026\/03\/Formacion-SEFAC-Casos-clinicos-17032025-3-RRSS.jpg\" alt=\"\" srcset=\"https:\/\/www.coflaspalmas.es\/wp-content\/uploads\/2026\/03\/Formacion-SEFAC-Casos-clinicos-17032025-3-RRSS.jpg 1276w, https:\/\/www.coflaspalmas.es\/wp-content\/uploads\/2026\/03\/Formacion-SEFAC-Casos-clinicos-17032025-3-RRSS-980x735.jpg 980w, https:\/\/www.coflaspalmas.es\/wp-content\/uploads\/2026\/03\/Formacion-SEFAC-Casos-clinicos-17032025-3-RRSS-480x360.jpg 480w\" sizes=\"(min-width: 0px) and (max-width: 480px) 480px, (min-width: 481px) and (max-width: 980px) 980px, (min-width: 981px) 1276px, 100vw\" \/> \u00a0<img loading=\"lazy\" decoding=\"async\" class=\"alignnone  wp-image-26053028\" src=\"https:\/\/www.coflaspalmas.es\/wp-content\/uploads\/2026\/03\/Formacion-SEFAC-Casos-clinicos-17032025-8-RRSS.jpg\" alt=\"\" width=\"264\" height=\"198\" \/> \u00a0 <img loading=\"lazy\" decoding=\"async\" class=\"alignnone  wp-image-26053029\" src=\"https:\/\/www.coflaspalmas.es\/wp-content\/uploads\/2026\/03\/Formacion-SEFAC-Casos-clinicos-17032025-17-RRSS.jpg\" alt=\"\" width=\"267\" height=\"200\" \/><\/figure>","protected":false},"excerpt":{"rendered":"<p>\u00a0 \u00a0 Las Palmas de G.C. &#8211; 17\/03\/2026. Tres profesionales farmac\u00e9uticas abordan tres casos cl\u00ednicos y destacan la importancia de la formaci\u00f3n continua El Colegio Oficial de Farmac\u00e9uticos de Las Palmas y SEFAC ofrecieron a los profesionales sanitarios una jornada de trabajo dedicada al abordaje de casos cl\u00ednicos reales, donde tres farmac\u00e9uticas compartieron experiencias pr\u00e1cticas [&hellip;]<\/p>\n","protected":false},"author":694,"featured_media":26053022,"comment_status":"closed","ping_status":"closed","sticky":false,"template":"","format":"standard","meta":{"_et_pb_use_builder":"off","_et_pb_old_content":"<!-- wp:group {\"align\":\"wide\",\"layout\":{\"type\":\"flex\",\"flexWrap\":\"nowrap\",\"justifyContent\":\"right\"}} -->\n<div class=\"wp-block-group alignwide\"><!-- wp:paragraph {\"style\":{\"elements\":{\"link\":{\"color\":{\"text\":\"var:preset|color|black\"}}}},\"textColor\":\"black\",\"fontSize\":\"small\"} -->\n<p class=\"has-black-color has-text-color has-link-color has-small-font-size\"><strong>Las Palmas de G.C. - 17\/03\/2026.<\/strong> Tres profesionales farmac\u00e9uticas abordan tres casos cl\u00ednicos y destacan la importancia de la formaci\u00f3n continua El Colegio Oficial de Farmac\u00e9uticos de Las Palmas y SEFAC ofrecieron a los profesionales sanitarios una jornada de trabajo dedicada al abordaje de casos cl\u00ednicos reales, donde tres farmac\u00e9uticas compartieron experiencias pr\u00e1cticas centradas en la mejora de la atenci\u00f3n a pacientes.<br>La sesi\u00f3n la abri\u00f3 M\u00f3nica Hathiramani, quien expuso un caso de deprescripci\u00f3n de benzodiacepinas. En su presentaci\u00f3n, detall\u00f3 el proceso mediante el cual se logr\u00f3 retirar un tratamiento con diazepam a un paciente, destacando la importancia del seguimiento individualizado y la intervenci\u00f3n farmac\u00e9utica.<br>Elena Angulo, por su parte, abord\u00f3 el tratamiento del dolor cr\u00f3nico. Durante su intervenci\u00f3n, explic\u00f3 c\u00f3mo se consigui\u00f3 modificar la terapia de una paciente de 40 a\u00f1os, sustituyendo la oxicodona por una alternativa m\u00e1s adecuada, con el objetivo de mejorar su calidad de vida y reducir riesgos asociados.<br>Por \u00faltimo, Silvia Afonso centr\u00f3 su exposici\u00f3n en el manejo de la hipertensi\u00f3n arterial. En este caso, present\u00f3 la adaptaci\u00f3n del tratamiento farmacol\u00f3gico en una paciente con mal control de la enfermedad, logrando optimizar su medicaci\u00f3n para alcanzar mejores resultados cl\u00ednicos.<br>La jornada puso de manifiesto el valor de la formaci\u00f3n especializada y continua que ofrece SEFAC, permitiendo a los profesionales farmac\u00e9uticos desarrollar servicios asistenciales de mayor calidad y contribuir de forma activa al cuidado de los pacientes desde la farmacia comunitaria.<br>La sesi\u00f3n tuvo tanto car\u00e1cter presencial como virtual.<\/p>\n<!-- \/wp:paragraph --><\/div>\n<!-- \/wp:group -->","_et_gb_content_width":"","footnotes":""},"categories":[369,11],"tags":[],"class_list":["post-26053006","post","type-post","status-publish","format-standard","has-post-thumbnail","hentry","category-boletin-2026","category-noticias"],"yoast_head":"<!-- This site is optimized with the Yoast SEO plugin v24.7 - https:\/\/yoast.com\/wordpress\/plugins\/seo\/ -->\n<title>Casos cl\u00ednicos abordados desde la oficina de farmacia sirven para formar a los profesionales farmac\u00e9uticos - COFLP<\/title>\n<meta name=\"robots\" content=\"index, follow, max-snippet:-1, max-image-preview:large, max-video-preview:-1\" \/>\n<link rel=\"canonical\" href=\"https:\/\/www.coflaspalmas.es\/it\/casos-clinicos-abordados-desde-la-oficina-de-farmacia-sirven-para-formar-a-los-profesionales-farmaceuticos\/\" \/>\n<meta property=\"og:locale\" content=\"it_IT\" \/>\n<meta property=\"og:type\" content=\"article\" \/>\n<meta property=\"og:title\" content=\"Casos cl\u00ednicos abordados desde la oficina de farmacia sirven para formar a los profesionales farmac\u00e9uticos - COFLP\" \/>\n<meta property=\"og:description\" content=\"\u00a0 \u00a0 Las Palmas de G.C. &#8211; 17\/03\/2026. Tres profesionales farmac\u00e9uticas abordan tres casos cl\u00ednicos y destacan la importancia de la formaci\u00f3n continua El Colegio Oficial de Farmac\u00e9uticos de Las Palmas y SEFAC ofrecieron a los profesionales sanitarios una jornada de trabajo dedicada al abordaje de casos cl\u00ednicos reales, donde tres farmac\u00e9uticas compartieron experiencias pr\u00e1cticas [&hellip;]\" \/>\n<meta property=\"og:url\" content=\"https:\/\/www.coflaspalmas.es\/it\/casos-clinicos-abordados-desde-la-oficina-de-farmacia-sirven-para-formar-a-los-profesionales-farmaceuticos\/\" \/>\n<meta property=\"og:site_name\" content=\"COFLP\" \/>\n<meta property=\"article:published_time\" content=\"2026-03-18T17:41:56+00:00\" \/>\n<meta property=\"article:modified_time\" content=\"2026-03-18T17:42:02+00:00\" \/>\n<meta property=\"og:image\" content=\"https:\/\/www.coflaspalmas.es\/wp-content\/uploads\/2026\/03\/Formacion-SEFAC-Casos-clinicos-17032025-14-RRSS.jpg?wsr\" \/>\n\t<meta property=\"og:image:width\" content=\"1276\" \/>\n\t<meta property=\"og:image:height\" content=\"957\" \/>\n\t<meta property=\"og:image:type\" content=\"image\/jpeg\" \/>\n<meta name=\"author\" content=\"Yiyo\" \/>\n<meta name=\"twitter:card\" content=\"summary_large_image\" \/>\n<meta name=\"twitter:label1\" content=\"Scritto da\" \/>\n\t<meta name=\"twitter:data1\" content=\"Yiyo\" \/>\n\t<meta name=\"twitter:label2\" content=\"Tempo di lettura stimato\" \/>\n\t<meta name=\"twitter:data2\" content=\"2 minuti\" \/>\n<script type=\"application\/ld+json\" class=\"yoast-schema-graph\">{\"@context\":\"https:\/\/schema.org\",\"@graph\":[{\"@type\":\"WebPage\",\"@id\":\"https:\/\/www.coflaspalmas.es\/casos-clinicos-abordados-desde-la-oficina-de-farmacia-sirven-para-formar-a-los-profesionales-farmaceuticos\/\",\"url\":\"https:\/\/www.coflaspalmas.es\/casos-clinicos-abordados-desde-la-oficina-de-farmacia-sirven-para-formar-a-los-profesionales-farmaceuticos\/\",\"name\":\"Casos cl\u00ednicos abordados desde la oficina de farmacia sirven para formar a los profesionales farmac\u00e9uticos - COFLP\",\"isPartOf\":{\"@id\":\"https:\/\/www.coflaspalmas.es\/#website\"},\"primaryImageOfPage\":{\"@id\":\"https:\/\/www.coflaspalmas.es\/casos-clinicos-abordados-desde-la-oficina-de-farmacia-sirven-para-formar-a-los-profesionales-farmaceuticos\/#primaryimage\"},\"image\":{\"@id\":\"https:\/\/www.coflaspalmas.es\/casos-clinicos-abordados-desde-la-oficina-de-farmacia-sirven-para-formar-a-los-profesionales-farmaceuticos\/#primaryimage\"},\"thumbnailUrl\":\"https:\/\/www.coflaspalmas.es\/wp-content\/uploads\/2026\/03\/Formacion-SEFAC-Casos-clinicos-17032025-14-RRSS.jpg?wsr\",\"datePublished\":\"2026-03-18T17:41:56+00:00\",\"dateModified\":\"2026-03-18T17:42:02+00:00\",\"author\":{\"@id\":\"https:\/\/www.coflaspalmas.es\/#\/schema\/person\/406f00d3e51fc959b0d9bbfbcf8b502a\"},\"breadcrumb\":{\"@id\":\"https:\/\/www.coflaspalmas.es\/casos-clinicos-abordados-desde-la-oficina-de-farmacia-sirven-para-formar-a-los-profesionales-farmaceuticos\/#breadcrumb\"},\"inLanguage\":\"it-IT\",\"potentialAction\":[{\"@type\":\"ReadAction\",\"target\":[\"https:\/\/www.coflaspalmas.es\/casos-clinicos-abordados-desde-la-oficina-de-farmacia-sirven-para-formar-a-los-profesionales-farmaceuticos\/\"]}]},{\"@type\":\"ImageObject\",\"inLanguage\":\"it-IT\",\"@id\":\"https:\/\/www.coflaspalmas.es\/casos-clinicos-abordados-desde-la-oficina-de-farmacia-sirven-para-formar-a-los-profesionales-farmaceuticos\/#primaryimage\",\"url\":\"https:\/\/www.coflaspalmas.es\/wp-content\/uploads\/2026\/03\/Formacion-SEFAC-Casos-clinicos-17032025-14-RRSS.jpg?wsr\",\"contentUrl\":\"https:\/\/www.coflaspalmas.es\/wp-content\/uploads\/2026\/03\/Formacion-SEFAC-Casos-clinicos-17032025-14-RRSS.jpg?wsr\",\"width\":1276,\"height\":957},{\"@type\":\"BreadcrumbList\",\"@id\":\"https:\/\/www.coflaspalmas.es\/casos-clinicos-abordados-desde-la-oficina-de-farmacia-sirven-para-formar-a-los-profesionales-farmaceuticos\/#breadcrumb\",\"itemListElement\":[{\"@type\":\"ListItem\",\"position\":1,\"name\":\"Portada\",\"item\":\"https:\/\/www.coflaspalmas.es\/\"},{\"@type\":\"ListItem\",\"position\":2,\"name\":\"Casos cl\u00ednicos abordados desde la oficina de farmacia sirven para formar a los profesionales farmac\u00e9uticos\"}]},{\"@type\":\"WebSite\",\"@id\":\"https:\/\/www.coflaspalmas.es\/#website\",\"url\":\"https:\/\/www.coflaspalmas.es\/\",\"name\":\"COF Las Palmas\",\"description\":\"Colegio de Farmac\u00e9uticos Las Palmas.\",\"potentialAction\":[{\"@type\":\"SearchAction\",\"target\":{\"@type\":\"EntryPoint\",\"urlTemplate\":\"https:\/\/www.coflaspalmas.es\/?s={search_term_string}\"},\"query-input\":{\"@type\":\"PropertyValueSpecification\",\"valueRequired\":true,\"valueName\":\"search_term_string\"}}],\"inLanguage\":\"it-IT\"},{\"@type\":\"Person\",\"@id\":\"https:\/\/www.coflaspalmas.es\/#\/schema\/person\/406f00d3e51fc959b0d9bbfbcf8b502a\",\"name\":\"Yiyo\",\"image\":{\"@type\":\"ImageObject\",\"inLanguage\":\"it-IT\",\"@id\":\"https:\/\/www.coflaspalmas.es\/#\/schema\/person\/image\/\",\"url\":\"https:\/\/secure.gravatar.com\/avatar\/a2cf0e08880f7bad13657b9b621d7d6e61e5ba091b0375533bf9fd2a33300e6b?s=96&d=mm&r=g\",\"contentUrl\":\"https:\/\/secure.gravatar.com\/avatar\/a2cf0e08880f7bad13657b9b621d7d6e61e5ba091b0375533bf9fd2a33300e6b?s=96&d=mm&r=g\",\"caption\":\"Yiyo\"},\"url\":\"https:\/\/www.coflaspalmas.es\/it\/author\/yiyo\/\"}]}<\/script>\n<!-- \/ Yoast SEO plugin. -->","yoast_head_json":{"title":"Casos cl\u00ednicos abordados desde la oficina de farmacia sirven para formar a los profesionales farmac\u00e9uticos - COFLP","robots":{"index":"index","follow":"follow","max-snippet":"max-snippet:-1","max-image-preview":"max-image-preview:large","max-video-preview":"max-video-preview:-1"},"canonical":"https:\/\/www.coflaspalmas.es\/it\/casos-clinicos-abordados-desde-la-oficina-de-farmacia-sirven-para-formar-a-los-profesionales-farmaceuticos\/","og_locale":"it_IT","og_type":"article","og_title":"Casos cl\u00ednicos abordados desde la oficina de farmacia sirven para formar a los profesionales farmac\u00e9uticos - COFLP","og_description":"\u00a0 \u00a0 Las Palmas de G.C. &#8211; 17\/03\/2026. Tres profesionales farmac\u00e9uticas abordan tres casos cl\u00ednicos y destacan la importancia de la formaci\u00f3n continua El Colegio Oficial de Farmac\u00e9uticos de Las Palmas y SEFAC ofrecieron a los profesionales sanitarios una jornada de trabajo dedicada al abordaje de casos cl\u00ednicos reales, donde tres farmac\u00e9uticas compartieron experiencias pr\u00e1cticas [&hellip;]","og_url":"https:\/\/www.coflaspalmas.es\/it\/casos-clinicos-abordados-desde-la-oficina-de-farmacia-sirven-para-formar-a-los-profesionales-farmaceuticos\/","og_site_name":"COFLP","article_published_time":"2026-03-18T17:41:56+00:00","article_modified_time":"2026-03-18T17:42:02+00:00","og_image":[{"width":1276,"height":957,"url":"https:\/\/www.coflaspalmas.es\/wp-content\/uploads\/2026\/03\/Formacion-SEFAC-Casos-clinicos-17032025-14-RRSS.jpg?wsr","type":"image\/jpeg"}],"author":"Yiyo","twitter_card":"summary_large_image","twitter_misc":{"Scritto da":"Yiyo","Tempo di lettura stimato":"2 minuti"},"schema":{"@context":"https:\/\/schema.org","@graph":[{"@type":"WebPage","@id":"https:\/\/www.coflaspalmas.es\/casos-clinicos-abordados-desde-la-oficina-de-farmacia-sirven-para-formar-a-los-profesionales-farmaceuticos\/","url":"https:\/\/www.coflaspalmas.es\/casos-clinicos-abordados-desde-la-oficina-de-farmacia-sirven-para-formar-a-los-profesionales-farmaceuticos\/","name":"Casos cl\u00ednicos abordados desde la oficina de farmacia sirven para formar a los profesionales farmac\u00e9uticos - COFLP","isPartOf":{"@id":"https:\/\/www.coflaspalmas.es\/#website"},"primaryImageOfPage":{"@id":"https:\/\/www.coflaspalmas.es\/casos-clinicos-abordados-desde-la-oficina-de-farmacia-sirven-para-formar-a-los-profesionales-farmaceuticos\/#primaryimage"},"image":{"@id":"https:\/\/www.coflaspalmas.es\/casos-clinicos-abordados-desde-la-oficina-de-farmacia-sirven-para-formar-a-los-profesionales-farmaceuticos\/#primaryimage"},"thumbnailUrl":"https:\/\/www.coflaspalmas.es\/wp-content\/uploads\/2026\/03\/Formacion-SEFAC-Casos-clinicos-17032025-14-RRSS.jpg?wsr","datePublished":"2026-03-18T17:41:56+00:00","dateModified":"2026-03-18T17:42:02+00:00","author":{"@id":"https:\/\/www.coflaspalmas.es\/#\/schema\/person\/406f00d3e51fc959b0d9bbfbcf8b502a"},"breadcrumb":{"@id":"https:\/\/www.coflaspalmas.es\/casos-clinicos-abordados-desde-la-oficina-de-farmacia-sirven-para-formar-a-los-profesionales-farmaceuticos\/#breadcrumb"},"inLanguage":"it-IT","potentialAction":[{"@type":"ReadAction","target":["https:\/\/www.coflaspalmas.es\/casos-clinicos-abordados-desde-la-oficina-de-farmacia-sirven-para-formar-a-los-profesionales-farmaceuticos\/"]}]},{"@type":"ImageObject","inLanguage":"it-IT","@id":"https:\/\/www.coflaspalmas.es\/casos-clinicos-abordados-desde-la-oficina-de-farmacia-sirven-para-formar-a-los-profesionales-farmaceuticos\/#primaryimage","url":"https:\/\/www.coflaspalmas.es\/wp-content\/uploads\/2026\/03\/Formacion-SEFAC-Casos-clinicos-17032025-14-RRSS.jpg?wsr","contentUrl":"https:\/\/www.coflaspalmas.es\/wp-content\/uploads\/2026\/03\/Formacion-SEFAC-Casos-clinicos-17032025-14-RRSS.jpg?wsr","width":1276,"height":957},{"@type":"BreadcrumbList","@id":"https:\/\/www.coflaspalmas.es\/casos-clinicos-abordados-desde-la-oficina-de-farmacia-sirven-para-formar-a-los-profesionales-farmaceuticos\/#breadcrumb","itemListElement":[{"@type":"ListItem","position":1,"name":"Portada","item":"https:\/\/www.coflaspalmas.es\/"},{"@type":"ListItem","position":2,"name":"Casos cl\u00ednicos abordados desde la oficina de farmacia sirven para formar a los profesionales farmac\u00e9uticos"}]},{"@type":"WebSite","@id":"https:\/\/www.coflaspalmas.es\/#website","url":"https:\/\/www.coflaspalmas.es\/","name":"COF Las Palmas","description":"Colegio de Farmac\u00e9uticos Las Palmas.","potentialAction":[{"@type":"SearchAction","target":{"@type":"EntryPoint","urlTemplate":"https:\/\/www.coflaspalmas.es\/?s={search_term_string}"},"query-input":{"@type":"PropertyValueSpecification","valueRequired":true,"valueName":"search_term_string"}}],"inLanguage":"it-IT"},{"@type":"Person","@id":"https:\/\/www.coflaspalmas.es\/#\/schema\/person\/406f00d3e51fc959b0d9bbfbcf8b502a","name":"Yiyo","image":{"@type":"ImageObject","inLanguage":"it-IT","@id":"https:\/\/www.coflaspalmas.es\/#\/schema\/person\/image\/","url":"https:\/\/secure.gravatar.com\/avatar\/a2cf0e08880f7bad13657b9b621d7d6e61e5ba091b0375533bf9fd2a33300e6b?s=96&d=mm&r=g","contentUrl":"https:\/\/secure.gravatar.com\/avatar\/a2cf0e08880f7bad13657b9b621d7d6e61e5ba091b0375533bf9fd2a33300e6b?s=96&d=mm&r=g","caption":"Yiyo"},"url":"https:\/\/www.coflaspalmas.es\/it\/author\/yiyo\/"}]}},"_links":{"self":[{"href":"https:\/\/www.coflaspalmas.es\/it\/wp-json\/wp\/v2\/posts\/26053006","targetHints":{"allow":["GET"]}}],"collection":[{"href":"https:\/\/www.coflaspalmas.es\/it\/wp-json\/wp\/v2\/posts"}],"about":[{"href":"https:\/\/www.coflaspalmas.es\/it\/wp-json\/wp\/v2\/types\/post"}],"author":[{"embeddable":true,"href":"https:\/\/www.coflaspalmas.es\/it\/wp-json\/wp\/v2\/users\/694"}],"replies":[{"embeddable":true,"href":"https:\/\/www.coflaspalmas.es\/it\/wp-json\/wp\/v2\/comments?post=26053006"}],"version-history":[{"count":2,"href":"https:\/\/www.coflaspalmas.es\/it\/wp-json\/wp\/v2\/posts\/26053006\/revisions"}],"predecessor-version":[{"id":26053039,"href":"https:\/\/www.coflaspalmas.es\/it\/wp-json\/wp\/v2\/posts\/26053006\/revisions\/26053039"}],"wp:featuredmedia":[{"embeddable":true,"href":"https:\/\/www.coflaspalmas.es\/it\/wp-json\/wp\/v2\/media\/26053022"}],"wp:attachment":[{"href":"https:\/\/www.coflaspalmas.es\/it\/wp-json\/wp\/v2\/media?parent=26053006"}],"wp:term":[{"taxonomy":"category","embeddable":true,"href":"https:\/\/www.coflaspalmas.es\/it\/wp-json\/wp\/v2\/categories?post=26053006"},{"taxonomy":"post_tag","embeddable":true,"href":"https:\/\/www.coflaspalmas.es\/it\/wp-json\/wp\/v2\/tags?post=26053006"}],"curies":[{"name":"wp","href":"https:\/\/api.w.org\/{rel}","templated":true}]}}