{"id":45376,"date":"2022-12-01T13:08:43","date_gmt":"2022-12-01T12:08:43","guid":{"rendered":"https:\/\/www.coflaspalmas.es\/?p=45376"},"modified":"2025-11-12T10:13:15","modified_gmt":"2025-11-12T09:13:15","slug":"una-sede-que-mira-al-mar-y-al-futuro","status":"publish","type":"post","link":"https:\/\/www.coflaspalmas.es\/it\/una-sede-que-mira-al-mar-y-al-futuro\/","title":{"rendered":"Una sede che guarda al mare e al futuro"},"content":{"rendered":"<p>La nuova sede del Collegio Ufficiale dei Farmacisti di Las Palmas \u00e8 uno spazio progettato per affrontare le esigenze che possiamo intravedere per questo secolo. Architettonicamente \u00e8 un luogo \u201cdi fronte al mare, attraversato dal paesaggio\u201d, come spiega l'architetta Eva Llorca Afonso. Ma questa sede va oltre il suo splendido design, poich\u00e9 \u00e8 stata dotata degli ultimi sistemi in tecnologia e domotica, con un occhio di riguardo alle esigenze del XXI secolo. Si pu\u00f2 dire che pi\u00f9 che una sede \u00e8 la casa dei farmacisti, lo spazio di riferimento in cui vengono accolti.<\/p>\n<p>Il locale ha una superficie di 1.532,25 metri quadrati divisi su due piani, anche se solo 1.236,40 sono stati interessati dai lavori: 827,68 metri quadrati del piano principale e 408,72 nel seminterrato.<\/p>\n<p>Llorca definisce il lavoro nel modo seguente: \u201csi propone uno spazio diafano e aperto al paesaggio che viene organizzato con elementi strutturanti minimi. Il doppio obiettivo di questa strategia consiste, da un lato, nello sfruttare al massimo le fantastiche viste sul mare, favorendo al contempo ambienti di lavoro collaborativi. Dall'altro, consentire la molteplicit\u00e0 di usi, la rapida trasformazione dello spazio nel breve e medio termine, e persino la possibilit\u00e0 di crescere nel tempo. In definitiva, la proposta costituisce un'indagine su spazi di lavoro aperti, flessibili, trasformabili ed evolutivi, capaci di adattarsi a diverse circostanze organizzative ed economiche\u201d.<\/p>\n<p>Con questo approccio, non deve sorprenderci la luminosit\u00e0 del piano principale, dove si trovano gli ambienti di lavoro, il vestibolo, l'auditorium, le sale formative e quelle riunioni. Il piano terra, dove la luce naturale entra a malapena, \u00e8 progettato per ospitare spazi di magazzino, apparecchiature informatiche, attrezzature per l'aria condizionata e un ufficio riunioni.<\/p>\n<p>La parte meno luminosa del piano superiore \u00e8 riservata ai servizi e all'office.<\/p>\n<p>I 73,46 metri quadrati dell'atrio permettono al visitatore di immaginare ci\u00f2 che si trova oltre la reception. La luce e l'arredamento rendono lo spazio accogliente nonostante le sue grandi dimensioni.<\/p>\n<p>Anche l'acustica \u00e8 stata curata, evitando che l'eco e il disagio tipici degli spazi aperti di queste dimensioni abbiano presenza.<\/p>\n<p>La sala per conferenze, di 134,52 metri quadrati e con una capacit\u00e0 di 143 persone, pu\u00f2 essere suddivisa \u2013 tramite pareti mobili \u2013 in tre spazi di 117,92, 8,62 e 7,98 metri quadrati.<\/p>\n<p>Uno degli spazi pi\u00f9 importanti, pur non essendo il pi\u00f9 grande (43,05 metri quadrati), \u00e8 l'aula di formazione, dotata delle connessioni necessarie per installare qualsiasi tipo di apparecchio elettronico. Con una capienza di 24 persone, la disposizione degli arredi \u00e8 flessibile, facilitando cos\u00ec il suo adattamento a qualsiasi tipo di formazione. Della sua dotazione spicca lo schermo tattile che pu\u00f2 essere utilizzato come lavagna.<\/p>\n<p>La nuova sede dispone inoltre di quattro touchscreen e altri due schermi smart view, oltre a un sistema automatico che regola l'illuminazione (tutta a LED) per zone, in base all'intensit\u00e0 luminosa del momento, facilitando cos\u00ec il risparmio energetico e l'affaticamento della vista.<\/p>","protected":false},"excerpt":{"rendered":"<p>La nueva sede del Colegio Oficial de Farmac\u00e9uticos de Las Palmas es un espacio dise\u00f1ado para afrontar las necesidades que podemos vislumbrar para este siglo. Arquitect\u00f3nicamente es un lugar \u201cfrente al mar, atravesado por el paisaje\u201d, seg\u00fan explica la arquitecta, Eva Llorca Afonso. Pero este local va m\u00e1s all\u00e1 de su espl\u00e9ndido dise\u00f1o, pues ha [&hellip;]<\/p>\n","protected":false},"author":2427,"featured_media":0,"comment_status":"closed","ping_status":"closed","sticky":false,"template":"","format":"standard","meta":{"_et_pb_use_builder":"","_et_pb_old_content":"","_et_gb_content_width":"","footnotes":""},"categories":[1],"tags":[],"class_list":["post-45376","post","type-post","status-publish","format-standard","hentry","category-sin-categoria"],"yoast_head":"<!-- This site is optimized with the Yoast SEO plugin v24.7 - https:\/\/yoast.com\/wordpress\/plugins\/seo\/ -->\n<title>Una sede que mira al mar y al futuro - COFLP<\/title>\n<meta name=\"robots\" content=\"index, follow, max-snippet:-1, max-image-preview:large, max-video-preview:-1\" \/>\n<link rel=\"canonical\" href=\"https:\/\/www.coflaspalmas.es\/it\/una-sede-que-mira-al-mar-y-al-futuro\/\" \/>\n<meta property=\"og:locale\" content=\"it_IT\" \/>\n<meta property=\"og:type\" content=\"article\" \/>\n<meta property=\"og:title\" content=\"Una sede que mira al mar y al futuro - COFLP\" \/>\n<meta property=\"og:description\" content=\"La nueva sede del Colegio Oficial de Farmac\u00e9uticos de Las Palmas es un espacio dise\u00f1ado para afrontar las necesidades que podemos vislumbrar para este siglo. Arquitect\u00f3nicamente es un lugar \u201cfrente al mar, atravesado por el paisaje\u201d, seg\u00fan explica la arquitecta, Eva Llorca Afonso. Pero este local va m\u00e1s all\u00e1 de su espl\u00e9ndido dise\u00f1o, pues ha [&hellip;]\" \/>\n<meta property=\"og:url\" content=\"https:\/\/www.coflaspalmas.es\/it\/una-sede-que-mira-al-mar-y-al-futuro\/\" \/>\n<meta property=\"og:site_name\" content=\"COFLP\" \/>\n<meta property=\"article:published_time\" content=\"2022-12-01T12:08:43+00:00\" \/>\n<meta property=\"article:modified_time\" content=\"2025-11-12T09:13:15+00:00\" \/>\n<meta name=\"author\" content=\"soporte\" \/>\n<meta name=\"twitter:card\" content=\"summary_large_image\" \/>\n<meta name=\"twitter:label1\" content=\"Scritto da\" \/>\n\t<meta name=\"twitter:data1\" content=\"soporte\" \/>\n\t<meta name=\"twitter:label2\" content=\"Tempo di lettura stimato\" \/>\n\t<meta name=\"twitter:data2\" content=\"3 minuti\" \/>\n<script type=\"application\/ld+json\" class=\"yoast-schema-graph\">{\"@context\":\"https:\/\/schema.org\",\"@graph\":[{\"@type\":\"WebPage\",\"@id\":\"https:\/\/www.coflaspalmas.es\/una-sede-que-mira-al-mar-y-al-futuro\/\",\"url\":\"https:\/\/www.coflaspalmas.es\/una-sede-que-mira-al-mar-y-al-futuro\/\",\"name\":\"Una sede que mira al mar y al futuro - COFLP\",\"isPartOf\":{\"@id\":\"https:\/\/www.coflaspalmas.es\/#website\"},\"datePublished\":\"2022-12-01T12:08:43+00:00\",\"dateModified\":\"2025-11-12T09:13:15+00:00\",\"author\":{\"@id\":\"https:\/\/www.coflaspalmas.es\/#\/schema\/person\/ccf588cbe6c4345ebe4086a038142b96\"},\"breadcrumb\":{\"@id\":\"https:\/\/www.coflaspalmas.es\/una-sede-que-mira-al-mar-y-al-futuro\/#breadcrumb\"},\"inLanguage\":\"it-IT\",\"potentialAction\":[{\"@type\":\"ReadAction\",\"target\":[\"https:\/\/www.coflaspalmas.es\/una-sede-que-mira-al-mar-y-al-futuro\/\"]}]},{\"@type\":\"BreadcrumbList\",\"@id\":\"https:\/\/www.coflaspalmas.es\/una-sede-que-mira-al-mar-y-al-futuro\/#breadcrumb\",\"itemListElement\":[{\"@type\":\"ListItem\",\"position\":1,\"name\":\"Portada\",\"item\":\"https:\/\/www.coflaspalmas.es\/\"},{\"@type\":\"ListItem\",\"position\":2,\"name\":\"Una sede que mira al mar y al futuro\"}]},{\"@type\":\"WebSite\",\"@id\":\"https:\/\/www.coflaspalmas.es\/#website\",\"url\":\"https:\/\/www.coflaspalmas.es\/\",\"name\":\"COF Las Palmas\",\"description\":\"Colegio de Farmac\u00e9uticos Las Palmas.\",\"potentialAction\":[{\"@type\":\"SearchAction\",\"target\":{\"@type\":\"EntryPoint\",\"urlTemplate\":\"https:\/\/www.coflaspalmas.es\/?s={search_term_string}\"},\"query-input\":{\"@type\":\"PropertyValueSpecification\",\"valueRequired\":true,\"valueName\":\"search_term_string\"}}],\"inLanguage\":\"it-IT\"},{\"@type\":\"Person\",\"@id\":\"https:\/\/www.coflaspalmas.es\/#\/schema\/person\/ccf588cbe6c4345ebe4086a038142b96\",\"name\":\"soporte\",\"image\":{\"@type\":\"ImageObject\",\"inLanguage\":\"it-IT\",\"@id\":\"https:\/\/www.coflaspalmas.es\/#\/schema\/person\/image\/\",\"url\":\"https:\/\/secure.gravatar.com\/avatar\/d654455f4c3e474456c4922a586b96e354b5a500cfe1f1f2f60ef083808bf21b?s=96&d=mm&r=g\",\"contentUrl\":\"https:\/\/secure.gravatar.com\/avatar\/d654455f4c3e474456c4922a586b96e354b5a500cfe1f1f2f60ef083808bf21b?s=96&d=mm&r=g\",\"caption\":\"soporte\"},\"url\":\"https:\/\/www.coflaspalmas.es\/it\/author\/soporte\/\"}]}<\/script>\n<!-- \/ Yoast SEO plugin. -->","yoast_head_json":{"title":"Una sede que mira al mar y al futuro - COFLP","robots":{"index":"index","follow":"follow","max-snippet":"max-snippet:-1","max-image-preview":"max-image-preview:large","max-video-preview":"max-video-preview:-1"},"canonical":"https:\/\/www.coflaspalmas.es\/it\/una-sede-que-mira-al-mar-y-al-futuro\/","og_locale":"it_IT","og_type":"article","og_title":"Una sede que mira al mar y al futuro - COFLP","og_description":"La nueva sede del Colegio Oficial de Farmac\u00e9uticos de Las Palmas es un espacio dise\u00f1ado para afrontar las necesidades que podemos vislumbrar para este siglo. Arquitect\u00f3nicamente es un lugar \u201cfrente al mar, atravesado por el paisaje\u201d, seg\u00fan explica la arquitecta, Eva Llorca Afonso. Pero este local va m\u00e1s all\u00e1 de su espl\u00e9ndido dise\u00f1o, pues ha [&hellip;]","og_url":"https:\/\/www.coflaspalmas.es\/it\/una-sede-que-mira-al-mar-y-al-futuro\/","og_site_name":"COFLP","article_published_time":"2022-12-01T12:08:43+00:00","article_modified_time":"2025-11-12T09:13:15+00:00","author":"soporte","twitter_card":"summary_large_image","twitter_misc":{"Scritto da":"soporte","Tempo di lettura stimato":"3 minuti"},"schema":{"@context":"https:\/\/schema.org","@graph":[{"@type":"WebPage","@id":"https:\/\/www.coflaspalmas.es\/una-sede-que-mira-al-mar-y-al-futuro\/","url":"https:\/\/www.coflaspalmas.es\/una-sede-que-mira-al-mar-y-al-futuro\/","name":"Una sede que mira al mar y al futuro - COFLP","isPartOf":{"@id":"https:\/\/www.coflaspalmas.es\/#website"},"datePublished":"2022-12-01T12:08:43+00:00","dateModified":"2025-11-12T09:13:15+00:00","author":{"@id":"https:\/\/www.coflaspalmas.es\/#\/schema\/person\/ccf588cbe6c4345ebe4086a038142b96"},"breadcrumb":{"@id":"https:\/\/www.coflaspalmas.es\/una-sede-que-mira-al-mar-y-al-futuro\/#breadcrumb"},"inLanguage":"it-IT","potentialAction":[{"@type":"ReadAction","target":["https:\/\/www.coflaspalmas.es\/una-sede-que-mira-al-mar-y-al-futuro\/"]}]},{"@type":"BreadcrumbList","@id":"https:\/\/www.coflaspalmas.es\/una-sede-que-mira-al-mar-y-al-futuro\/#breadcrumb","itemListElement":[{"@type":"ListItem","position":1,"name":"Portada","item":"https:\/\/www.coflaspalmas.es\/"},{"@type":"ListItem","position":2,"name":"Una sede que mira al mar y al futuro"}]},{"@type":"WebSite","@id":"https:\/\/www.coflaspalmas.es\/#website","url":"https:\/\/www.coflaspalmas.es\/","name":"COF Las Palmas","description":"Colegio de Farmac\u00e9uticos Las Palmas.","potentialAction":[{"@type":"SearchAction","target":{"@type":"EntryPoint","urlTemplate":"https:\/\/www.coflaspalmas.es\/?s={search_term_string}"},"query-input":{"@type":"PropertyValueSpecification","valueRequired":true,"valueName":"search_term_string"}}],"inLanguage":"it-IT"},{"@type":"Person","@id":"https:\/\/www.coflaspalmas.es\/#\/schema\/person\/ccf588cbe6c4345ebe4086a038142b96","name":"supporto","image":{"@type":"ImageObject","inLanguage":"it-IT","@id":"https:\/\/www.coflaspalmas.es\/#\/schema\/person\/image\/","url":"https:\/\/secure.gravatar.com\/avatar\/d654455f4c3e474456c4922a586b96e354b5a500cfe1f1f2f60ef083808bf21b?s=96&d=mm&r=g","contentUrl":"https:\/\/secure.gravatar.com\/avatar\/d654455f4c3e474456c4922a586b96e354b5a500cfe1f1f2f60ef083808bf21b?s=96&d=mm&r=g","caption":"soporte"},"url":"https:\/\/www.coflaspalmas.es\/it\/author\/soporte\/"}]}},"_links":{"self":[{"href":"https:\/\/www.coflaspalmas.es\/it\/wp-json\/wp\/v2\/posts\/45376","targetHints":{"allow":["GET"]}}],"collection":[{"href":"https:\/\/www.coflaspalmas.es\/it\/wp-json\/wp\/v2\/posts"}],"about":[{"href":"https:\/\/www.coflaspalmas.es\/it\/wp-json\/wp\/v2\/types\/post"}],"author":[{"embeddable":true,"href":"https:\/\/www.coflaspalmas.es\/it\/wp-json\/wp\/v2\/users\/2427"}],"replies":[{"embeddable":true,"href":"https:\/\/www.coflaspalmas.es\/it\/wp-json\/wp\/v2\/comments?post=45376"}],"version-history":[{"count":1,"href":"https:\/\/www.coflaspalmas.es\/it\/wp-json\/wp\/v2\/posts\/45376\/revisions"}],"predecessor-version":[{"id":26046658,"href":"https:\/\/www.coflaspalmas.es\/it\/wp-json\/wp\/v2\/posts\/45376\/revisions\/26046658"}],"wp:attachment":[{"href":"https:\/\/www.coflaspalmas.es\/it\/wp-json\/wp\/v2\/media?parent=45376"}],"wp:term":[{"taxonomy":"category","embeddable":true,"href":"https:\/\/www.coflaspalmas.es\/it\/wp-json\/wp\/v2\/categories?post=45376"},{"taxonomy":"post_tag","embeddable":true,"href":"https:\/\/www.coflaspalmas.es\/it\/wp-json\/wp\/v2\/tags?post=45376"}],"curies":[{"name":"wp","href":"https:\/\/api.w.org\/{rel}","templated":true}]}}