{"id":77020,"date":"2024-05-02T23:20:34","date_gmt":"2024-05-02T21:20:34","guid":{"rendered":"https:\/\/www.coflaspalmas.es\/?p=77020"},"modified":"2025-11-12T10:12:03","modified_gmt":"2025-11-12T09:12:03","slug":"hector-garcia-diaz-en-eeuu-el-farmaceutico-prescribe-en-nombre-del-medico","status":"publish","type":"post","link":"https:\/\/www.coflaspalmas.es\/it\/hector-garcia-diaz-en-eeuu-el-farmaceutico-prescribe-en-nombre-del-medico\/","title":{"rendered":"H\u00e9ctor Garc\u00eda D\u00edaz: \u00abNegli Stati Uniti, il farmacista prescrive per conto del medico\u00bb"},"content":{"rendered":"<p><span style=\"font-family: helvetica, arial, sans-serif;\"><img loading=\"lazy\" decoding=\"async\" class=\"wp-image-77023 alignleft\" src=\"https:\/\/www.coflaspalmas.es\/wp-content\/uploads\/2024\/05\/Hector-Garcia-Diaz-1-205x300.jpg\" alt=\"\" width=\"138\" height=\"202\" \/>H\u00e9ctor Carlos Garc\u00eda D\u00edaz \u00e8 uno studente delle Canarie che sta svolgendo la sua quarta anno di specializzazione in Farmacia Ospedaliera presso l'ospedale Vall d\u2019Hebron, a Barcellona. Ha studiato il corso di Laurea in Farmacia presso l'Universit\u00e0 Complutense di Madrid. L\u00ec ha iniziato a interessarsi all'oncologia e alla ricerca. Successivamente, ha conseguito un master in Ricerca Biomedica specializzato in cancro presso l'Universit\u00e0 di Barcellona, dove ha lavorato a un progetto di generazione di <em>Cellule CAR-T<\/em> per il trattamento dei tumori all'Hospital Cl\u00ednic di Barcellona. L\u00ec decise che non si sarebbe accontentato della sola ricerca, ma che voleva far parte di team clinici e apportare conoscenze in farmacoterapia nelle decisioni cliniche. Per questo, prepar\u00f2 l'esame FIR e scelse Vall d'Hebr\u00f3n per effettuare la specializzazione in Farmacia Ospedaliera, considerandolo uno dei pi\u00f9 importanti d'Europa a livello oncologico. Durante la specializzazione, ha focalizzato la formazione verso l'oncologia sia a livello di progetti di ricerca che realizzando un master proprio in Oncologia Farmaceutica dell'Universit\u00e0 di Valencia. Attualmente sta effettuando una rotazione in Leucemia presso l'MD Anderson Cancer Center, a Houston, Texas. Come professionista, si definisce un giovane \u00abcon molta iniziativa, appassionato, docente e inquieto\u00bb. <\/span><\/p>\n<p><span style=\"font-family: helvetica, arial, sans-serif;\"><strong>\u2013 La sua \u00e8 una professione o una vocazione?<\/strong><\/span><\/p>\n<p><span style=\"font-family: helvetica, arial, sans-serif;\">\u2013 Vocazione. Fin dall'universit\u00e0 ho sentito una passione per la farmacoterapia, mi piace molto studiare e applicare le conoscenze per migliorare la qualit\u00e0 della vita dei pazienti. \u00c8 molto gratificante quando i pazienti in ospedale ti ringraziano per il lavoro assistenziale.<\/span><\/p>\n<p><span style=\"font-family: helvetica, arial, sans-serif;\"><strong>\u2013 Com'\u00e8 il lavoro di un farmacista ospedaliero?<\/strong><\/span><\/p>\n<p><span style=\"font-family: helvetica, arial, sans-serif;\">\u2013 La prima cosa da chiarire \u00e8 che la funzione di un farmacista ospedaliero non \u00e8 quella di ricercare. Possiamo farlo, ma \u00e8 qualcosa di opzionale poich\u00e9 abbiamo un ruolo assistenziale come il personale medico o infermieristico. La Farmacia Ospedaliera \u00e8 una specializzazione di quattro anni con numerose rotazioni che si possono raggruppare in tre: gestione\/logistica, tecnica e clinica. Ci\u00f2 che mi attrae \u00e8 la clinica \u2013 facciamo almeno 1 anno \u2013 e poter lavorare con il team medico modificando le prescrizioni dei pazienti per un migliore uso dei farmaci. In Spagna, tutti i FIR (farmacisti interni residenti) sono farmacisti ospedalieri, non c'\u00e8 una sottospecializzazione come tale in oncologia poich\u00e9 i quattro anni includono la formazione in numerose aree. Tuttavia, puoi costruire un curriculum in aree che ti attraggono, e questo pu\u00f2 favorirti per essere assunto in quell'area specifica.<\/span><\/p>\n<p><strong><span style=\"font-family: helvetica, arial, sans-serif;\">\u2013 Cosa c'\u00e8 di attraente in questa tua subspecialistica?<\/span><\/strong><\/p>\n<p><span style=\"font-family: helvetica, arial, sans-serif;\">\u2013 In particolare, l'area oncoematologica mi piace perch\u00e9 ha un grande impatto sulla societ\u00e0, c'\u00e8 molto da studiare e ci sono sempre novit\u00e0. \u00c8 meraviglioso vedere come alcuni trattamenti abbiano potuto curare o migliorare la prognosi di pazienti che pochi decenni fa morivano rapidamente.<\/span><\/p>\n<p><strong><span style=\"font-family: helvetica, arial, sans-serif;\">\u2013 Il ruolo del professionista farmaceutico in questa materia \u00e8 uguale in tutti i paesi?<\/span><\/strong><\/p>\n<p><span style=\"font-family: helvetica, arial, sans-serif;\">\u2013 Il ruolo del farmacista oncologico in Spagna \u00e8 quello di garantire l'acquisizione, la custodia, la validazione della prescrizione, l'assistenza farmaceutica, la supervisione della preparazione\/dispensazione e di assicurare la corretta somministrazione. Nello specifico, quando validiamo la prescrizione medica, dobbiamo assicurarci che sia indicata per quel paziente, rivedere la sua storia clinica - anamnesi, et\u00e0\/peso, processo attuale, trattamenti concomitanti\u2026 - e gli esami analitici - funzionalit\u00e0 renale, epatica\u2026 - per assicurarci che il paziente possa ricevere il trattamento. In molte occasioni contattiamo il team medico per interazioni tra farmaci o per la necessit\u00e0 di aggiustare il dosaggio della chemioterapia. Questo \u00e8 di vitale importanza poich\u00e9 si tratta di trattamenti con uno stretto margine terapeutico, e il minimo eccesso si traduce in effetti avversi e, al contrario, se non viene somministrata la quantit\u00e0 sufficiente, pu\u00f2 comprometterne l'efficacia nel trattamento del tumore.\u00a0<\/span><span style=\"font-family: helvetica, arial, sans-serif;\">Negli Stati Uniti, il farmacista clinico oncologico lascia i compiti logistici\/tecnici ai farmacisti. <em>operacionales<\/em> che non hanno la specializzazione. In questo modo, consente al farmacista clinico di stare con il team medico e infermieristico e di fare il giro di reparto con loro. Negli Stati Uniti, il farmacista \u00e8 colui che prescrive a nome del medico senza che questi debba confermarlo. Solo nel caso delle chemioterapie o dei trattamenti mirati contro il cancro, \u00e8 necessaria una seconda firma del medico per confermare il trattamento stabilito dal farmacista. \u00c8 totalmente l'inverso che in Spagna, dove il medico prescrive e il farmacista valida. Questo consente al farmacista la libert\u00e0 di poter agire in modo pi\u00f9 libero riguardo al trattamento del paziente. Questa libert\u00e0 \u00e8 maggiore nei farmaci che non sono antineoplastici.<\/span><\/p>\n<p><strong><span style=\"font-family: helvetica, arial, sans-serif;\"><img loading=\"lazy\" decoding=\"async\" class=\"size-medium wp-image-77024 alignleft\" src=\"https:\/\/www.coflaspalmas.es\/wp-content\/uploads\/2024\/05\/Hector-Garcia-Diaz-2-254x300.jpg\" alt=\"\" width=\"254\" height=\"300\" \/>\u2013 Vedremo qualcosa del genere nelle Canarie?<\/span><\/strong><\/p>\n<p><span style=\"font-family: helvetica, arial, sans-serif;\">\u2013 Non so come si lavori nelle Canarie in prima persona, ma si parla di un profilo piuttosto clinico. Dato che abbiamo un sistema pubblico, non si raggiunger\u00e0 mai il livello dell'azienda privata degli Stati Uniti. Tuttavia, se ottimizzassimo le nostre risorse umane e tecnologiche e riuscissimo a essere pi\u00f9 efficienti nel sistema, noi farmacisti potremmo svolgere il ruolo che esercitiamo negli Stati Uniti. Ad esempio, delegando il lavoro tecnico\/amministrativo e concentrandoci su compiti clinici.<\/span><\/p>\n<p><strong><span style=\"font-family: helvetica, arial, sans-serif;\">\u2013 Mi dica come vede il futuro in questo campo.<\/span><\/strong><\/p>\n<p><span style=\"font-family: helvetica, arial, sans-serif;\">\u2013 Il futuro della sanit\u00e0 in Spagna, secondo me, sar\u00e0 molto incentrato sull'ospedalizzazione a domicilio, sulla comunicazione attraverso piattaforme digitali e soprattutto sull'educazione di un paziente proattivo, colui che conosce la propria malattia, si informa bene ed \u00e8 in grado di partecipare alle decisioni sul proprio trattamento. D'altra parte, un ambito pi\u00f9 proprio della professione \u00e8 molto importante la valutazione farmacoeconomica dei farmaci, poich\u00e9 ogni volta escono nuove terapie sul mercato, sempre pi\u00f9 costose, e dobbiamo garantire la sostenibilit\u00e0 del nostro sistema finanziando quei farmaci che realmente apportano un beneficio ai pazienti in relazione al costo.<\/span><\/p>\n<p><strong><span style=\"font-family: helvetica, arial, sans-serif;\">\u2013 Ora che l'intelligenza artificiale sembra pervadere ogni cosa, come si svilupper\u00e0 nel mondo farmaceutico?<\/span><\/strong><\/p>\n<p><span style=\"font-family: helvetica, arial, sans-serif;\">-Beh, l'IA ha sicuramente spazio nella nostra professione. Noi incrociamo le informazioni della storia clinica, i dati analitici e le caratteristiche dei farmaci, permettendo cos\u00ec di realizzare interventi farmaceutici per ottimizzare il trattamento farmacologico. Oppure, ad esempio, al momento di creare Procedure Operative Standard (POS) per le preparazioni sterili o non sterili, cerchiamo informazioni in diverse banche dati per elaborare un documento che permetta al tecnico di preparare un farmaco e al farmacista di effettuare il controllo di qualit\u00e0. Tutto questo pu\u00f2 essere fatto da un'IA tramite algoritmi che incrociano le informazioni e ti danno una risposta. Credo che sia un'opportunit\u00e0 per essere efficienti nei processi e dedicare pi\u00f9 tempo a offrire un'assistenza farmaceutica di qualit\u00e0 e pi\u00f9 umana, cosa che una macchina non potr\u00e0 mai fornirti. Questo \u00e8 applicabile sia a livello ospedaliero che a livello di assistenza primaria.<\/span><\/p>","protected":false},"excerpt":{"rendered":"<p>H\u00e9ctor Carlos Garc\u00eda D\u00edaz es un estudiante grancanario que hace su residencia de cuarto a\u00f1o de Farmacia Hospitalaria en el hospital Vall d&#8217;Hebron, en Barcelona. Estudi\u00f3 el Grado de Farmacia en la Universidad Complutense de Madrid. All\u00ed comenz\u00f3 a interesarse por la oncolog\u00eda y la investigaci\u00f3n. Posteriormente, hizo un m\u00e1ster de Investigaci\u00f3n Biom\u00e9dica especializado en [&hellip;]<\/p>\n","protected":false},"author":2427,"featured_media":0,"comment_status":"closed","ping_status":"closed","sticky":false,"template":"","format":"standard","meta":{"_et_pb_use_builder":"","_et_pb_old_content":"","_et_gb_content_width":"","footnotes":""},"categories":[1],"tags":[],"class_list":["post-77020","post","type-post","status-publish","format-standard","hentry","category-sin-categoria"],"yoast_head":"<!-- This site is optimized with the Yoast SEO plugin v24.7 - https:\/\/yoast.com\/wordpress\/plugins\/seo\/ -->\n<title>H\u00e9ctor Garc\u00eda D\u00edaz: &quot;En EEUU, el farmac\u00e9utico prescribe en nombre del m\u00e9dico&quot; - COFLP<\/title>\n<meta name=\"robots\" content=\"index, follow, max-snippet:-1, max-image-preview:large, max-video-preview:-1\" \/>\n<link rel=\"canonical\" href=\"https:\/\/www.coflaspalmas.es\/it\/hector-garcia-diaz-en-eeuu-el-farmaceutico-prescribe-en-nombre-del-medico\/\" \/>\n<meta property=\"og:locale\" content=\"it_IT\" \/>\n<meta property=\"og:type\" content=\"article\" \/>\n<meta property=\"og:title\" content=\"H\u00e9ctor Garc\u00eda D\u00edaz: &quot;En EEUU, el farmac\u00e9utico prescribe en nombre del m\u00e9dico&quot; - COFLP\" \/>\n<meta property=\"og:description\" content=\"H\u00e9ctor Carlos Garc\u00eda D\u00edaz es un estudiante grancanario que hace su residencia de cuarto a\u00f1o de Farmacia Hospitalaria en el hospital Vall d&#8217;Hebron, en Barcelona. Estudi\u00f3 el Grado de Farmacia en la Universidad Complutense de Madrid. All\u00ed comenz\u00f3 a interesarse por la oncolog\u00eda y la investigaci\u00f3n. Posteriormente, hizo un m\u00e1ster de Investigaci\u00f3n Biom\u00e9dica especializado en [&hellip;]\" \/>\n<meta property=\"og:url\" content=\"https:\/\/www.coflaspalmas.es\/it\/hector-garcia-diaz-en-eeuu-el-farmaceutico-prescribe-en-nombre-del-medico\/\" \/>\n<meta property=\"og:site_name\" content=\"COFLP\" \/>\n<meta property=\"article:published_time\" content=\"2024-05-02T21:20:34+00:00\" \/>\n<meta property=\"article:modified_time\" content=\"2025-11-12T09:12:03+00:00\" \/>\n<meta name=\"author\" content=\"soporte\" \/>\n<meta name=\"twitter:card\" content=\"summary_large_image\" \/>\n<meta name=\"twitter:label1\" content=\"Scritto da\" \/>\n\t<meta name=\"twitter:data1\" content=\"soporte\" \/>\n\t<meta name=\"twitter:label2\" content=\"Tempo di lettura stimato\" \/>\n\t<meta name=\"twitter:data2\" content=\"6 minuti\" \/>\n<script type=\"application\/ld+json\" class=\"yoast-schema-graph\">{\"@context\":\"https:\/\/schema.org\",\"@graph\":[{\"@type\":\"WebPage\",\"@id\":\"https:\/\/www.coflaspalmas.es\/hector-garcia-diaz-en-eeuu-el-farmaceutico-prescribe-en-nombre-del-medico\/\",\"url\":\"https:\/\/www.coflaspalmas.es\/hector-garcia-diaz-en-eeuu-el-farmaceutico-prescribe-en-nombre-del-medico\/\",\"name\":\"H\u00e9ctor Garc\u00eda D\u00edaz: \\\"En EEUU, el farmac\u00e9utico prescribe en nombre del m\u00e9dico\\\" - COFLP\",\"isPartOf\":{\"@id\":\"https:\/\/www.coflaspalmas.es\/#website\"},\"primaryImageOfPage\":{\"@id\":\"https:\/\/www.coflaspalmas.es\/hector-garcia-diaz-en-eeuu-el-farmaceutico-prescribe-en-nombre-del-medico\/#primaryimage\"},\"image\":{\"@id\":\"https:\/\/www.coflaspalmas.es\/hector-garcia-diaz-en-eeuu-el-farmaceutico-prescribe-en-nombre-del-medico\/#primaryimage\"},\"thumbnailUrl\":\"https:\/\/www.coflaspalmas.es\/wp-content\/uploads\/2024\/05\/Hector-Garcia-Diaz-1-205x300.jpg\",\"datePublished\":\"2024-05-02T21:20:34+00:00\",\"dateModified\":\"2025-11-12T09:12:03+00:00\",\"author\":{\"@id\":\"https:\/\/www.coflaspalmas.es\/#\/schema\/person\/ccf588cbe6c4345ebe4086a038142b96\"},\"breadcrumb\":{\"@id\":\"https:\/\/www.coflaspalmas.es\/hector-garcia-diaz-en-eeuu-el-farmaceutico-prescribe-en-nombre-del-medico\/#breadcrumb\"},\"inLanguage\":\"it-IT\",\"potentialAction\":[{\"@type\":\"ReadAction\",\"target\":[\"https:\/\/www.coflaspalmas.es\/hector-garcia-diaz-en-eeuu-el-farmaceutico-prescribe-en-nombre-del-medico\/\"]}]},{\"@type\":\"ImageObject\",\"inLanguage\":\"it-IT\",\"@id\":\"https:\/\/www.coflaspalmas.es\/hector-garcia-diaz-en-eeuu-el-farmaceutico-prescribe-en-nombre-del-medico\/#primaryimage\",\"url\":\"https:\/\/www.coflaspalmas.es\/wp-content\/uploads\/2024\/05\/Hector-Garcia-Diaz-1-205x300.jpg\",\"contentUrl\":\"https:\/\/www.coflaspalmas.es\/wp-content\/uploads\/2024\/05\/Hector-Garcia-Diaz-1-205x300.jpg\"},{\"@type\":\"BreadcrumbList\",\"@id\":\"https:\/\/www.coflaspalmas.es\/hector-garcia-diaz-en-eeuu-el-farmaceutico-prescribe-en-nombre-del-medico\/#breadcrumb\",\"itemListElement\":[{\"@type\":\"ListItem\",\"position\":1,\"name\":\"Portada\",\"item\":\"https:\/\/www.coflaspalmas.es\/\"},{\"@type\":\"ListItem\",\"position\":2,\"name\":\"H\u00e9ctor Garc\u00eda D\u00edaz: \u00abEn EEUU, el farmac\u00e9utico prescribe en nombre del m\u00e9dico\u00bb\"}]},{\"@type\":\"WebSite\",\"@id\":\"https:\/\/www.coflaspalmas.es\/#website\",\"url\":\"https:\/\/www.coflaspalmas.es\/\",\"name\":\"COF Las Palmas\",\"description\":\"Colegio de Farmac\u00e9uticos Las Palmas.\",\"potentialAction\":[{\"@type\":\"SearchAction\",\"target\":{\"@type\":\"EntryPoint\",\"urlTemplate\":\"https:\/\/www.coflaspalmas.es\/?s={search_term_string}\"},\"query-input\":{\"@type\":\"PropertyValueSpecification\",\"valueRequired\":true,\"valueName\":\"search_term_string\"}}],\"inLanguage\":\"it-IT\"},{\"@type\":\"Person\",\"@id\":\"https:\/\/www.coflaspalmas.es\/#\/schema\/person\/ccf588cbe6c4345ebe4086a038142b96\",\"name\":\"soporte\",\"image\":{\"@type\":\"ImageObject\",\"inLanguage\":\"it-IT\",\"@id\":\"https:\/\/www.coflaspalmas.es\/#\/schema\/person\/image\/\",\"url\":\"https:\/\/secure.gravatar.com\/avatar\/d654455f4c3e474456c4922a586b96e354b5a500cfe1f1f2f60ef083808bf21b?s=96&d=mm&r=g\",\"contentUrl\":\"https:\/\/secure.gravatar.com\/avatar\/d654455f4c3e474456c4922a586b96e354b5a500cfe1f1f2f60ef083808bf21b?s=96&d=mm&r=g\",\"caption\":\"soporte\"},\"url\":\"https:\/\/www.coflaspalmas.es\/it\/author\/soporte\/\"}]}<\/script>\n<!-- \/ Yoast SEO plugin. -->","yoast_head_json":{"title":"H\u00e9ctor Garc\u00eda D\u00edaz: \"En EEUU, el farmac\u00e9utico prescribe en nombre del m\u00e9dico\" - COFLP","robots":{"index":"index","follow":"follow","max-snippet":"max-snippet:-1","max-image-preview":"max-image-preview:large","max-video-preview":"max-video-preview:-1"},"canonical":"https:\/\/www.coflaspalmas.es\/it\/hector-garcia-diaz-en-eeuu-el-farmaceutico-prescribe-en-nombre-del-medico\/","og_locale":"it_IT","og_type":"article","og_title":"H\u00e9ctor Garc\u00eda D\u00edaz: \"En EEUU, el farmac\u00e9utico prescribe en nombre del m\u00e9dico\" - COFLP","og_description":"H\u00e9ctor Carlos Garc\u00eda D\u00edaz es un estudiante grancanario que hace su residencia de cuarto a\u00f1o de Farmacia Hospitalaria en el hospital Vall d&#8217;Hebron, en Barcelona. Estudi\u00f3 el Grado de Farmacia en la Universidad Complutense de Madrid. All\u00ed comenz\u00f3 a interesarse por la oncolog\u00eda y la investigaci\u00f3n. Posteriormente, hizo un m\u00e1ster de Investigaci\u00f3n Biom\u00e9dica especializado en [&hellip;]","og_url":"https:\/\/www.coflaspalmas.es\/it\/hector-garcia-diaz-en-eeuu-el-farmaceutico-prescribe-en-nombre-del-medico\/","og_site_name":"COFLP","article_published_time":"2024-05-02T21:20:34+00:00","article_modified_time":"2025-11-12T09:12:03+00:00","author":"soporte","twitter_card":"summary_large_image","twitter_misc":{"Scritto da":"soporte","Tempo di lettura stimato":"6 minuti"},"schema":{"@context":"https:\/\/schema.org","@graph":[{"@type":"WebPage","@id":"https:\/\/www.coflaspalmas.es\/hector-garcia-diaz-en-eeuu-el-farmaceutico-prescribe-en-nombre-del-medico\/","url":"https:\/\/www.coflaspalmas.es\/hector-garcia-diaz-en-eeuu-el-farmaceutico-prescribe-en-nombre-del-medico\/","name":"H\u00e9ctor Garc\u00eda D\u00edaz: \"En EEUU, el farmac\u00e9utico prescribe en nombre del m\u00e9dico\" - COFLP","isPartOf":{"@id":"https:\/\/www.coflaspalmas.es\/#website"},"primaryImageOfPage":{"@id":"https:\/\/www.coflaspalmas.es\/hector-garcia-diaz-en-eeuu-el-farmaceutico-prescribe-en-nombre-del-medico\/#primaryimage"},"image":{"@id":"https:\/\/www.coflaspalmas.es\/hector-garcia-diaz-en-eeuu-el-farmaceutico-prescribe-en-nombre-del-medico\/#primaryimage"},"thumbnailUrl":"https:\/\/www.coflaspalmas.es\/wp-content\/uploads\/2024\/05\/Hector-Garcia-Diaz-1-205x300.jpg","datePublished":"2024-05-02T21:20:34+00:00","dateModified":"2025-11-12T09:12:03+00:00","author":{"@id":"https:\/\/www.coflaspalmas.es\/#\/schema\/person\/ccf588cbe6c4345ebe4086a038142b96"},"breadcrumb":{"@id":"https:\/\/www.coflaspalmas.es\/hector-garcia-diaz-en-eeuu-el-farmaceutico-prescribe-en-nombre-del-medico\/#breadcrumb"},"inLanguage":"it-IT","potentialAction":[{"@type":"ReadAction","target":["https:\/\/www.coflaspalmas.es\/hector-garcia-diaz-en-eeuu-el-farmaceutico-prescribe-en-nombre-del-medico\/"]}]},{"@type":"ImageObject","inLanguage":"it-IT","@id":"https:\/\/www.coflaspalmas.es\/hector-garcia-diaz-en-eeuu-el-farmaceutico-prescribe-en-nombre-del-medico\/#primaryimage","url":"https:\/\/www.coflaspalmas.es\/wp-content\/uploads\/2024\/05\/Hector-Garcia-Diaz-1-205x300.jpg","contentUrl":"https:\/\/www.coflaspalmas.es\/wp-content\/uploads\/2024\/05\/Hector-Garcia-Diaz-1-205x300.jpg"},{"@type":"BreadcrumbList","@id":"https:\/\/www.coflaspalmas.es\/hector-garcia-diaz-en-eeuu-el-farmaceutico-prescribe-en-nombre-del-medico\/#breadcrumb","itemListElement":[{"@type":"ListItem","position":1,"name":"Portada","item":"https:\/\/www.coflaspalmas.es\/"},{"@type":"ListItem","position":2,"name":"H\u00e9ctor Garc\u00eda D\u00edaz: \u00abEn EEUU, el farmac\u00e9utico prescribe en nombre del m\u00e9dico\u00bb"}]},{"@type":"WebSite","@id":"https:\/\/www.coflaspalmas.es\/#website","url":"https:\/\/www.coflaspalmas.es\/","name":"COF Las Palmas","description":"Colegio de Farmac\u00e9uticos Las Palmas.","potentialAction":[{"@type":"SearchAction","target":{"@type":"EntryPoint","urlTemplate":"https:\/\/www.coflaspalmas.es\/?s={search_term_string}"},"query-input":{"@type":"PropertyValueSpecification","valueRequired":true,"valueName":"search_term_string"}}],"inLanguage":"it-IT"},{"@type":"Person","@id":"https:\/\/www.coflaspalmas.es\/#\/schema\/person\/ccf588cbe6c4345ebe4086a038142b96","name":"supporto","image":{"@type":"ImageObject","inLanguage":"it-IT","@id":"https:\/\/www.coflaspalmas.es\/#\/schema\/person\/image\/","url":"https:\/\/secure.gravatar.com\/avatar\/d654455f4c3e474456c4922a586b96e354b5a500cfe1f1f2f60ef083808bf21b?s=96&d=mm&r=g","contentUrl":"https:\/\/secure.gravatar.com\/avatar\/d654455f4c3e474456c4922a586b96e354b5a500cfe1f1f2f60ef083808bf21b?s=96&d=mm&r=g","caption":"soporte"},"url":"https:\/\/www.coflaspalmas.es\/it\/author\/soporte\/"}]}},"_links":{"self":[{"href":"https:\/\/www.coflaspalmas.es\/it\/wp-json\/wp\/v2\/posts\/77020","targetHints":{"allow":["GET"]}}],"collection":[{"href":"https:\/\/www.coflaspalmas.es\/it\/wp-json\/wp\/v2\/posts"}],"about":[{"href":"https:\/\/www.coflaspalmas.es\/it\/wp-json\/wp\/v2\/types\/post"}],"author":[{"embeddable":true,"href":"https:\/\/www.coflaspalmas.es\/it\/wp-json\/wp\/v2\/users\/2427"}],"replies":[{"embeddable":true,"href":"https:\/\/www.coflaspalmas.es\/it\/wp-json\/wp\/v2\/comments?post=77020"}],"version-history":[{"count":1,"href":"https:\/\/www.coflaspalmas.es\/it\/wp-json\/wp\/v2\/posts\/77020\/revisions"}],"predecessor-version":[{"id":26046599,"href":"https:\/\/www.coflaspalmas.es\/it\/wp-json\/wp\/v2\/posts\/77020\/revisions\/26046599"}],"wp:attachment":[{"href":"https:\/\/www.coflaspalmas.es\/it\/wp-json\/wp\/v2\/media?parent=77020"}],"wp:term":[{"taxonomy":"category","embeddable":true,"href":"https:\/\/www.coflaspalmas.es\/it\/wp-json\/wp\/v2\/categories?post=77020"},{"taxonomy":"post_tag","embeddable":true,"href":"https:\/\/www.coflaspalmas.es\/it\/wp-json\/wp\/v2\/tags?post=77020"}],"curies":[{"name":"wp","href":"https:\/\/api.w.org\/{rel}","templated":true}]}}